{"id":545,"date":"2023-07-01T20:47:08","date_gmt":"2023-07-01T18:47:08","guid":{"rendered":"https:\/\/blocsenresidencia.bcn.cat\/20222023\/2023\/07\/01\/la-presentacio-al-mas-guinardo\/"},"modified":"2023-07-01T20:47:08","modified_gmt":"2023-07-01T18:47:08","slug":"la-presentacio-al-mas-guinardo","status":"publish","type":"post","link":"https:\/\/blocsenresidencia.bcn.cat\/20222023\/2023\/07\/01\/la-presentacio-al-mas-guinardo\/","title":{"rendered":"La presentaci\u00f3 al Mas Guinard\u00f3"},"content":{"rendered":"<p>Des de <a href=\"https:\/\/blocsenresidencia.bcn.cat\/joanbrossa2023\/2023\/07\/01\/la-presentacio-al-mas-guinardo\/\">Curro Claret EN RESiD\u00c8NCiA<\/a><\/p>\n<div>\n<p>Hola, bona tarda,\u00a0<\/p>\n<p>Som alumnes de 4t d\u2019ESO de l\u2019Institut Joan Brossa i al llarg del curs hem participat en el projecte En Resid\u00e8ncia.\u00a0 En aquest projecte hem treballat\u00a0 setmanalment amb l\u2019artista Curro Claret.<\/p>\n<p>Avui us presentarem el resultat de el projecte de En Residencia, que hem creat amb el Curro, i amb l\u2019acompanyament de la nostra professora Adriana Zampa i de l\u2019Agn\u00e8s Sebasti\u00e0 de la coordinaci\u00f3 del programa.<\/p>\n<p>En el projecte de En Resid\u00e8ncia es tracta de fer una creaci\u00f3 amb un artista i a mesura que avan\u00e7a el curs anem decidint qu\u00e8 farem amb el projecte. Nosaltres vam decidir fer un projecte que consisteix en donar m\u00e9s visibilitzaci\u00f3 aquelles persones que s\u00f3n menys visibles, i aix\u00f2 ens va portar a fer uns jocs sobre perjudicis que s\u00f3n els que heu vingut a descobrir avui.<\/p>\n<p>Primer de tot vam estat preguntar-nos sobre quins col\u00b7lectius s\u00f3n els m\u00e9s invisibles que tenim a prop (al barri, a la ciutat) i vam estar parlant sobre: persones sense sostre, gent migrant sense papers, dones maltratadas, persones a disminuci\u00f3, persones grans, etc. Tamb\u00e9 vam veure que, malgrat que sabem que existeixen i els veiem, no tenim l\u2019oportunitat d\u2019intercanviar, parlar o compartir res amb aquestes persones. D\u2019aqu\u00ed va sortir la idea de jugar: potser el joc podria donar peu a la trobada? I tamb\u00e9 a parlar d\u2019alguns temes que habitualment no parlem?<\/p>\n<p>Al llarg del projecte ens hem trobat amb diferents persones:<\/p>\n<p>El Txapu, del Casal Mas Guinard\u00f3 que ens va obrir les portes d\u2019aquest espai, amb les persones del Taller ocupacional, que vam con\u00e8ixer i ens vam emocionar, amb els joves de \u2018Llar d\u2019oportunitats\u2019 amb qui vam descobrir com era d\u2019important l\u2019intercanvi de viv\u00e8ncies i tamb\u00e9 amb les persones de Nou horitz\u00f3, persones grans molt actives i amb moltes ganes de jugar! <\/p>\n<p>Ens hem adonat que \u00e9s important compartir moments amb qualsevol persona no importa de d\u2019on ets o com ets. El que importa \u00e9s compartir, passar-lo b\u00e9 i aix\u00f2, al final, ens fa entendre\u2019ns m\u00e9s. Tamb\u00e9 \u00e9s per conscienciar-nos que al cap i a la fi totes som persones.<\/p>\n<p>Hem desenvolupat 4 jocs amb el prop\u00f2sit de de tenir consci\u00e8ncia sobre alg\u00fan tema en especial i canviar els pensaments que tenim totes les dies:\u00a0<\/p>\n<p>\u2013 <em>Oca amb bast\u00f3<\/em>: sobre les dificultats i entrebancs de les persones grans al barri<br \/>\u2013 <em>Monopoly versi\u00f3 Guinard\u00f3<\/em>: sobre les dificultats de trobar habitatge i que siguin accessibles econ\u00f2micament<br \/>\u2013 <em>Memory dels prejudicis<\/em>: per fer mem\u00f2ria de prejudicis que encara son presents<br \/>\u2013 <em>Joc de la inclusi\u00f3<\/em>: a la manera del \u2018Virus\u2019, per fer presents algunes desigualtats<\/p>\n<p>Hem estat treballant molt amb aquests jocs. Hem fet un dispositiu m\u00f2bil per guardar-los i tamb\u00e9 que tingui taules i cadires per poder portar els jocs all\u00e0 on calgui. Avui, presentem el resultat de tot aquest proc\u00e9s.<\/p>\n<p>Primer de tot, donem les gr\u00e0cies al Curro per ajudar-nos i per indicarnos cada cosa per facilitar m\u00e9s el treball. Tamb\u00e9 a les tres entitats amb les que ens hem trobat al llarg del curs i al Casal Mas Guinard\u00f3 per l\u2019acollida. <br \/>A l\u2019Agn\u00e8s per donar suport, i documentar tot el projecte. I a l\u2019 Adriana Zampa per ajudar a continuar amb el projecte a cada sessi\u00f3, i per fer que aquest projecte es port\u00e9s a terme.<\/p>\n<p>Gr\u00e0cies a vosaltres per haver vingut i esperem que gaudiu d\u2019aquesta tarda compartint una estona jugant amb nosaltres.<\/p>\n<figure class=\"wp-block-image size-large\"><img loading=\"lazy\" decoding=\"async\" width=\"1024\" height=\"683\" src=\"https:\/\/blocsenresidencia.bcn.cat\/joanbrossa2023\/wp-content\/uploads\/2023\/06\/230614_Presentacio_CurroClaret_IJBrossa_34-1024x683.jpg\" alt=\"\" class=\"wp-image-306\" srcset=\"https:\/\/blocsenresidencia.bcn.cat\/joanbrossa2023\/wp-content\/uploads\/2023\/06\/230614_Presentacio_CurroClaret_IJBrossa_34-1024x683.jpg 1024w, https:\/\/blocsenresidencia.bcn.cat\/joanbrossa2023\/wp-content\/uploads\/2023\/06\/230614_Presentacio_CurroClaret_IJBrossa_34-300x200.jpg 300w, https:\/\/blocsenresidencia.bcn.cat\/joanbrossa2023\/wp-content\/uploads\/2023\/06\/230614_Presentacio_CurroClaret_IJBrossa_34-768x512.jpg 768w, https:\/\/blocsenresidencia.bcn.cat\/joanbrossa2023\/wp-content\/uploads\/2023\/06\/230614_Presentacio_CurroClaret_IJBrossa_34-1536x1024.jpg 1536w, https:\/\/blocsenresidencia.bcn.cat\/joanbrossa2023\/wp-content\/uploads\/2023\/06\/230614_Presentacio_CurroClaret_IJBrossa_34.jpg 1800w\" sizes=\"auto, (max-width: 767px) 89vw, (max-width: 1000px) 54vw, (max-width: 1071px) 543px, 580px\"><\/figure>\n<div class=\"wp-block-columns is-layout-flex wp-container-3\">\n<div class=\"wp-block-column is-layout-flow\" style=\"flex-basis:33.33%\">\n<figure class=\"wp-block-image size-large\"><img decoding=\"async\" loading=\"lazy\" width=\"1024\" height=\"768\" src=\"https:\/\/blocsenresidencia.bcn.cat\/joanbrossa2023\/wp-content\/uploads\/2023\/06\/230614_Presentacio_CurroClaret_IJBrossa_67-1-1024x768.jpg\" alt=\"\" class=\"wp-image-323\" srcset=\"https:\/\/blocsenresidencia.bcn.cat\/joanbrossa2023\/wp-content\/uploads\/2023\/06\/230614_Presentacio_CurroClaret_IJBrossa_67-1-1024x768.jpg 1024w, https:\/\/blocsenresidencia.bcn.cat\/joanbrossa2023\/wp-content\/uploads\/2023\/06\/230614_Presentacio_CurroClaret_IJBrossa_67-1-300x225.jpg 300w, https:\/\/blocsenresidencia.bcn.cat\/joanbrossa2023\/wp-content\/uploads\/2023\/06\/230614_Presentacio_CurroClaret_IJBrossa_67-1-768x576.jpg 768w, https:\/\/blocsenresidencia.bcn.cat\/joanbrossa2023\/wp-content\/uploads\/2023\/06\/230614_Presentacio_CurroClaret_IJBrossa_67-1.jpg 1200w\" sizes=\"auto, (max-width: 767px) 89vw, (max-width: 1000px) 54vw, (max-width: 1071px) 543px, 580px\"><\/figure>\n<\/div>\n<div class=\"wp-block-column is-layout-flow\" style=\"flex-basis:66.66%\">\n<figure class=\"wp-block-image size-large\"><img decoding=\"async\" loading=\"lazy\" width=\"1024\" height=\"768\" src=\"https:\/\/blocsenresidencia.bcn.cat\/joanbrossa2023\/wp-content\/uploads\/2023\/06\/230614_Presentacio_CurroClaret_IJBrossa_76-1-1024x768.jpg\" alt=\"\" class=\"wp-image-324\" srcset=\"https:\/\/blocsenresidencia.bcn.cat\/joanbrossa2023\/wp-content\/uploads\/2023\/06\/230614_Presentacio_CurroClaret_IJBrossa_76-1-1024x768.jpg 1024w, https:\/\/blocsenresidencia.bcn.cat\/joanbrossa2023\/wp-content\/uploads\/2023\/06\/230614_Presentacio_CurroClaret_IJBrossa_76-1-300x225.jpg 300w, https:\/\/blocsenresidencia.bcn.cat\/joanbrossa2023\/wp-content\/uploads\/2023\/06\/230614_Presentacio_CurroClaret_IJBrossa_76-1-768x576.jpg 768w, https:\/\/blocsenresidencia.bcn.cat\/joanbrossa2023\/wp-content\/uploads\/2023\/06\/230614_Presentacio_CurroClaret_IJBrossa_76-1.jpg 1200w\" sizes=\"auto, (max-width: 767px) 89vw, (max-width: 1000px) 54vw, (max-width: 1071px) 543px, 580px\"><\/figure>\n<\/div>\n<\/div>\n<div class=\"wp-block-columns is-layout-flex wp-container-6\">\n<div class=\"wp-block-column is-layout-flow\" style=\"flex-basis:66.66%\">\n<figure class=\"wp-block-image size-large\"><img decoding=\"async\" loading=\"lazy\" width=\"1024\" height=\"768\" src=\"https:\/\/blocsenresidencia.bcn.cat\/joanbrossa2023\/wp-content\/uploads\/2023\/06\/230614_Presentacio_CurroClaret_IJBrossa_158-1024x768.jpg\" alt=\"\" class=\"wp-image-328\" srcset=\"https:\/\/blocsenresidencia.bcn.cat\/joanbrossa2023\/wp-content\/uploads\/2023\/06\/230614_Presentacio_CurroClaret_IJBrossa_158-1024x768.jpg 1024w, https:\/\/blocsenresidencia.bcn.cat\/joanbrossa2023\/wp-content\/uploads\/2023\/06\/230614_Presentacio_CurroClaret_IJBrossa_158-300x225.jpg 300w, https:\/\/blocsenresidencia.bcn.cat\/joanbrossa2023\/wp-content\/uploads\/2023\/06\/230614_Presentacio_CurroClaret_IJBrossa_158-768x576.jpg 768w, https:\/\/blocsenresidencia.bcn.cat\/joanbrossa2023\/wp-content\/uploads\/2023\/06\/230614_Presentacio_CurroClaret_IJBrossa_158-1536x1152.jpg 1536w, https:\/\/blocsenresidencia.bcn.cat\/joanbrossa2023\/wp-content\/uploads\/2023\/06\/230614_Presentacio_CurroClaret_IJBrossa_158-2048x1536.jpg 2048w\" sizes=\"auto, (max-width: 767px) 89vw, (max-width: 1000px) 54vw, (max-width: 1071px) 543px, 580px\"><\/figure>\n<\/div>\n<div class=\"wp-block-column is-layout-flow\" style=\"flex-basis:33.33%\">\n<figure class=\"wp-block-image size-large\"><img decoding=\"async\" loading=\"lazy\" width=\"1024\" height=\"768\" src=\"https:\/\/blocsenresidencia.bcn.cat\/joanbrossa2023\/wp-content\/uploads\/2023\/06\/230614_Presentacio_CurroClaret_IJBrossa_160-1024x768.jpg\" alt=\"\" class=\"wp-image-326\" srcset=\"https:\/\/blocsenresidencia.bcn.cat\/joanbrossa2023\/wp-content\/uploads\/2023\/06\/230614_Presentacio_CurroClaret_IJBrossa_160-1024x768.jpg 1024w, https:\/\/blocsenresidencia.bcn.cat\/joanbrossa2023\/wp-content\/uploads\/2023\/06\/230614_Presentacio_CurroClaret_IJBrossa_160-300x225.jpg 300w, https:\/\/blocsenresidencia.bcn.cat\/joanbrossa2023\/wp-content\/uploads\/2023\/06\/230614_Presentacio_CurroClaret_IJBrossa_160-768x576.jpg 768w, https:\/\/blocsenresidencia.bcn.cat\/joanbrossa2023\/wp-content\/uploads\/2023\/06\/230614_Presentacio_CurroClaret_IJBrossa_160-1536x1152.jpg 1536w, https:\/\/blocsenresidencia.bcn.cat\/joanbrossa2023\/wp-content\/uploads\/2023\/06\/230614_Presentacio_CurroClaret_IJBrossa_160-2048x1536.jpg 2048w\" sizes=\"auto, (max-width: 767px) 89vw, (max-width: 1000px) 54vw, (max-width: 1071px) 543px, 580px\"><\/figure>\n<\/div>\n<\/div>\n<div class=\"wp-block-columns is-layout-flex wp-container-10\">\n<div class=\"wp-block-column is-layout-flow\" style=\"flex-basis:25%\">\n<figure class=\"wp-block-image size-large\"><img decoding=\"async\" loading=\"lazy\" width=\"1024\" height=\"768\" src=\"https:\/\/blocsenresidencia.bcn.cat\/joanbrossa2023\/wp-content\/uploads\/2023\/06\/230614_Presentacio_CurroClaret_IJBrossa_105-1-1024x768.jpg\" alt=\"\" class=\"wp-image-329\" srcset=\"https:\/\/blocsenresidencia.bcn.cat\/joanbrossa2023\/wp-content\/uploads\/2023\/06\/230614_Presentacio_CurroClaret_IJBrossa_105-1-1024x768.jpg 1024w, https:\/\/blocsenresidencia.bcn.cat\/joanbrossa2023\/wp-content\/uploads\/2023\/06\/230614_Presentacio_CurroClaret_IJBrossa_105-1-300x225.jpg 300w, https:\/\/blocsenresidencia.bcn.cat\/joanbrossa2023\/wp-content\/uploads\/2023\/06\/230614_Presentacio_CurroClaret_IJBrossa_105-1-768x576.jpg 768w, https:\/\/blocsenresidencia.bcn.cat\/joanbrossa2023\/wp-content\/uploads\/2023\/06\/230614_Presentacio_CurroClaret_IJBrossa_105-1-1536x1152.jpg 1536w, https:\/\/blocsenresidencia.bcn.cat\/joanbrossa2023\/wp-content\/uploads\/2023\/06\/230614_Presentacio_CurroClaret_IJBrossa_105-1-2048x1536.jpg 2048w\" sizes=\"auto, (max-width: 767px) 89vw, (max-width: 1000px) 54vw, (max-width: 1071px) 543px, 580px\"><\/figure>\n<figure class=\"wp-block-image size-large\"><img decoding=\"async\" loading=\"lazy\" width=\"768\" height=\"1024\" src=\"https:\/\/blocsenresidencia.bcn.cat\/joanbrossa2023\/wp-content\/uploads\/2023\/07\/IMG20230614170710-1-768x1024.jpg\" alt=\"\" class=\"wp-image-354\" srcset=\"https:\/\/blocsenresidencia.bcn.cat\/joanbrossa2023\/wp-content\/uploads\/2023\/07\/IMG20230614170710-1-768x1024.jpg 768w, https:\/\/blocsenresidencia.bcn.cat\/joanbrossa2023\/wp-content\/uploads\/2023\/07\/IMG20230614170710-1-225x300.jpg 225w, https:\/\/blocsenresidencia.bcn.cat\/joanbrossa2023\/wp-content\/uploads\/2023\/07\/IMG20230614170710-1-1152x1536.jpg 1152w, https:\/\/blocsenresidencia.bcn.cat\/joanbrossa2023\/wp-content\/uploads\/2023\/07\/IMG20230614170710-1-1536x2048.jpg 1536w, https:\/\/blocsenresidencia.bcn.cat\/joanbrossa2023\/wp-content\/uploads\/2023\/07\/IMG20230614170710-1-scaled.jpg 1920w\" sizes=\"auto, (max-width: 767px) 89vw, (max-width: 1000px) 54vw, (max-width: 1071px) 543px, 580px\"><\/figure>\n<\/div>\n<div class=\"wp-block-column is-layout-flow\" style=\"flex-basis:50%\">\n<figure class=\"wp-block-image size-large\"><img decoding=\"async\" loading=\"lazy\" width=\"908\" height=\"1210\" src=\"https:\/\/blocsenresidencia.bcn.cat\/joanbrossa2023\/wp-content\/uploads\/2023\/06\/230614_Presentacio_CurroClaret_IJBrossa_184-1-edited.jpg\" alt=\"\" class=\"wp-image-334\" srcset=\"https:\/\/blocsenresidencia.bcn.cat\/joanbrossa2023\/wp-content\/uploads\/2023\/06\/230614_Presentacio_CurroClaret_IJBrossa_184-1-edited.jpg 908w, https:\/\/blocsenresidencia.bcn.cat\/joanbrossa2023\/wp-content\/uploads\/2023\/06\/230614_Presentacio_CurroClaret_IJBrossa_184-1-edited-225x300.jpg 225w, https:\/\/blocsenresidencia.bcn.cat\/joanbrossa2023\/wp-content\/uploads\/2023\/06\/230614_Presentacio_CurroClaret_IJBrossa_184-1-edited-768x1023.jpg 768w\" sizes=\"auto, (max-width: 767px) 89vw, (max-width: 1000px) 54vw, (max-width: 1071px) 543px, 580px\"><\/figure>\n<figure class=\"wp-block-image size-large\"><img decoding=\"async\" loading=\"lazy\" width=\"1024\" height=\"683\" src=\"https:\/\/blocsenresidencia.bcn.cat\/joanbrossa2023\/wp-content\/uploads\/2023\/06\/230614_Presentacio_CurroClaret_IJBrossa_26-1-1024x683.jpg\" alt=\"\" class=\"wp-image-336\" srcset=\"https:\/\/blocsenresidencia.bcn.cat\/joanbrossa2023\/wp-content\/uploads\/2023\/06\/230614_Presentacio_CurroClaret_IJBrossa_26-1-1024x683.jpg 1024w, https:\/\/blocsenresidencia.bcn.cat\/joanbrossa2023\/wp-content\/uploads\/2023\/06\/230614_Presentacio_CurroClaret_IJBrossa_26-1-300x200.jpg 300w, https:\/\/blocsenresidencia.bcn.cat\/joanbrossa2023\/wp-content\/uploads\/2023\/06\/230614_Presentacio_CurroClaret_IJBrossa_26-1-768x512.jpg 768w, https:\/\/blocsenresidencia.bcn.cat\/joanbrossa2023\/wp-content\/uploads\/2023\/06\/230614_Presentacio_CurroClaret_IJBrossa_26-1-1536x1024.jpg 1536w, https:\/\/blocsenresidencia.bcn.cat\/joanbrossa2023\/wp-content\/uploads\/2023\/06\/230614_Presentacio_CurroClaret_IJBrossa_26-1.jpg 1800w\" sizes=\"auto, (max-width: 767px) 89vw, (max-width: 1000px) 54vw, (max-width: 1071px) 543px, 580px\"><\/figure>\n<\/div>\n<div class=\"wp-block-column is-layout-flow\" style=\"flex-basis:25%\">\n<figure class=\"wp-block-image size-large\"><img decoding=\"async\" loading=\"lazy\" width=\"1024\" height=\"683\" src=\"https:\/\/blocsenresidencia.bcn.cat\/joanbrossa2023\/wp-content\/uploads\/2023\/06\/230614_Presentacio_CurroClaret_IJBrossa_14-3-1024x683.jpg\" alt=\"\" class=\"wp-image-335\" srcset=\"https:\/\/blocsenresidencia.bcn.cat\/joanbrossa2023\/wp-content\/uploads\/2023\/06\/230614_Presentacio_CurroClaret_IJBrossa_14-3-1024x683.jpg 1024w, https:\/\/blocsenresidencia.bcn.cat\/joanbrossa2023\/wp-content\/uploads\/2023\/06\/230614_Presentacio_CurroClaret_IJBrossa_14-3-300x200.jpg 300w, https:\/\/blocsenresidencia.bcn.cat\/joanbrossa2023\/wp-content\/uploads\/2023\/06\/230614_Presentacio_CurroClaret_IJBrossa_14-3-768x512.jpg 768w, https:\/\/blocsenresidencia.bcn.cat\/joanbrossa2023\/wp-content\/uploads\/2023\/06\/230614_Presentacio_CurroClaret_IJBrossa_14-3-1536x1024.jpg 1536w, https:\/\/blocsenresidencia.bcn.cat\/joanbrossa2023\/wp-content\/uploads\/2023\/06\/230614_Presentacio_CurroClaret_IJBrossa_14-3.jpg 1800w\" sizes=\"auto, (max-width: 767px) 89vw, (max-width: 1000px) 54vw, (max-width: 1071px) 543px, 580px\"><\/figure>\n<\/div>\n<\/div>\n<div class=\"wp-block-columns is-layout-flex wp-container-13\">\n<div class=\"wp-block-column is-layout-flow\">\n<figure class=\"wp-block-image size-large\"><img decoding=\"async\" loading=\"lazy\" width=\"1024\" height=\"768\" src=\"https:\/\/blocsenresidencia.bcn.cat\/joanbrossa2023\/wp-content\/uploads\/2023\/06\/230614_Presentacio_CurroClaret_IJBrossa_71-1-1024x768.jpg\" alt=\"\" class=\"wp-image-337\" srcset=\"https:\/\/blocsenresidencia.bcn.cat\/joanbrossa2023\/wp-content\/uploads\/2023\/06\/230614_Presentacio_CurroClaret_IJBrossa_71-1-1024x768.jpg 1024w, https:\/\/blocsenresidencia.bcn.cat\/joanbrossa2023\/wp-content\/uploads\/2023\/06\/230614_Presentacio_CurroClaret_IJBrossa_71-1-300x225.jpg 300w, https:\/\/blocsenresidencia.bcn.cat\/joanbrossa2023\/wp-content\/uploads\/2023\/06\/230614_Presentacio_CurroClaret_IJBrossa_71-1-768x576.jpg 768w, https:\/\/blocsenresidencia.bcn.cat\/joanbrossa2023\/wp-content\/uploads\/2023\/06\/230614_Presentacio_CurroClaret_IJBrossa_71-1.jpg 1200w\" sizes=\"auto, (max-width: 767px) 89vw, (max-width: 1000px) 54vw, (max-width: 1071px) 543px, 580px\"><\/figure>\n<\/div>\n<div class=\"wp-block-column is-layout-flow\">\n<figure class=\"wp-block-image size-large\"><img decoding=\"async\" loading=\"lazy\" width=\"1024\" height=\"768\" src=\"https:\/\/blocsenresidencia.bcn.cat\/joanbrossa2023\/wp-content\/uploads\/2023\/06\/230614_Presentacio_CurroClaret_IJBrossa_69-1-1024x768.jpg\" alt=\"\" class=\"wp-image-338\" srcset=\"https:\/\/blocsenresidencia.bcn.cat\/joanbrossa2023\/wp-content\/uploads\/2023\/06\/230614_Presentacio_CurroClaret_IJBrossa_69-1-1024x768.jpg 1024w, https:\/\/blocsenresidencia.bcn.cat\/joanbrossa2023\/wp-content\/uploads\/2023\/06\/230614_Presentacio_CurroClaret_IJBrossa_69-1-300x225.jpg 300w, https:\/\/blocsenresidencia.bcn.cat\/joanbrossa2023\/wp-content\/uploads\/2023\/06\/230614_Presentacio_CurroClaret_IJBrossa_69-1-768x576.jpg 768w, https:\/\/blocsenresidencia.bcn.cat\/joanbrossa2023\/wp-content\/uploads\/2023\/06\/230614_Presentacio_CurroClaret_IJBrossa_69-1.jpg 1200w\" sizes=\"auto, (max-width: 767px) 89vw, (max-width: 1000px) 54vw, (max-width: 1071px) 543px, 580px\"><\/figure>\n<\/div>\n<\/div>\n<\/div>\n","protected":false},"excerpt":{"rendered":"<p>Des de Curro Claret EN RESiD\u00c8NCiA Hola, bona tarda,\u00a0 Som alumnes de 4t d\u2019ESO de l\u2019Institut Joan Brossa i al llarg del curs hem participat en el projecte En Resid\u00e8ncia.\u00a0 En aquest projecte hem treballat\u00a0 setmanalment amb l\u2019artista Curro Claret. Avui us presentarem el resultat de el projecte de En Residencia, que hem creat amb &hellip; <\/p>\n<p class=\"link-more\"><a href=\"https:\/\/blocsenresidencia.bcn.cat\/20222023\/2023\/07\/01\/la-presentacio-al-mas-guinardo\/\" class=\"more-link\">Continua llegint <span class=\"screen-reader-text\">\u00abLa presentaci\u00f3 al Mas Guinard\u00f3\u00bb<\/span><\/a><\/p>\n","protected":false},"author":5,"featured_media":0,"comment_status":"open","ping_status":"closed","sticky":false,"template":"","format":"standard","meta":{"footnotes":""},"categories":[1],"tags":[],"class_list":["post-545","post","type-post","status-publish","format-standard","hentry","category-general"],"_links":{"self":[{"href":"https:\/\/blocsenresidencia.bcn.cat\/20222023\/wp-json\/wp\/v2\/posts\/545","targetHints":{"allow":["GET"]}}],"collection":[{"href":"https:\/\/blocsenresidencia.bcn.cat\/20222023\/wp-json\/wp\/v2\/posts"}],"about":[{"href":"https:\/\/blocsenresidencia.bcn.cat\/20222023\/wp-json\/wp\/v2\/types\/post"}],"author":[{"embeddable":true,"href":"https:\/\/blocsenresidencia.bcn.cat\/20222023\/wp-json\/wp\/v2\/users\/5"}],"replies":[{"embeddable":true,"href":"https:\/\/blocsenresidencia.bcn.cat\/20222023\/wp-json\/wp\/v2\/comments?post=545"}],"version-history":[{"count":0,"href":"https:\/\/blocsenresidencia.bcn.cat\/20222023\/wp-json\/wp\/v2\/posts\/545\/revisions"}],"wp:attachment":[{"href":"https:\/\/blocsenresidencia.bcn.cat\/20222023\/wp-json\/wp\/v2\/media?parent=545"}],"wp:term":[{"taxonomy":"category","embeddable":true,"href":"https:\/\/blocsenresidencia.bcn.cat\/20222023\/wp-json\/wp\/v2\/categories?post=545"},{"taxonomy":"post_tag","embeddable":true,"href":"https:\/\/blocsenresidencia.bcn.cat\/20222023\/wp-json\/wp\/v2\/tags?post=545"}],"curies":[{"name":"wp","href":"https:\/\/api.w.org\/{rel}","templated":true}]}}