{"id":559,"date":"2023-07-12T14:25:55","date_gmt":"2023-07-12T12:25:55","guid":{"rendered":"https:\/\/blocsenresidencia.bcn.cat\/20222023\/2023\/07\/12\/accio-final-calar-una-xarxa-sobre-les-runes\/"},"modified":"2023-07-12T14:25:55","modified_gmt":"2023-07-12T12:25:55","slug":"accio-final-calar-una-xarxa-sobre-les-runes","status":"publish","type":"post","link":"https:\/\/blocsenresidencia.bcn.cat\/20222023\/2023\/07\/12\/accio-final-calar-una-xarxa-sobre-les-runes\/","title":{"rendered":"Acci\u00f3 final: CALAR UNA XARXA SOBRE LES RUNES"},"content":{"rendered":"<p>Des de <a href=\"https:\/\/blocsenresidencia.bcn.cat\/eljoncar2023\/2023\/07\/10\/accio-final-calar-una-xarxa-sobre-les-runes\/\">Marta Bisbal EN RESiD\u00c8NCiA<\/a><\/p>\n<div>\n<p>Un gest: calar una xarxa. Un gest per fer visible una forma de vida minorit\u00e0ria, una activitat gaireb\u00e9 extingida al front mar\u00edtim del barri del Poblenou. Agafar una xarxa i calar-la en un mar que ja  no \u00e9s mar, que estava vora les f\u00e0briques i les barraques, que va ser un abocador de runa i deixalles, que rebia les aig\u00fces residuals de la ciutat, on s\u2019hi han acabat construint zones verdes i gratacels. Un gest: caminar juntes en una acci\u00f3 performativa i col\u00b7lectiva. <\/p>\n<figure class=\"wp-block-gallery has-nested-images columns-default is-cropped wp-block-gallery-1 is-layout-flex\">\n<figure class=\"wp-block-image size-large\"><img loading=\"lazy\" decoding=\"async\" width=\"1024\" height=\"683\" data-id=\"203\" src=\"https:\/\/blocsenresidencia.bcn.cat\/eljoncar2023\/wp-content\/uploads\/2023\/07\/230531_MartaBisbal_PerformanceFinal_06102-1-1024x683.jpg\" alt=\"\" class=\"wp-image-203\" srcset=\"https:\/\/blocsenresidencia.bcn.cat\/eljoncar2023\/wp-content\/uploads\/2023\/07\/230531_MartaBisbal_PerformanceFinal_06102-1-1024x683.jpg 1024w, https:\/\/blocsenresidencia.bcn.cat\/eljoncar2023\/wp-content\/uploads\/2023\/07\/230531_MartaBisbal_PerformanceFinal_06102-1-300x200.jpg 300w, https:\/\/blocsenresidencia.bcn.cat\/eljoncar2023\/wp-content\/uploads\/2023\/07\/230531_MartaBisbal_PerformanceFinal_06102-1-768x512.jpg 768w, https:\/\/blocsenresidencia.bcn.cat\/eljoncar2023\/wp-content\/uploads\/2023\/07\/230531_MartaBisbal_PerformanceFinal_06102-1-1536x1024.jpg 1536w\" sizes=\"auto, (max-width: 767px) 89vw, (max-width: 1000px) 54vw, (max-width: 1071px) 543px, 580px\"><\/figure>\n<figure class=\"wp-block-image size-large\"><img decoding=\"async\" loading=\"lazy\" width=\"1024\" height=\"683\" data-id=\"208\" src=\"https:\/\/blocsenresidencia.bcn.cat\/eljoncar2023\/wp-content\/uploads\/2023\/07\/230531_MartaBisbal_PerformanceFinal_11606-1-1024x683.jpg\" alt=\"\" class=\"wp-image-208\" srcset=\"https:\/\/blocsenresidencia.bcn.cat\/eljoncar2023\/wp-content\/uploads\/2023\/07\/230531_MartaBisbal_PerformanceFinal_11606-1-1024x683.jpg 1024w, https:\/\/blocsenresidencia.bcn.cat\/eljoncar2023\/wp-content\/uploads\/2023\/07\/230531_MartaBisbal_PerformanceFinal_11606-1-300x200.jpg 300w, https:\/\/blocsenresidencia.bcn.cat\/eljoncar2023\/wp-content\/uploads\/2023\/07\/230531_MartaBisbal_PerformanceFinal_11606-1-768x512.jpg 768w, https:\/\/blocsenresidencia.bcn.cat\/eljoncar2023\/wp-content\/uploads\/2023\/07\/230531_MartaBisbal_PerformanceFinal_11606-1-1536x1024.jpg 1536w\" sizes=\"auto, (max-width: 767px) 89vw, (max-width: 1000px) 54vw, (max-width: 1071px) 543px, 580px\"><\/figure>\n<figure class=\"wp-block-image size-large\"><img decoding=\"async\" loading=\"lazy\" width=\"1024\" height=\"683\" data-id=\"209\" src=\"https:\/\/blocsenresidencia.bcn.cat\/eljoncar2023\/wp-content\/uploads\/2023\/07\/230531_MartaBisbal_PerformanceFinal_19011-1-1024x683.jpg\" alt=\"\" class=\"wp-image-209\" srcset=\"https:\/\/blocsenresidencia.bcn.cat\/eljoncar2023\/wp-content\/uploads\/2023\/07\/230531_MartaBisbal_PerformanceFinal_19011-1-1024x683.jpg 1024w, https:\/\/blocsenresidencia.bcn.cat\/eljoncar2023\/wp-content\/uploads\/2023\/07\/230531_MartaBisbal_PerformanceFinal_19011-1-300x200.jpg 300w, https:\/\/blocsenresidencia.bcn.cat\/eljoncar2023\/wp-content\/uploads\/2023\/07\/230531_MartaBisbal_PerformanceFinal_19011-1-768x512.jpg 768w, https:\/\/blocsenresidencia.bcn.cat\/eljoncar2023\/wp-content\/uploads\/2023\/07\/230531_MartaBisbal_PerformanceFinal_19011-1-1536x1024.jpg 1536w\" sizes=\"auto, (max-width: 767px) 89vw, (max-width: 1000px) 54vw, (max-width: 1071px) 543px, 580px\"><\/figure>\n<figure class=\"wp-block-image size-large\"><img decoding=\"async\" loading=\"lazy\" width=\"1024\" height=\"683\" data-id=\"210\" src=\"https:\/\/blocsenresidencia.bcn.cat\/eljoncar2023\/wp-content\/uploads\/2023\/07\/230531_MartaBisbal_PerformanceFinal_26217-1024x683.jpg\" alt=\"\" class=\"wp-image-210\" srcset=\"https:\/\/blocsenresidencia.bcn.cat\/eljoncar2023\/wp-content\/uploads\/2023\/07\/230531_MartaBisbal_PerformanceFinal_26217-1024x683.jpg 1024w, https:\/\/blocsenresidencia.bcn.cat\/eljoncar2023\/wp-content\/uploads\/2023\/07\/230531_MartaBisbal_PerformanceFinal_26217-300x200.jpg 300w, https:\/\/blocsenresidencia.bcn.cat\/eljoncar2023\/wp-content\/uploads\/2023\/07\/230531_MartaBisbal_PerformanceFinal_26217-768x512.jpg 768w, https:\/\/blocsenresidencia.bcn.cat\/eljoncar2023\/wp-content\/uploads\/2023\/07\/230531_MartaBisbal_PerformanceFinal_26217-1536x1024.jpg 1536w\" sizes=\"auto, (max-width: 767px) 89vw, (max-width: 1000px) 54vw, (max-width: 1071px) 543px, 580px\"><\/figure>\n<figure class=\"wp-block-image size-large\"><img decoding=\"async\" loading=\"lazy\" width=\"1024\" height=\"683\" data-id=\"202\" src=\"https:\/\/blocsenresidencia.bcn.cat\/eljoncar2023\/wp-content\/uploads\/2023\/07\/230531_MartaBisbal_PerformanceFinal_39129-1024x683.jpg\" alt=\"\" class=\"wp-image-202\" srcset=\"https:\/\/blocsenresidencia.bcn.cat\/eljoncar2023\/wp-content\/uploads\/2023\/07\/230531_MartaBisbal_PerformanceFinal_39129-1024x683.jpg 1024w, https:\/\/blocsenresidencia.bcn.cat\/eljoncar2023\/wp-content\/uploads\/2023\/07\/230531_MartaBisbal_PerformanceFinal_39129-300x200.jpg 300w, https:\/\/blocsenresidencia.bcn.cat\/eljoncar2023\/wp-content\/uploads\/2023\/07\/230531_MartaBisbal_PerformanceFinal_39129-768x512.jpg 768w, https:\/\/blocsenresidencia.bcn.cat\/eljoncar2023\/wp-content\/uploads\/2023\/07\/230531_MartaBisbal_PerformanceFinal_39129-1536x1024.jpg 1536w\" sizes=\"auto, (max-width: 767px) 89vw, (max-width: 1000px) 54vw, (max-width: 1071px) 543px, 580px\"><\/figure>\n<figure class=\"wp-block-image size-large\"><img decoding=\"async\" loading=\"lazy\" width=\"1024\" height=\"683\" data-id=\"212\" src=\"https:\/\/blocsenresidencia.bcn.cat\/eljoncar2023\/wp-content\/uploads\/2023\/07\/230531_MartaBisbal_PerformanceFinal_39830-1-1024x683.jpg\" alt=\"\" class=\"wp-image-212\" srcset=\"https:\/\/blocsenresidencia.bcn.cat\/eljoncar2023\/wp-content\/uploads\/2023\/07\/230531_MartaBisbal_PerformanceFinal_39830-1-1024x683.jpg 1024w, https:\/\/blocsenresidencia.bcn.cat\/eljoncar2023\/wp-content\/uploads\/2023\/07\/230531_MartaBisbal_PerformanceFinal_39830-1-300x200.jpg 300w, https:\/\/blocsenresidencia.bcn.cat\/eljoncar2023\/wp-content\/uploads\/2023\/07\/230531_MartaBisbal_PerformanceFinal_39830-1-768x512.jpg 768w, https:\/\/blocsenresidencia.bcn.cat\/eljoncar2023\/wp-content\/uploads\/2023\/07\/230531_MartaBisbal_PerformanceFinal_39830-1-1536x1024.jpg 1536w\" sizes=\"auto, (max-width: 767px) 89vw, (max-width: 1000px) 54vw, (max-width: 1071px) 543px, 580px\"><\/figure>\n<\/figure>\n<figure class=\"wp-block-embed is-type-video is-provider-vimeo wp-block-embed-vimeo wp-embed-aspect-16-9 wp-has-aspect-ratio\">\n<div class=\"wp-block-embed__wrapper\">\n<iframe loading=\"lazy\" title=\"EnResidencia_MartaBisbal_ElJoncar_AccioFinal_Export\" src=\"https:\/\/player.vimeo.com\/video\/843820417?dnt=1&amp;app_id=122963\" width=\"525\" height=\"295\" frameborder=\"0\" allow=\"autoplay; fullscreen; picture-in-picture\" allowfullscreen><\/iframe>\n<\/div>\n<\/figure>\n<p>Agra\u00efm als pescadors del Poblenou, a totes les persones que han participat de l\u2019acci\u00f3 i a totes les persones que l\u2019han fet possible.<\/p>\n<p> A l\u2019Arxiu Hist\u00f2ric del Poblenou-AHPN, a la  Base N\u00e0utica de la Mar Bella, a Maria Fav\u00e0, a l\u2019\u00c1ngel Matamoros, al Pep Maulini, al Restaurant Els Pescadors, al MUHBA Oliva Art\u00e9s.<\/p>\n<\/div>\n","protected":false},"excerpt":{"rendered":"<p>Des de Marta Bisbal EN RESiD\u00c8NCiA Un gest: calar una xarxa. Un gest per fer visible una forma de vida minorit\u00e0ria, una activitat gaireb\u00e9 extingida al front mar\u00edtim del barri del Poblenou. Agafar una xarxa i calar-la en un mar que ja no \u00e9s mar, que estava vora les f\u00e0briques i les barraques, que va &hellip; <\/p>\n<p class=\"link-more\"><a href=\"https:\/\/blocsenresidencia.bcn.cat\/20222023\/2023\/07\/12\/accio-final-calar-una-xarxa-sobre-les-runes\/\" class=\"more-link\">Continua llegint <span class=\"screen-reader-text\">\u00abAcci\u00f3 final: CALAR UNA XARXA SOBRE LES RUNES\u00bb<\/span><\/a><\/p>\n","protected":false},"author":5,"featured_media":0,"comment_status":"closed","ping_status":"closed","sticky":false,"template":"","format":"standard","meta":{"footnotes":""},"categories":[1],"tags":[],"class_list":["post-559","post","type-post","status-publish","format-standard","hentry","category-general"],"_links":{"self":[{"href":"https:\/\/blocsenresidencia.bcn.cat\/20222023\/wp-json\/wp\/v2\/posts\/559","targetHints":{"allow":["GET"]}}],"collection":[{"href":"https:\/\/blocsenresidencia.bcn.cat\/20222023\/wp-json\/wp\/v2\/posts"}],"about":[{"href":"https:\/\/blocsenresidencia.bcn.cat\/20222023\/wp-json\/wp\/v2\/types\/post"}],"author":[{"embeddable":true,"href":"https:\/\/blocsenresidencia.bcn.cat\/20222023\/wp-json\/wp\/v2\/users\/5"}],"replies":[{"embeddable":true,"href":"https:\/\/blocsenresidencia.bcn.cat\/20222023\/wp-json\/wp\/v2\/comments?post=559"}],"version-history":[{"count":0,"href":"https:\/\/blocsenresidencia.bcn.cat\/20222023\/wp-json\/wp\/v2\/posts\/559\/revisions"}],"wp:attachment":[{"href":"https:\/\/blocsenresidencia.bcn.cat\/20222023\/wp-json\/wp\/v2\/media?parent=559"}],"wp:term":[{"taxonomy":"category","embeddable":true,"href":"https:\/\/blocsenresidencia.bcn.cat\/20222023\/wp-json\/wp\/v2\/categories?post=559"},{"taxonomy":"post_tag","embeddable":true,"href":"https:\/\/blocsenresidencia.bcn.cat\/20222023\/wp-json\/wp\/v2\/tags?post=559"}],"curies":[{"name":"wp","href":"https:\/\/api.w.org\/{rel}","templated":true}]}}