{"id":565,"date":"2025-11-18T16:52:35","date_gmt":"2025-11-18T14:52:35","guid":{"rendered":"https:\/\/blocsenresidencia.bcn.cat\/20222023\/2025\/11\/18\/new-order-new-fancy-oscar-martin-en-residencia-a-linstitut-zafra\/"},"modified":"2025-11-18T16:52:35","modified_gmt":"2025-11-18T14:52:35","slug":"new-order-new-fancy-oscar-martin-en-residencia-a-linstitut-zafra","status":"publish","type":"post","link":"https:\/\/blocsenresidencia.bcn.cat\/20222023\/2025\/11\/18\/new-order-new-fancy-oscar-martin-en-residencia-a-linstitut-zafra\/","title":{"rendered":"NEW ORDER NEW FANCY \u00d3scar Mart\u00edn EN RESID\u00c8NCIA a l\u2019Institut Zafra"},"content":{"rendered":"<p>Des de <a href=\"https:\/\/blocsenresidencia.bcn.cat\/20192020\/2020\/06\/18\/new-order-new-fancy-oscar-martin-en-residencia-a-linstitut-zafra-2\/\">Curro Claret EN RESiD\u00c8NCiA<\/a><\/p>\n<div>\n<p>Des de \u00d3scar Mart\u00edn EN RESID\u00c8NCIA <a href=\"https:\/\/blocsenresidencia.bcn.cat\/juanmanuelzafra1920\/2020\/06\/16\/new-order-new-fancy-osca-martin-en-residencia-a-linstitut-zafra\/\">https:\/\/blocsenresidencia.bcn.cat\/juanmanuelzafra1920\/2020\/06\/16\/new-order-new-fancy-osca-martin-en-residencia-a-linstitut-zafra\/<\/a><\/p>\n<p><strong>New Order New Fancy<\/strong><\/p>\n<p>\u201cNew Order\u201d per la situaci\u00f3 especial que ens ha tocat viure derivada d\u2019aquesta pand\u00e8mia global, y \u201cNew Fancy\u201d en nom de pa potencialitat d\u2019aprendre i generar realitats i noves connexions creatives, positives i imaginatives. Fantasia, goig i creativitat com a eines. Presentem una s\u00e8ries de peces sonores, dibuixos i partitures experimentals que hem anat desenvolupant durant aquest per\u00edode.  Ens hem inspirat en all\u00f2 sensorial, en l\u2019escolta atenta i en experi\u00e8ncies sinest\u00e8siques, hem anat filant traduccions, seguint mapes i connectant sons. Llancem el nostre material a l\u2019univers virtual acompanyat tamb\u00e9 d\u2019una pe\u00e7a audiovisual feta amb la col.laboraci\u00f3 de l\u2019artista Violeta Mayoral.<\/p>\n<p>\u00d3scar Mart\u00edn<\/p>\n<p><strong>\u201c<\/strong>New Order\u201d por la situaci\u00f3n tan especial que nos est\u00e1 tocando vivir con esta pandemia mundial y \u201cNew Fancy\u201d en aras de la potencialidad de aprender y generar realidades y nuevas conexiones creativas, positivas e imaginativas. Fantas\u00eda, gozo y creatividad como herramientas. Presentamos una serie de piezas sonoras, dibujos y partituras experimentales que hemos ido desarrollando durante este periodo. Inspir\u00e1ndonos en lo sensorial, en la escucha atenta y en experiencias sinest\u00e9sicas hemos ido hilando traducciones, seguido mapas y conectado sonidos. Lanzamos nuestros material al universo virtual acompa\u00f1ado tambi\u00e9n de una pieza audiovisual hecha en colaboraci\u00f3n con la artista Violeta Mayoral.<a href=\"https:\/\/noish.bandcamp.com\/album\/new-order-new-fancy\"> <\/a><\/p>\n<p>\u00d3scar Mart\u00edn<\/p>\n<div class=\"wp-block-button\"><a class=\"wp-block-button__link\" href=\"http:\/\/noconventions.mobi\/noish\/hotglue\/?newordernewfancy\/\">NEW ORDER NEW FANCY<br \/>WEB<\/a><\/div>\n<figure class=\"wp-block-embed-vimeo wp-block-embed is-type-video is-provider-vimeo wp-embed-aspect-16-9 wp-has-aspect-ratio\">\n<div class=\"wp-block-embed__wrapper\">\n<iframe loading=\"lazy\" title=\"New Order New Fancy ENRESIDENCIA\" src=\"https:\/\/player.vimeo.com\/video\/429662236?dnt=1&amp;app_id=122963\" width=\"525\" height=\"295\" frameborder=\"0\" allow=\"autoplay; fullscreen\" allowfullscreen><\/iframe>\n<\/div>\n<\/figure>\n<figure class=\"wp-block-image\"><img decoding=\"async\" src=\"https:\/\/blocsenresidencia.bcn.cat\/juanmanuelzafra1920\/wp-content\/uploads\/2020\/06\/a0322712794_16.jpg\" alt=\"\" class=\"wp-image-310\" srcset=\"https:\/\/blocsenresidencia.bcn.cat\/juanmanuelzafra1920\/wp-content\/uploads\/2020\/06\/a0322712794_16.jpg 700w, https:\/\/blocsenresidencia.bcn.cat\/juanmanuelzafra1920\/wp-content\/uploads\/2020\/06\/a0322712794_16-150x150.jpg 150w, https:\/\/blocsenresidencia.bcn.cat\/juanmanuelzafra1920\/wp-content\/uploads\/2020\/06\/a0322712794_16-300x300.jpg 300w, https:\/\/blocsenresidencia.bcn.cat\/juanmanuelzafra1920\/wp-content\/uploads\/2020\/06\/a0322712794_16-100x100.jpg 100w\" sizes=\"(max-width: 700px) 100vw, 700px\"><\/figure>\n<\/div>\n","protected":false},"excerpt":{"rendered":"<p>Des de Curro Claret EN RESiD\u00c8NCiA Des de \u00d3scar Mart\u00edn EN RESID\u00c8NCIA https:\/\/blocsenresidencia.bcn.cat\/juanmanuelzafra1920\/2020\/06\/16\/new-order-new-fancy-osca-martin-en-residencia-a-linstitut-zafra\/ New Order New Fancy \u201cNew Order\u201d per la situaci\u00f3 especial que ens ha tocat viure derivada d\u2019aquesta pand\u00e8mia global, y \u201cNew Fancy\u201d en nom de pa potencialitat d\u2019aprendre i generar realitats i noves connexions creatives, positives i imaginatives. Fantasia, goig i creativitat &hellip; <\/p>\n<p class=\"link-more\"><a href=\"https:\/\/blocsenresidencia.bcn.cat\/20222023\/2025\/11\/18\/new-order-new-fancy-oscar-martin-en-residencia-a-linstitut-zafra\/\" class=\"more-link\">Continua llegint <span class=\"screen-reader-text\">\u00abNEW ORDER NEW FANCY \u00d3scar Mart\u00edn EN RESID\u00c8NCIA a l\u2019Institut Zafra\u00bb<\/span><\/a><\/p>\n","protected":false},"author":5,"featured_media":0,"comment_status":"open","ping_status":"closed","sticky":false,"template":"","format":"standard","meta":{"footnotes":""},"categories":[1],"tags":[],"class_list":["post-565","post","type-post","status-publish","format-standard","hentry","category-general"],"_links":{"self":[{"href":"https:\/\/blocsenresidencia.bcn.cat\/20222023\/wp-json\/wp\/v2\/posts\/565","targetHints":{"allow":["GET"]}}],"collection":[{"href":"https:\/\/blocsenresidencia.bcn.cat\/20222023\/wp-json\/wp\/v2\/posts"}],"about":[{"href":"https:\/\/blocsenresidencia.bcn.cat\/20222023\/wp-json\/wp\/v2\/types\/post"}],"author":[{"embeddable":true,"href":"https:\/\/blocsenresidencia.bcn.cat\/20222023\/wp-json\/wp\/v2\/users\/5"}],"replies":[{"embeddable":true,"href":"https:\/\/blocsenresidencia.bcn.cat\/20222023\/wp-json\/wp\/v2\/comments?post=565"}],"version-history":[{"count":0,"href":"https:\/\/blocsenresidencia.bcn.cat\/20222023\/wp-json\/wp\/v2\/posts\/565\/revisions"}],"wp:attachment":[{"href":"https:\/\/blocsenresidencia.bcn.cat\/20222023\/wp-json\/wp\/v2\/media?parent=565"}],"wp:term":[{"taxonomy":"category","embeddable":true,"href":"https:\/\/blocsenresidencia.bcn.cat\/20222023\/wp-json\/wp\/v2\/categories?post=565"},{"taxonomy":"post_tag","embeddable":true,"href":"https:\/\/blocsenresidencia.bcn.cat\/20222023\/wp-json\/wp\/v2\/tags?post=565"}],"curies":[{"name":"wp","href":"https:\/\/api.w.org\/{rel}","templated":true}]}}