{"id":566,"date":"2025-11-18T16:52:35","date_gmt":"2025-11-18T14:52:35","guid":{"rendered":"https:\/\/blocsenresidencia.bcn.cat\/20222023\/2025\/11\/18\/beatriz-fernandez-a-linstitut-pedralbes\/"},"modified":"2025-11-18T16:52:35","modified_gmt":"2025-11-18T14:52:35","slug":"beatriz-fernandez-a-linstitut-pedralbes","status":"publish","type":"post","link":"https:\/\/blocsenresidencia.bcn.cat\/20222023\/2025\/11\/18\/beatriz-fernandez-a-linstitut-pedralbes\/","title":{"rendered":"BEATRIZ FERN\u00c1NDEZ A L\u00b4INSTITUT PEDRALBES."},"content":{"rendered":"<p>Des de <a href=\"https:\/\/blocsenresidencia.bcn.cat\/20192020\/2020\/06\/18\/beatriz-fernandez-a-linstitut-pedralbes\/\">Curro Claret EN RESiD\u00c8NCiA<\/a><\/p>\n<div>\n<p>Des de Beatriz Fern\u00e1ndez EN RESID\u00c8NCIA <a href=\"https:\/\/blocsenresidencia.bcn.cat\/pedralbes1920\/2020\/06\/18\/beatriz-fernandez-a-linstitut-pedralbes\/\">https:\/\/blocsenresidencia.bcn.cat\/pedralbes1920\/2020\/06\/18\/beatriz-fernandez-a-linstitut-pedralbes\/<\/a><\/p>\n<p>Ha estat una presentaci\u00f3 meravellosa, ens hem trobat molt ben acompanyats, i hem gaudit del compartir una estona,  una conversa, la feina d\u00b4aquests darrers mesos, el v\u00eddeo de la Bea, les paraules dels nois, les preguntes dels assistents, els desitjos de futur.  Hem gaudit d\u00b4estar junts i de que les emocions i l\u00b4experi\u00e8ncia compartida travessessin les pantalles del cadasc\u00fa a casa seva.  Gr\u00e0cies als que heu vingut, sense vosaltres no haur\u00eda estat possible.!<\/p>\n<p>I Aqu\u00ed el mega document, marca de vida un tempteig des-de el no saber a l\u00b4e<\/p>\n<p><a href=\"https:\/\/www.youtube.com\/watch?v=T5guHnG7f68\">ESO QUE HACE DESAPARECER LA DISTANCIA ENTRE TU CUERPO Y EL M\u00cdO.<\/a><\/p>\n<\/div>\n","protected":false},"excerpt":{"rendered":"<p>Des de Curro Claret EN RESiD\u00c8NCiA Des de Beatriz Fern\u00e1ndez EN RESID\u00c8NCIA https:\/\/blocsenresidencia.bcn.cat\/pedralbes1920\/2020\/06\/18\/beatriz-fernandez-a-linstitut-pedralbes\/ Ha estat una presentaci\u00f3 meravellosa, ens hem trobat molt ben acompanyats, i hem gaudit del compartir una estona, una conversa, la feina d\u00b4aquests darrers mesos, el v\u00eddeo de la Bea, les paraules dels nois, les preguntes dels assistents, els desitjos de futur. &hellip; <\/p>\n<p class=\"link-more\"><a href=\"https:\/\/blocsenresidencia.bcn.cat\/20222023\/2025\/11\/18\/beatriz-fernandez-a-linstitut-pedralbes\/\" class=\"more-link\">Continua llegint <span class=\"screen-reader-text\">\u00abBEATRIZ FERN\u00c1NDEZ A L\u00b4INSTITUT PEDRALBES.\u00bb<\/span><\/a><\/p>\n","protected":false},"author":5,"featured_media":0,"comment_status":"open","ping_status":"closed","sticky":false,"template":"","format":"standard","meta":{"footnotes":""},"categories":[1],"tags":[],"class_list":["post-566","post","type-post","status-publish","format-standard","hentry","category-general"],"_links":{"self":[{"href":"https:\/\/blocsenresidencia.bcn.cat\/20222023\/wp-json\/wp\/v2\/posts\/566","targetHints":{"allow":["GET"]}}],"collection":[{"href":"https:\/\/blocsenresidencia.bcn.cat\/20222023\/wp-json\/wp\/v2\/posts"}],"about":[{"href":"https:\/\/blocsenresidencia.bcn.cat\/20222023\/wp-json\/wp\/v2\/types\/post"}],"author":[{"embeddable":true,"href":"https:\/\/blocsenresidencia.bcn.cat\/20222023\/wp-json\/wp\/v2\/users\/5"}],"replies":[{"embeddable":true,"href":"https:\/\/blocsenresidencia.bcn.cat\/20222023\/wp-json\/wp\/v2\/comments?post=566"}],"version-history":[{"count":0,"href":"https:\/\/blocsenresidencia.bcn.cat\/20222023\/wp-json\/wp\/v2\/posts\/566\/revisions"}],"wp:attachment":[{"href":"https:\/\/blocsenresidencia.bcn.cat\/20222023\/wp-json\/wp\/v2\/media?parent=566"}],"wp:term":[{"taxonomy":"category","embeddable":true,"href":"https:\/\/blocsenresidencia.bcn.cat\/20222023\/wp-json\/wp\/v2\/categories?post=566"},{"taxonomy":"post_tag","embeddable":true,"href":"https:\/\/blocsenresidencia.bcn.cat\/20222023\/wp-json\/wp\/v2\/tags?post=566"}],"curies":[{"name":"wp","href":"https:\/\/api.w.org\/{rel}","templated":true}]}}