{"id":567,"date":"2025-11-18T16:52:35","date_gmt":"2025-11-18T14:52:35","guid":{"rendered":"https:\/\/blocsenresidencia.bcn.cat\/20222023\/2025\/11\/18\/link-al-registre-de-la-funcio-final-en-dissidencia-oblit-19\/"},"modified":"2025-11-18T16:52:35","modified_gmt":"2025-11-18T14:52:35","slug":"link-al-registre-de-la-funcio-final-en-dissidencia-oblit-19","status":"publish","type":"post","link":"https:\/\/blocsenresidencia.bcn.cat\/20222023\/2025\/11\/18\/link-al-registre-de-la-funcio-final-en-dissidencia-oblit-19\/","title":{"rendered":"Link al registre de la funci\u00f3 final En Dissid\u00e8ncia (Oblit-19):"},"content":{"rendered":"<p>Des de <a href=\"https:\/\/blocsenresidencia.bcn.cat\/20192020\/2020\/06\/21\/link-al-registre-de-la-funcio-final-en-dissidencia-oblit-19\/\">Curro Claret EN RESiD\u00c8NCiA<\/a><\/p>\n<div>\n<p>Des de Perif\u00e8ria EN RESID\u00c8NCIA <a href=\"https:\/\/blocsenresidencia.bcn.cat\/moisesbroggi1920\/2020\/06\/21\/link-al-registre-de-la-funcio-final-en-dissidencia-oblit-19\/\">https:\/\/blocsenresidencia.bcn.cat\/moisesbroggi1920\/2020\/06\/21\/link-al-registre-de-la-funcio-final-en-dissidencia-oblit-19\/<\/a><\/p>\n<p><a href=\"https:\/\/blocsenresidencia.bcn.cat\/periferia2020\">https:\/\/blocsenresidencia.bcn.cat\/periferia2020<\/a><\/p>\n<ul class=\"wp-block-gallery columns-1 is-cropped\">\n<li class=\"blocks-gallery-item\">\n<figure><img decoding=\"async\" src=\"https:\/\/blocsenresidencia.bcn.cat\/moisesbroggi1920\/wp-content\/uploads\/2020\/06\/Captura-de-Pantalla-2020-06-21-a-les-19.53.49.png\" alt=\"\" data-id=\"148\" data-link=\"https:\/\/blocsenresidencia.bcn.cat\/moisesbroggi1920\/?attachment_id=148\" class=\"wp-image-148\" srcset=\"https:\/\/blocsenresidencia.bcn.cat\/moisesbroggi1920\/wp-content\/uploads\/2020\/06\/Captura-de-Pantalla-2020-06-21-a-les-19.53.49.png 1018w, https:\/\/blocsenresidencia.bcn.cat\/moisesbroggi1920\/wp-content\/uploads\/2020\/06\/Captura-de-Pantalla-2020-06-21-a-les-19.53.49-300x272.png 300w, https:\/\/blocsenresidencia.bcn.cat\/moisesbroggi1920\/wp-content\/uploads\/2020\/06\/Captura-de-Pantalla-2020-06-21-a-les-19.53.49-768x696.png 768w\" sizes=\"(max-width: 767px) 89vw, (max-width: 1000px) 54vw, (max-width: 1071px) 543px, 580px\"><\/figure>\n<\/li>\n<\/ul>\n<\/div>\n","protected":false},"excerpt":{"rendered":"<p>Des de Curro Claret EN RESiD\u00c8NCiA Des de Perif\u00e8ria EN RESID\u00c8NCIA https:\/\/blocsenresidencia.bcn.cat\/moisesbroggi1920\/2020\/06\/21\/link-al-registre-de-la-funcio-final-en-dissidencia-oblit-19\/ https:\/\/blocsenresidencia.bcn.cat\/periferia2020<\/p>\n","protected":false},"author":5,"featured_media":0,"comment_status":"open","ping_status":"closed","sticky":false,"template":"","format":"standard","meta":{"footnotes":""},"categories":[1],"tags":[],"class_list":["post-567","post","type-post","status-publish","format-standard","hentry","category-general"],"_links":{"self":[{"href":"https:\/\/blocsenresidencia.bcn.cat\/20222023\/wp-json\/wp\/v2\/posts\/567","targetHints":{"allow":["GET"]}}],"collection":[{"href":"https:\/\/blocsenresidencia.bcn.cat\/20222023\/wp-json\/wp\/v2\/posts"}],"about":[{"href":"https:\/\/blocsenresidencia.bcn.cat\/20222023\/wp-json\/wp\/v2\/types\/post"}],"author":[{"embeddable":true,"href":"https:\/\/blocsenresidencia.bcn.cat\/20222023\/wp-json\/wp\/v2\/users\/5"}],"replies":[{"embeddable":true,"href":"https:\/\/blocsenresidencia.bcn.cat\/20222023\/wp-json\/wp\/v2\/comments?post=567"}],"version-history":[{"count":0,"href":"https:\/\/blocsenresidencia.bcn.cat\/20222023\/wp-json\/wp\/v2\/posts\/567\/revisions"}],"wp:attachment":[{"href":"https:\/\/blocsenresidencia.bcn.cat\/20222023\/wp-json\/wp\/v2\/media?parent=567"}],"wp:term":[{"taxonomy":"category","embeddable":true,"href":"https:\/\/blocsenresidencia.bcn.cat\/20222023\/wp-json\/wp\/v2\/categories?post=567"},{"taxonomy":"post_tag","embeddable":true,"href":"https:\/\/blocsenresidencia.bcn.cat\/20222023\/wp-json\/wp\/v2\/tags?post=567"}],"curies":[{"name":"wp","href":"https:\/\/api.w.org\/{rel}","templated":true}]}}