{"id":1002,"date":"2024-03-06T18:04:07","date_gmt":"2024-03-06T16:04:07","guid":{"rendered":"https:\/\/blocsenresidencia.bcn.cat\/20232024\/2024\/03\/06\/sessio-oberta-del-proces-de-creacio\/"},"modified":"2024-03-06T18:04:07","modified_gmt":"2024-03-06T16:04:07","slug":"sessio-oberta-del-proces-de-creacio","status":"publish","type":"post","link":"https:\/\/blocsenresidencia.bcn.cat\/20232024\/2024\/03\/06\/sessio-oberta-del-proces-de-creacio\/","title":{"rendered":"Sessi\u00f3 oberta del proc\u00e9s de creaci\u00f3"},"content":{"rendered":"<p>Des de <a href=\"https:\/\/blocsenresidencia.bcn.cat\/doctorpuigvert2024\/sessio-oberta-del-proces-de-creacio\/\">Valentina Gaia Lops i Ida Barbati EN RESiD\u00c8NCiA a l&#8217;Institut Doctor Puigvert<\/a><\/p>\n<div>\n<figure class=\"wp-block-image size-large is-resized\"><img fetchpriority=\"high\" decoding=\"async\" width=\"1600\" height=\"900\" src=\"https:\/\/blocsenresidencia.bcn.cat\/doctorpuigvert2024\/wp-content\/uploads\/2024\/03\/1708342096892-edited-1.jpg\" alt=\"\" class=\"wp-image-516\" style=\"width:674px;height:auto\" srcset=\"https:\/\/blocsenresidencia.bcn.cat\/doctorpuigvert2024\/wp-content\/uploads\/2024\/03\/1708342096892-edited-1.jpg 1600w, https:\/\/blocsenresidencia.bcn.cat\/doctorpuigvert2024\/wp-content\/uploads\/2024\/03\/1708342096892-edited-1-300x169.jpg 300w, https:\/\/blocsenresidencia.bcn.cat\/doctorpuigvert2024\/wp-content\/uploads\/2024\/03\/1708342096892-edited-1-1024x576.jpg 1024w, https:\/\/blocsenresidencia.bcn.cat\/doctorpuigvert2024\/wp-content\/uploads\/2024\/03\/1708342096892-edited-1-768x432.jpg 768w, https:\/\/blocsenresidencia.bcn.cat\/doctorpuigvert2024\/wp-content\/uploads\/2024\/03\/1708342096892-edited-1-1536x864.jpg 1536w\" sizes=\"(max-width: 767px) 89vw, (max-width: 1000px) 54vw, (max-width: 1071px) 543px, 580px\"><\/figure>\n<p>El dia de la sessi\u00f3 oberta a l\u2019institut, vam  voler compartir amb el professorat de l\u2019institut tots aquells processos creatius, generats de forma col\u00b7lectiva, en els que ens havien acompanyat la Ida i la Valentina.<\/p>\n<p>Ens vam organitzar en petits grups de treball per preparar les diferents presentacions, v\u00eddeos o accions, i van sorgir coses molt interessants.<\/p>\n<div data-wp-interactive=\"\" class=\"wp-block-file\"><object data-wp-bind--hidden=\"!selectors.core.file.hasPdfPreview\" hidden class=\"wp-block-file__embed\" data=\"https:\/\/blocsenresidencia.bcn.cat\/doctorpuigvert2024\/wp-content\/uploads\/2024\/03\/SUFRAGISME-1.pdf\" type=\"application\/pdf\" style=\"width:100%;height:370px\" aria-label=\"Incrustaci\u00f3 del fitxer presentaci\u00f3 alumnat_l\u00ednia del temps.\"><\/object><a id=\"wp-block-file--media-e3d20909-6d06-4b05-864e-38477f062290\" href=\"https:\/\/blocsenresidencia.bcn.cat\/doctorpuigvert2024\/wp-content\/uploads\/2024\/03\/SUFRAGISME-1.pdf\">presentaci\u00f3 alumnat_l\u00ednia del temps<\/a><\/div>\n<\/p>\n<figure class=\"wp-block-video\"><video controls src=\"https:\/\/blocsenresidencia.bcn.cat\/doctorpuigvert2024\/wp-content\/uploads\/2024\/03\/creadors-2.mp4\"><\/video><figcaption class=\"wp-element-caption\">v\u00eddeo alumnat_ entrevistes<\/figcaption><\/figure>\n<p>Un dels eixos centrals dels nostres processos creatius havia estat al voltant de la figura de les sufragistes i la consulta a la gent que ens envolta, aix\u00ed que vam construir una urna  i vam consultar tamb\u00e9 al professorat del nostre institut.<\/p>\n<figure class=\"wp-block-image size-large\"><img loading=\"lazy\" decoding=\"async\" width=\"1024\" height=\"791\" src=\"https:\/\/blocsenresidencia.bcn.cat\/doctorpuigvert2024\/wp-content\/uploads\/2024\/03\/1708342097019-1024x791.jpg\" alt=\"\" class=\"wp-image-524\" srcset=\"https:\/\/blocsenresidencia.bcn.cat\/doctorpuigvert2024\/wp-content\/uploads\/2024\/03\/1708342097019-1024x791.jpg 1024w, https:\/\/blocsenresidencia.bcn.cat\/doctorpuigvert2024\/wp-content\/uploads\/2024\/03\/1708342097019-300x232.jpg 300w, https:\/\/blocsenresidencia.bcn.cat\/doctorpuigvert2024\/wp-content\/uploads\/2024\/03\/1708342097019-768x593.jpg 768w, https:\/\/blocsenresidencia.bcn.cat\/doctorpuigvert2024\/wp-content\/uploads\/2024\/03\/1708342097019-1536x1187.jpg 1536w, https:\/\/blocsenresidencia.bcn.cat\/doctorpuigvert2024\/wp-content\/uploads\/2024\/03\/1708342097019.jpg 1600w\" sizes=\"auto, (max-width: 767px) 89vw, (max-width: 1000px) 54vw, (max-width: 1071px) 543px, 580px\"><\/figure>\n<p>Com el nostre viatge creatiu s\u2019inicia a l\u2019antiga f\u00e0brica t\u00e8xtil de la Fabra i Coats, i el fil conductiu que ha anat entrella\u00e7ant tots els nostres projectes ha estat el propi fil, per finalitzar la sessi\u00f3 vam voler establir tamb\u00e9 aquest lligam amb les persones que ens havien vingut a escoltar, generant una teranyina de  fil de llana entre cada esc\u00fa de nosaltres que feia una pregunta o donava una resposta.<\/p>\n<figure class=\"wp-block-image size-large\"><img loading=\"lazy\" decoding=\"async\" width=\"1024\" height=\"771\" src=\"https:\/\/blocsenresidencia.bcn.cat\/doctorpuigvert2024\/wp-content\/uploads\/2024\/03\/1708342096998-1024x771.jpg\" alt=\"\" class=\"wp-image-526\" srcset=\"https:\/\/blocsenresidencia.bcn.cat\/doctorpuigvert2024\/wp-content\/uploads\/2024\/03\/1708342096998-1024x771.jpg 1024w, https:\/\/blocsenresidencia.bcn.cat\/doctorpuigvert2024\/wp-content\/uploads\/2024\/03\/1708342096998-300x226.jpg 300w, https:\/\/blocsenresidencia.bcn.cat\/doctorpuigvert2024\/wp-content\/uploads\/2024\/03\/1708342096998-768x578.jpg 768w, https:\/\/blocsenresidencia.bcn.cat\/doctorpuigvert2024\/wp-content\/uploads\/2024\/03\/1708342096998-1536x1156.jpg 1536w, https:\/\/blocsenresidencia.bcn.cat\/doctorpuigvert2024\/wp-content\/uploads\/2024\/03\/1708342096998.jpg 1600w\" sizes=\"auto, (max-width: 767px) 89vw, (max-width: 1000px) 54vw, (max-width: 1071px) 543px, 580px\"><\/figure>\n<figure class=\"wp-block-image size-large\"><img loading=\"lazy\" decoding=\"async\" width=\"1024\" height=\"771\" src=\"https:\/\/blocsenresidencia.bcn.cat\/doctorpuigvert2024\/wp-content\/uploads\/2024\/03\/1708342096977-1024x771.jpg\" alt=\"\" class=\"wp-image-527\" srcset=\"https:\/\/blocsenresidencia.bcn.cat\/doctorpuigvert2024\/wp-content\/uploads\/2024\/03\/1708342096977-1024x771.jpg 1024w, https:\/\/blocsenresidencia.bcn.cat\/doctorpuigvert2024\/wp-content\/uploads\/2024\/03\/1708342096977-300x226.jpg 300w, https:\/\/blocsenresidencia.bcn.cat\/doctorpuigvert2024\/wp-content\/uploads\/2024\/03\/1708342096977-768x578.jpg 768w, https:\/\/blocsenresidencia.bcn.cat\/doctorpuigvert2024\/wp-content\/uploads\/2024\/03\/1708342096977-1536x1156.jpg 1536w, https:\/\/blocsenresidencia.bcn.cat\/doctorpuigvert2024\/wp-content\/uploads\/2024\/03\/1708342096977.jpg 1600w\" sizes=\"auto, (max-width: 767px) 89vw, (max-width: 1000px) 54vw, (max-width: 1071px) 543px, 580px\"><\/figure>\n<figure class=\"wp-block-image size-large\"><img loading=\"lazy\" decoding=\"async\" width=\"1024\" height=\"771\" src=\"https:\/\/blocsenresidencia.bcn.cat\/doctorpuigvert2024\/wp-content\/uploads\/2024\/03\/1708342097143-1024x771.jpg\" alt=\"\" class=\"wp-image-529\" srcset=\"https:\/\/blocsenresidencia.bcn.cat\/doctorpuigvert2024\/wp-content\/uploads\/2024\/03\/1708342097143-1024x771.jpg 1024w, https:\/\/blocsenresidencia.bcn.cat\/doctorpuigvert2024\/wp-content\/uploads\/2024\/03\/1708342097143-300x226.jpg 300w, https:\/\/blocsenresidencia.bcn.cat\/doctorpuigvert2024\/wp-content\/uploads\/2024\/03\/1708342097143-768x578.jpg 768w, https:\/\/blocsenresidencia.bcn.cat\/doctorpuigvert2024\/wp-content\/uploads\/2024\/03\/1708342097143-1536x1156.jpg 1536w, https:\/\/blocsenresidencia.bcn.cat\/doctorpuigvert2024\/wp-content\/uploads\/2024\/03\/1708342097143.jpg 1600w\" sizes=\"auto, (max-width: 767px) 89vw, (max-width: 1000px) 54vw, (max-width: 1071px) 543px, 580px\"><\/figure>\n<\/div>\n","protected":false},"excerpt":{"rendered":"<p>Des de Valentina Gaia Lops i Ida Barbati EN RESiD\u00c8NCiA a l&#8217;Institut Doctor Puigvert El dia de la sessi\u00f3 oberta a l\u2019institut, vam voler compartir amb el professorat de l\u2019institut tots aquells processos creatius, generats de forma col\u00b7lectiva, en els que ens havien acompanyat la Ida i la Valentina. Ens vam organitzar en petits grups &hellip; <\/p>\n<p class=\"link-more\"><a href=\"https:\/\/blocsenresidencia.bcn.cat\/20232024\/2024\/03\/06\/sessio-oberta-del-proces-de-creacio\/\" class=\"more-link\">Continua llegint <span class=\"screen-reader-text\">\u00abSessi\u00f3 oberta del proc\u00e9s de creaci\u00f3\u00bb<\/span><\/a><\/p>\n","protected":false},"author":5,"featured_media":0,"comment_status":"closed","ping_status":"closed","sticky":false,"template":"","format":"standard","meta":{"footnotes":""},"categories":[1],"tags":[],"class_list":["post-1002","post","type-post","status-publish","format-standard","hentry","category-general"],"_links":{"self":[{"href":"https:\/\/blocsenresidencia.bcn.cat\/20232024\/wp-json\/wp\/v2\/posts\/1002","targetHints":{"allow":["GET"]}}],"collection":[{"href":"https:\/\/blocsenresidencia.bcn.cat\/20232024\/wp-json\/wp\/v2\/posts"}],"about":[{"href":"https:\/\/blocsenresidencia.bcn.cat\/20232024\/wp-json\/wp\/v2\/types\/post"}],"author":[{"embeddable":true,"href":"https:\/\/blocsenresidencia.bcn.cat\/20232024\/wp-json\/wp\/v2\/users\/5"}],"replies":[{"embeddable":true,"href":"https:\/\/blocsenresidencia.bcn.cat\/20232024\/wp-json\/wp\/v2\/comments?post=1002"}],"version-history":[{"count":0,"href":"https:\/\/blocsenresidencia.bcn.cat\/20232024\/wp-json\/wp\/v2\/posts\/1002\/revisions"}],"wp:attachment":[{"href":"https:\/\/blocsenresidencia.bcn.cat\/20232024\/wp-json\/wp\/v2\/media?parent=1002"}],"wp:term":[{"taxonomy":"category","embeddable":true,"href":"https:\/\/blocsenresidencia.bcn.cat\/20232024\/wp-json\/wp\/v2\/categories?post=1002"},{"taxonomy":"post_tag","embeddable":true,"href":"https:\/\/blocsenresidencia.bcn.cat\/20232024\/wp-json\/wp\/v2\/tags?post=1002"}],"curies":[{"name":"wp","href":"https:\/\/api.w.org\/{rel}","templated":true}]}}