{"id":1011,"date":"2024-03-08T05:22:59","date_gmt":"2024-03-08T03:22:59","guid":{"rendered":"https:\/\/blocsenresidencia.bcn.cat\/20232024\/2024\/03\/08\/exposicio-al-professorat-el-gran-dia\/"},"modified":"2024-03-08T05:22:59","modified_gmt":"2024-03-08T03:22:59","slug":"exposicio-al-professorat-el-gran-dia","status":"publish","type":"post","link":"https:\/\/blocsenresidencia.bcn.cat\/20232024\/2024\/03\/08\/exposicio-al-professorat-el-gran-dia\/","title":{"rendered":"Exposici\u00f3 al professorat \u2013 El gran dia"},"content":{"rendered":"<p>Des de <a href=\"https:\/\/blocsenresidencia.bcn.cat\/bastida2024\/exposicio-al-professorat-el-gran-dia\/\">Dom\u00e8nec EN RESiD\u00c8NCiA a l&#8217;Institut La Bastida<\/a><\/p>\n<div>\n<p>rotant\u00a0en el sentit de les agulles del rellotge).<\/p>\n<p>Quan era hora de comen\u00e7ar, vam trobar-nos amb els convidats al vest\u00edbul, i els vam portar a la sala d\u2019actes on els vam explicar qui era el Dom\u00e8nec i les seves obres.<\/p>\n<p>Durant l\u2019exposici\u00f3 vam parlar sobre el Dom\u00e8nec donant una breu informaci\u00f3 sobre ell: com que \u00e9s un artista visual. Un professional en l\u2019art de la fotografia, pintura, escultura i dibuixos t\u00e8cnics. A m\u00e9s, dels projectes que va fer en diferents pa\u00efsos.<\/p>\n<p>Tamb\u00e9 vam parlar sobre tres obres que va fer ell que s\u00f3n les seg\u00fcents:<\/p>\n<ul>\n<li>L\u2019estadi, el pavell\u00f3 i el palau: era una obre per recordar a la gent que vivia en cases abandonades.<\/li>\n<li>El erizo checo: \u00e9s una figura que s\u2019utilitzava per defensar tancs en l\u2019antiguitat que es quedaven les rodes encallades.<\/li>\n<li>BKF: s\u00f3n dos cables tubulats que tenen forma de cadira.<\/li>\n<\/ul>\n<p>Seguidament, els vam guiar cap al gimn\u00e0s, i els vam demanar que\u00a0fessin\u00a0grups de 5-7 persones. Vam situar a cada grup en una part diferent de la sala.<br \/>Despr\u00e9s de tenir a tots els grups en bona posici\u00f3, era hora de comen\u00e7ar\u2026<\/p>\n<p>Quan tots els grups van passar per totes les estacions, els vam ajuntar a tots per poder fer preguntes, i finalment ens vam acomiadar.<\/p>\n<\/div>\n","protected":false},"excerpt":{"rendered":"<p>Des de Dom\u00e8nec EN RESiD\u00c8NCiA a l&#8217;Institut La Bastida rotant\u00a0en el sentit de les agulles del rellotge). Quan era hora de comen\u00e7ar, vam trobar-nos amb els convidats al vest\u00edbul, i els vam portar a la sala d\u2019actes on els vam explicar qui era el Dom\u00e8nec i les seves obres. Durant l\u2019exposici\u00f3 vam parlar sobre el &hellip; <\/p>\n<p class=\"link-more\"><a href=\"https:\/\/blocsenresidencia.bcn.cat\/20232024\/2024\/03\/08\/exposicio-al-professorat-el-gran-dia\/\" class=\"more-link\">Continua llegint <span class=\"screen-reader-text\">\u00abExposici\u00f3 al professorat \u2013 El gran dia\u00bb<\/span><\/a><\/p>\n","protected":false},"author":5,"featured_media":0,"comment_status":"closed","ping_status":"closed","sticky":false,"template":"","format":"standard","meta":{"footnotes":""},"categories":[1],"tags":[],"class_list":["post-1011","post","type-post","status-publish","format-standard","hentry","category-general"],"_links":{"self":[{"href":"https:\/\/blocsenresidencia.bcn.cat\/20232024\/wp-json\/wp\/v2\/posts\/1011","targetHints":{"allow":["GET"]}}],"collection":[{"href":"https:\/\/blocsenresidencia.bcn.cat\/20232024\/wp-json\/wp\/v2\/posts"}],"about":[{"href":"https:\/\/blocsenresidencia.bcn.cat\/20232024\/wp-json\/wp\/v2\/types\/post"}],"author":[{"embeddable":true,"href":"https:\/\/blocsenresidencia.bcn.cat\/20232024\/wp-json\/wp\/v2\/users\/5"}],"replies":[{"embeddable":true,"href":"https:\/\/blocsenresidencia.bcn.cat\/20232024\/wp-json\/wp\/v2\/comments?post=1011"}],"version-history":[{"count":0,"href":"https:\/\/blocsenresidencia.bcn.cat\/20232024\/wp-json\/wp\/v2\/posts\/1011\/revisions"}],"wp:attachment":[{"href":"https:\/\/blocsenresidencia.bcn.cat\/20232024\/wp-json\/wp\/v2\/media?parent=1011"}],"wp:term":[{"taxonomy":"category","embeddable":true,"href":"https:\/\/blocsenresidencia.bcn.cat\/20232024\/wp-json\/wp\/v2\/categories?post=1011"},{"taxonomy":"post_tag","embeddable":true,"href":"https:\/\/blocsenresidencia.bcn.cat\/20232024\/wp-json\/wp\/v2\/tags?post=1011"}],"curies":[{"name":"wp","href":"https:\/\/api.w.org\/{rel}","templated":true}]}}