{"id":1016,"date":"2024-03-13T02:31:56","date_gmt":"2024-03-13T00:31:56","guid":{"rendered":"https:\/\/blocsenresidencia.bcn.cat\/20232024\/2024\/03\/13\/nous-paisatges\/"},"modified":"2024-03-13T02:31:56","modified_gmt":"2024-03-13T00:31:56","slug":"nous-paisatges","status":"publish","type":"post","link":"https:\/\/blocsenresidencia.bcn.cat\/20232024\/2024\/03\/13\/nous-paisatges\/","title":{"rendered":"Nous paisatges"},"content":{"rendered":"<p>Des de <a href=\"https:\/\/blocsenresidencia.bcn.cat\/infantaisabelarago2024\/nous-paisatges\/\">Marina Rubio EN RESiD\u00c8NCiA a l&#8217;Institut Infanta Isabel d&#8217;Arag\u00f3<\/a><\/p>\n<div>\n<figure class=\"wp-block-gallery has-nested-images columns-default is-cropped wp-block-gallery-2 is-layout-flex wp-block-gallery-is-layout-flex\">\n<figure class=\"wp-block-image size-large\"><img loading=\"lazy\" decoding=\"async\" width=\"1024\" height=\"768\" data-id=\"391\" src=\"https:\/\/blocsenresidencia.bcn.cat\/infantaisabelarago2024\/wp-content\/uploads\/2024\/03\/IMG_2568-1024x768.jpg\" alt=\"\" class=\"wp-image-391\" srcset=\"https:\/\/blocsenresidencia.bcn.cat\/infantaisabelarago2024\/wp-content\/uploads\/2024\/03\/IMG_2568-1024x768.jpg 1024w, https:\/\/blocsenresidencia.bcn.cat\/infantaisabelarago2024\/wp-content\/uploads\/2024\/03\/IMG_2568-300x225.jpg 300w, https:\/\/blocsenresidencia.bcn.cat\/infantaisabelarago2024\/wp-content\/uploads\/2024\/03\/IMG_2568-768x576.jpg 768w, https:\/\/blocsenresidencia.bcn.cat\/infantaisabelarago2024\/wp-content\/uploads\/2024\/03\/IMG_2568-1536x1152.jpg 1536w, https:\/\/blocsenresidencia.bcn.cat\/infantaisabelarago2024\/wp-content\/uploads\/2024\/03\/IMG_2568-2048x1536.jpg 2048w\" sizes=\"auto, (max-width: 767px) 89vw, (max-width: 1000px) 54vw, (max-width: 1071px) 543px, 580px\"><\/figure>\n<figure class=\"wp-block-image size-large\"><img loading=\"lazy\" decoding=\"async\" width=\"768\" height=\"1024\" data-id=\"390\" src=\"https:\/\/blocsenresidencia.bcn.cat\/infantaisabelarago2024\/wp-content\/uploads\/2024\/03\/IMG_2569-768x1024.jpg\" alt=\"\" class=\"wp-image-390\" srcset=\"https:\/\/blocsenresidencia.bcn.cat\/infantaisabelarago2024\/wp-content\/uploads\/2024\/03\/IMG_2569-768x1024.jpg 768w, https:\/\/blocsenresidencia.bcn.cat\/infantaisabelarago2024\/wp-content\/uploads\/2024\/03\/IMG_2569-225x300.jpg 225w, https:\/\/blocsenresidencia.bcn.cat\/infantaisabelarago2024\/wp-content\/uploads\/2024\/03\/IMG_2569-1152x1536.jpg 1152w, https:\/\/blocsenresidencia.bcn.cat\/infantaisabelarago2024\/wp-content\/uploads\/2024\/03\/IMG_2569-1536x2048.jpg 1536w, https:\/\/blocsenresidencia.bcn.cat\/infantaisabelarago2024\/wp-content\/uploads\/2024\/03\/IMG_2569-scaled.jpg 1920w\" sizes=\"auto, (max-width: 767px) 89vw, (max-width: 1000px) 54vw, (max-width: 1071px) 543px, 580px\"><\/figure>\n<figure class=\"wp-block-image size-large\"><img loading=\"lazy\" decoding=\"async\" width=\"768\" height=\"1024\" data-id=\"392\" src=\"https:\/\/blocsenresidencia.bcn.cat\/infantaisabelarago2024\/wp-content\/uploads\/2024\/03\/IMG_2570-768x1024.jpg\" alt=\"\" class=\"wp-image-392\" srcset=\"https:\/\/blocsenresidencia.bcn.cat\/infantaisabelarago2024\/wp-content\/uploads\/2024\/03\/IMG_2570-768x1024.jpg 768w, https:\/\/blocsenresidencia.bcn.cat\/infantaisabelarago2024\/wp-content\/uploads\/2024\/03\/IMG_2570-225x300.jpg 225w, https:\/\/blocsenresidencia.bcn.cat\/infantaisabelarago2024\/wp-content\/uploads\/2024\/03\/IMG_2570-1152x1536.jpg 1152w, https:\/\/blocsenresidencia.bcn.cat\/infantaisabelarago2024\/wp-content\/uploads\/2024\/03\/IMG_2570-1536x2048.jpg 1536w, https:\/\/blocsenresidencia.bcn.cat\/infantaisabelarago2024\/wp-content\/uploads\/2024\/03\/IMG_2570-scaled.jpg 1920w\" sizes=\"auto, (max-width: 767px) 89vw, (max-width: 1000px) 54vw, (max-width: 1071px) 543px, 580px\"><\/figure>\n<figure class=\"wp-block-image size-large\"><img loading=\"lazy\" decoding=\"async\" width=\"576\" height=\"1024\" data-id=\"393\" src=\"https:\/\/blocsenresidencia.bcn.cat\/infantaisabelarago2024\/wp-content\/uploads\/2024\/03\/Copia-de-20240119_124735-576x1024.jpg\" alt=\"\" class=\"wp-image-393\" srcset=\"https:\/\/blocsenresidencia.bcn.cat\/infantaisabelarago2024\/wp-content\/uploads\/2024\/03\/Copia-de-20240119_124735-576x1024.jpg 576w, https:\/\/blocsenresidencia.bcn.cat\/infantaisabelarago2024\/wp-content\/uploads\/2024\/03\/Copia-de-20240119_124735-169x300.jpg 169w, https:\/\/blocsenresidencia.bcn.cat\/infantaisabelarago2024\/wp-content\/uploads\/2024\/03\/Copia-de-20240119_124735-768x1365.jpg 768w, https:\/\/blocsenresidencia.bcn.cat\/infantaisabelarago2024\/wp-content\/uploads\/2024\/03\/Copia-de-20240119_124735-864x1536.jpg 864w, https:\/\/blocsenresidencia.bcn.cat\/infantaisabelarago2024\/wp-content\/uploads\/2024\/03\/Copia-de-20240119_124735-1153x2048.jpg 1153w, https:\/\/blocsenresidencia.bcn.cat\/infantaisabelarago2024\/wp-content\/uploads\/2024\/03\/Copia-de-20240119_124735-scaled.jpg 1441w\" sizes=\"auto, (max-width: 576px) 100vw, 576px\"><\/figure>\n<\/figure>\n<p>Van fer dos grups de treball per poder experimentar amb un nou material que encara no hav\u00edem provat, el fang blanc. A casc\u00fa de nosaltres li corresponien dos trossets d\u2019aquest material. La din\u00e0mica consistia a agafar mostres de les petjades que deixaven les coses: sensacions, imperfeccions, esquerdes, el terra\u2026 de tot el que estem envoltats.<br \/>Vam sortir primers a fer calcs dins de l\u2019institut i despr\u00e9s per fora, no massa lluny.<\/p>\n<p>Quan vam acabar aix\u00f2 van posar els trossos a la vora de la taula del taller i vam observar com les \u201cfigures\u201d feien el paisatge de la pla\u00e7a de l\u2019institut.<\/p>\n<\/div>\n","protected":false},"excerpt":{"rendered":"<p>Des de Marina Rubio EN RESiD\u00c8NCiA a l&#8217;Institut Infanta Isabel d&#8217;Arag\u00f3 Van fer dos grups de treball per poder experimentar amb un nou material que encara no hav\u00edem provat, el fang blanc. A casc\u00fa de nosaltres li corresponien dos trossets d\u2019aquest material. La din\u00e0mica consistia a agafar mostres de les petjades que deixaven les coses: &hellip; <\/p>\n<p class=\"link-more\"><a href=\"https:\/\/blocsenresidencia.bcn.cat\/20232024\/2024\/03\/13\/nous-paisatges\/\" class=\"more-link\">Continua llegint <span class=\"screen-reader-text\">\u00abNous paisatges\u00bb<\/span><\/a><\/p>\n","protected":false},"author":5,"featured_media":0,"comment_status":"closed","ping_status":"closed","sticky":false,"template":"","format":"standard","meta":{"footnotes":""},"categories":[1],"tags":[],"class_list":["post-1016","post","type-post","status-publish","format-standard","hentry","category-general"],"_links":{"self":[{"href":"https:\/\/blocsenresidencia.bcn.cat\/20232024\/wp-json\/wp\/v2\/posts\/1016","targetHints":{"allow":["GET"]}}],"collection":[{"href":"https:\/\/blocsenresidencia.bcn.cat\/20232024\/wp-json\/wp\/v2\/posts"}],"about":[{"href":"https:\/\/blocsenresidencia.bcn.cat\/20232024\/wp-json\/wp\/v2\/types\/post"}],"author":[{"embeddable":true,"href":"https:\/\/blocsenresidencia.bcn.cat\/20232024\/wp-json\/wp\/v2\/users\/5"}],"replies":[{"embeddable":true,"href":"https:\/\/blocsenresidencia.bcn.cat\/20232024\/wp-json\/wp\/v2\/comments?post=1016"}],"version-history":[{"count":0,"href":"https:\/\/blocsenresidencia.bcn.cat\/20232024\/wp-json\/wp\/v2\/posts\/1016\/revisions"}],"wp:attachment":[{"href":"https:\/\/blocsenresidencia.bcn.cat\/20232024\/wp-json\/wp\/v2\/media?parent=1016"}],"wp:term":[{"taxonomy":"category","embeddable":true,"href":"https:\/\/blocsenresidencia.bcn.cat\/20232024\/wp-json\/wp\/v2\/categories?post=1016"},{"taxonomy":"post_tag","embeddable":true,"href":"https:\/\/blocsenresidencia.bcn.cat\/20232024\/wp-json\/wp\/v2\/tags?post=1016"}],"curies":[{"name":"wp","href":"https:\/\/api.w.org\/{rel}","templated":true}]}}