{"id":1018,"date":"2024-03-13T10:31:19","date_gmt":"2024-03-13T08:31:19","guid":{"rendered":"https:\/\/blocsenresidencia.bcn.cat\/20232024\/2024\/03\/13\/mostra-a-linstitut\/"},"modified":"2024-03-13T10:31:19","modified_gmt":"2024-03-13T08:31:19","slug":"mostra-a-linstitut","status":"publish","type":"post","link":"https:\/\/blocsenresidencia.bcn.cat\/20232024\/2024\/03\/13\/mostra-a-linstitut\/","title":{"rendered":"Mostra a l\u2019institut"},"content":{"rendered":"<p>Des de <a href=\"https:\/\/blocsenresidencia.bcn.cat\/infantaisabelarago2024\/mostra-a-linstitut\/\">Marina Rubio EN RESiD\u00c8NCiA a l&#8217;Institut Infanta Isabel d&#8217;Arag\u00f3<\/a><\/p>\n<div>\n<p>No fa gaire vam exposar un tastet de qu\u00e8 estem treballant a l\u2019aula amb la Marina, per tal que tot l\u2019institut fos part\u00edcip del que estem fent.<br \/>Per primera vegada ens hem encarregat del mecanisme d\u2019una mostra d\u2019art: aspectes visuals, intervencions en l\u2019espai, publicitat en els diferents canals de l\u2019institut i fins i tot el disseny gr\u00e0fic.<\/p>\n<p>Tots aquells que li vulgueu donar un cop d\u2019ull esteu invitats a pujar a la 4a planta!<\/p>\n<figure class=\"wp-block-gallery has-nested-images columns-default is-cropped wp-block-gallery-1 is-layout-flex wp-block-gallery-is-layout-flex\">\n<figure class=\"wp-block-image size-large\"><img fetchpriority=\"high\" decoding=\"async\" width=\"737\" height=\"1024\" data-id=\"404\" src=\"https:\/\/blocsenresidencia.bcn.cat\/infantaisabelarago2024\/wp-content\/uploads\/2024\/03\/Captura-de-Pantalla-2024-03-12-a-las-23.01.04-737x1024.png\" alt=\"\" class=\"wp-image-404\" srcset=\"https:\/\/blocsenresidencia.bcn.cat\/infantaisabelarago2024\/wp-content\/uploads\/2024\/03\/Captura-de-Pantalla-2024-03-12-a-las-23.01.04-737x1024.png 737w, https:\/\/blocsenresidencia.bcn.cat\/infantaisabelarago2024\/wp-content\/uploads\/2024\/03\/Captura-de-Pantalla-2024-03-12-a-las-23.01.04-216x300.png 216w, https:\/\/blocsenresidencia.bcn.cat\/infantaisabelarago2024\/wp-content\/uploads\/2024\/03\/Captura-de-Pantalla-2024-03-12-a-las-23.01.04-768x1067.png 768w, https:\/\/blocsenresidencia.bcn.cat\/infantaisabelarago2024\/wp-content\/uploads\/2024\/03\/Captura-de-Pantalla-2024-03-12-a-las-23.01.04-1106x1536.png 1106w, https:\/\/blocsenresidencia.bcn.cat\/infantaisabelarago2024\/wp-content\/uploads\/2024\/03\/Captura-de-Pantalla-2024-03-12-a-las-23.01.04.png 1178w\" sizes=\"(max-width: 737px) 100vw, 737px\"><\/figure>\n<figure class=\"wp-block-image size-large\"><img loading=\"lazy\" decoding=\"async\" width=\"733\" height=\"1024\" data-id=\"405\" src=\"https:\/\/blocsenresidencia.bcn.cat\/infantaisabelarago2024\/wp-content\/uploads\/2024\/03\/Captura-de-Pantalla-2024-03-12-a-las-23.01.28-733x1024.png\" alt=\"\" class=\"wp-image-405\" srcset=\"https:\/\/blocsenresidencia.bcn.cat\/infantaisabelarago2024\/wp-content\/uploads\/2024\/03\/Captura-de-Pantalla-2024-03-12-a-las-23.01.28-733x1024.png 733w, https:\/\/blocsenresidencia.bcn.cat\/infantaisabelarago2024\/wp-content\/uploads\/2024\/03\/Captura-de-Pantalla-2024-03-12-a-las-23.01.28-215x300.png 215w, https:\/\/blocsenresidencia.bcn.cat\/infantaisabelarago2024\/wp-content\/uploads\/2024\/03\/Captura-de-Pantalla-2024-03-12-a-las-23.01.28-768x1074.png 768w, https:\/\/blocsenresidencia.bcn.cat\/infantaisabelarago2024\/wp-content\/uploads\/2024\/03\/Captura-de-Pantalla-2024-03-12-a-las-23.01.28-1099x1536.png 1099w, https:\/\/blocsenresidencia.bcn.cat\/infantaisabelarago2024\/wp-content\/uploads\/2024\/03\/Captura-de-Pantalla-2024-03-12-a-las-23.01.28.png 1166w\" sizes=\"auto, (max-width: 733px) 100vw, 733px\"><\/figure>\n<figure class=\"wp-block-image size-large\"><img loading=\"lazy\" decoding=\"async\" width=\"636\" height=\"1024\" data-id=\"403\" src=\"https:\/\/blocsenresidencia.bcn.cat\/infantaisabelarago2024\/wp-content\/uploads\/2024\/03\/Captura-de-Pantalla-2024-03-12-a-las-23.02.08-636x1024.png\" alt=\"\" class=\"wp-image-403\" srcset=\"https:\/\/blocsenresidencia.bcn.cat\/infantaisabelarago2024\/wp-content\/uploads\/2024\/03\/Captura-de-Pantalla-2024-03-12-a-las-23.02.08-636x1024.png 636w, https:\/\/blocsenresidencia.bcn.cat\/infantaisabelarago2024\/wp-content\/uploads\/2024\/03\/Captura-de-Pantalla-2024-03-12-a-las-23.02.08-186x300.png 186w, https:\/\/blocsenresidencia.bcn.cat\/infantaisabelarago2024\/wp-content\/uploads\/2024\/03\/Captura-de-Pantalla-2024-03-12-a-las-23.02.08-768x1236.png 768w, https:\/\/blocsenresidencia.bcn.cat\/infantaisabelarago2024\/wp-content\/uploads\/2024\/03\/Captura-de-Pantalla-2024-03-12-a-las-23.02.08.png 818w\" sizes=\"auto, (max-width: 636px) 100vw, 636px\"><\/figure>\n<\/figure>\n<\/div>\n","protected":false},"excerpt":{"rendered":"<p>Des de Marina Rubio EN RESiD\u00c8NCiA a l&#8217;Institut Infanta Isabel d&#8217;Arag\u00f3 No fa gaire vam exposar un tastet de qu\u00e8 estem treballant a l\u2019aula amb la Marina, per tal que tot l\u2019institut fos part\u00edcip del que estem fent.Per primera vegada ens hem encarregat del mecanisme d\u2019una mostra d\u2019art: aspectes visuals, intervencions en l\u2019espai, publicitat en &hellip; <\/p>\n<p class=\"link-more\"><a href=\"https:\/\/blocsenresidencia.bcn.cat\/20232024\/2024\/03\/13\/mostra-a-linstitut\/\" class=\"more-link\">Continua llegint <span class=\"screen-reader-text\">\u00abMostra a l\u2019institut\u00bb<\/span><\/a><\/p>\n","protected":false},"author":5,"featured_media":0,"comment_status":"closed","ping_status":"closed","sticky":false,"template":"","format":"standard","meta":{"footnotes":""},"categories":[1],"tags":[],"class_list":["post-1018","post","type-post","status-publish","format-standard","hentry","category-general"],"_links":{"self":[{"href":"https:\/\/blocsenresidencia.bcn.cat\/20232024\/wp-json\/wp\/v2\/posts\/1018","targetHints":{"allow":["GET"]}}],"collection":[{"href":"https:\/\/blocsenresidencia.bcn.cat\/20232024\/wp-json\/wp\/v2\/posts"}],"about":[{"href":"https:\/\/blocsenresidencia.bcn.cat\/20232024\/wp-json\/wp\/v2\/types\/post"}],"author":[{"embeddable":true,"href":"https:\/\/blocsenresidencia.bcn.cat\/20232024\/wp-json\/wp\/v2\/users\/5"}],"replies":[{"embeddable":true,"href":"https:\/\/blocsenresidencia.bcn.cat\/20232024\/wp-json\/wp\/v2\/comments?post=1018"}],"version-history":[{"count":0,"href":"https:\/\/blocsenresidencia.bcn.cat\/20232024\/wp-json\/wp\/v2\/posts\/1018\/revisions"}],"wp:attachment":[{"href":"https:\/\/blocsenresidencia.bcn.cat\/20232024\/wp-json\/wp\/v2\/media?parent=1018"}],"wp:term":[{"taxonomy":"category","embeddable":true,"href":"https:\/\/blocsenresidencia.bcn.cat\/20232024\/wp-json\/wp\/v2\/categories?post=1018"},{"taxonomy":"post_tag","embeddable":true,"href":"https:\/\/blocsenresidencia.bcn.cat\/20232024\/wp-json\/wp\/v2\/tags?post=1018"}],"curies":[{"name":"wp","href":"https:\/\/api.w.org\/{rel}","templated":true}]}}