{"id":1020,"date":"2024-03-13T18:51:01","date_gmt":"2024-03-13T16:51:01","guid":{"rendered":"https:\/\/blocsenresidencia.bcn.cat\/20232024\/2024\/03\/13\/coneixem-i-posem-en-practica-les-dinamiques-de-grup\/"},"modified":"2024-03-13T18:51:01","modified_gmt":"2024-03-13T16:51:01","slug":"coneixem-i-posem-en-practica-les-dinamiques-de-grup","status":"publish","type":"post","link":"https:\/\/blocsenresidencia.bcn.cat\/20232024\/2024\/03\/13\/coneixem-i-posem-en-practica-les-dinamiques-de-grup\/","title":{"rendered":"Coneixem i posem en pr\u00e0ctica les din\u00e0miques de grup"},"content":{"rendered":"<p>Des de <a href=\"https:\/\/blocsenresidencia.bcn.cat\/martipous2024\/coneixem-i-posem-en-practica-les-dinamiques-de-grup\/\">PSIRC EN RESiD\u00c8NCiA a l&#8217;Institut Mart\u00ed Pous<\/a><\/p>\n<div>\n<p>Les din\u00e0miques de grup s\u00f3n processos d\u2019interacci\u00f3 entre persones mitjan\u00e7ant situacions fict\u00edcies, plantejades amb objectius concrets. En aquest proc\u00e9s es mostra la conducta global i les variacions de la conducta individual dels membres sota la influ\u00e8ncia del grup. L\u2019objectiu de les din\u00e0miques \u00e9s l\u2019aprenentatge, te\u00f2ric i pr\u00e0ctic, mitjan\u00e7ant l\u2019experi\u00e8ncia vivencial participativa: a partir del que cada participant \u201csent i viu\u201d.<\/p>\n<figure class=\"wp-block-image size-large\"><img loading=\"lazy\" decoding=\"async\" width=\"1024\" height=\"768\" src=\"https:\/\/blocsenresidencia.bcn.cat\/martipous2024\/wp-content\/uploads\/2024\/03\/IMG_7990-1024x768.jpg\" alt=\"\" class=\"wp-image-312\" srcset=\"https:\/\/blocsenresidencia.bcn.cat\/martipous2024\/wp-content\/uploads\/2024\/03\/IMG_7990-1024x768.jpg 1024w, https:\/\/blocsenresidencia.bcn.cat\/martipous2024\/wp-content\/uploads\/2024\/03\/IMG_7990-300x225.jpg 300w, https:\/\/blocsenresidencia.bcn.cat\/martipous2024\/wp-content\/uploads\/2024\/03\/IMG_7990-768x576.jpg 768w, https:\/\/blocsenresidencia.bcn.cat\/martipous2024\/wp-content\/uploads\/2024\/03\/IMG_7990-1536x1152.jpg 1536w, https:\/\/blocsenresidencia.bcn.cat\/martipous2024\/wp-content\/uploads\/2024\/03\/IMG_7990-2048x1536.jpg 2048w\" sizes=\"auto, (max-width: 767px) 89vw, (max-width: 1000px) 54vw, (max-width: 1071px) 543px, 580px\"><\/figure>\n<figure class=\"wp-block-image size-large\"><img loading=\"lazy\" decoding=\"async\" width=\"1024\" height=\"768\" src=\"https:\/\/blocsenresidencia.bcn.cat\/martipous2024\/wp-content\/uploads\/2024\/03\/IMG_7988-1024x768.jpg\" alt=\"\" class=\"wp-image-313\" srcset=\"https:\/\/blocsenresidencia.bcn.cat\/martipous2024\/wp-content\/uploads\/2024\/03\/IMG_7988-1024x768.jpg 1024w, https:\/\/blocsenresidencia.bcn.cat\/martipous2024\/wp-content\/uploads\/2024\/03\/IMG_7988-300x225.jpg 300w, https:\/\/blocsenresidencia.bcn.cat\/martipous2024\/wp-content\/uploads\/2024\/03\/IMG_7988-768x576.jpg 768w, https:\/\/blocsenresidencia.bcn.cat\/martipous2024\/wp-content\/uploads\/2024\/03\/IMG_7988-1536x1152.jpg 1536w, https:\/\/blocsenresidencia.bcn.cat\/martipous2024\/wp-content\/uploads\/2024\/03\/IMG_7988-2048x1536.jpg 2048w\" sizes=\"auto, (max-width: 767px) 89vw, (max-width: 1000px) 54vw, (max-width: 1071px) 543px, 580px\"><\/figure>\n<p>Amb les din\u00e0miques posades en pr\u00e0ctica al Mart\u00ed Pous hem buscat una millor forma d\u2019expressi\u00f3 de les relacions humanes que ens permetin avan\u00e7ar en el grup descobrint i vivint emocions noves, ocultes o adormides, obrint sentiments positius d\u2019autoestima, de toler\u00e0ncia i respecte cap els altres. <\/p>\n<p>Cada alumna ha elaborat una din\u00e0mica de grup i hem anat exposant-les al llarg de les sessions. Ens ho hem passat molt b\u00e9 i hem conegut din\u00e0miques que desconeix\u00edem. Algunes de les que hem treballat han estat el llop, les pel\u00b7l\u00edcules, el fil, qui \u00e9s qui, el psic\u00f2leg etc.<\/p>\n<\/div>\n","protected":false},"excerpt":{"rendered":"<p>Des de PSIRC EN RESiD\u00c8NCiA a l&#8217;Institut Mart\u00ed Pous Les din\u00e0miques de grup s\u00f3n processos d\u2019interacci\u00f3 entre persones mitjan\u00e7ant situacions fict\u00edcies, plantejades amb objectius concrets. En aquest proc\u00e9s es mostra la conducta global i les variacions de la conducta individual dels membres sota la influ\u00e8ncia del grup. L\u2019objectiu de les din\u00e0miques \u00e9s l\u2019aprenentatge, te\u00f2ric i &hellip; <\/p>\n<p class=\"link-more\"><a href=\"https:\/\/blocsenresidencia.bcn.cat\/20232024\/2024\/03\/13\/coneixem-i-posem-en-practica-les-dinamiques-de-grup\/\" class=\"more-link\">Continua llegint <span class=\"screen-reader-text\">\u00abConeixem i posem en pr\u00e0ctica les din\u00e0miques de grup\u00bb<\/span><\/a><\/p>\n","protected":false},"author":5,"featured_media":0,"comment_status":"closed","ping_status":"closed","sticky":false,"template":"","format":"standard","meta":{"footnotes":""},"categories":[1],"tags":[],"class_list":["post-1020","post","type-post","status-publish","format-standard","hentry","category-general"],"_links":{"self":[{"href":"https:\/\/blocsenresidencia.bcn.cat\/20232024\/wp-json\/wp\/v2\/posts\/1020","targetHints":{"allow":["GET"]}}],"collection":[{"href":"https:\/\/blocsenresidencia.bcn.cat\/20232024\/wp-json\/wp\/v2\/posts"}],"about":[{"href":"https:\/\/blocsenresidencia.bcn.cat\/20232024\/wp-json\/wp\/v2\/types\/post"}],"author":[{"embeddable":true,"href":"https:\/\/blocsenresidencia.bcn.cat\/20232024\/wp-json\/wp\/v2\/users\/5"}],"replies":[{"embeddable":true,"href":"https:\/\/blocsenresidencia.bcn.cat\/20232024\/wp-json\/wp\/v2\/comments?post=1020"}],"version-history":[{"count":0,"href":"https:\/\/blocsenresidencia.bcn.cat\/20232024\/wp-json\/wp\/v2\/posts\/1020\/revisions"}],"wp:attachment":[{"href":"https:\/\/blocsenresidencia.bcn.cat\/20232024\/wp-json\/wp\/v2\/media?parent=1020"}],"wp:term":[{"taxonomy":"category","embeddable":true,"href":"https:\/\/blocsenresidencia.bcn.cat\/20232024\/wp-json\/wp\/v2\/categories?post=1020"},{"taxonomy":"post_tag","embeddable":true,"href":"https:\/\/blocsenresidencia.bcn.cat\/20232024\/wp-json\/wp\/v2\/tags?post=1020"}],"curies":[{"name":"wp","href":"https:\/\/api.w.org\/{rel}","templated":true}]}}