{"id":1026,"date":"2024-03-18T13:47:00","date_gmt":"2024-03-18T11:47:00","guid":{"rendered":"https:\/\/blocsenresidencia.bcn.cat\/20232024\/2024\/03\/18\/visita-a-la-capella-i-arts-santa-monica\/"},"modified":"2024-03-18T13:47:00","modified_gmt":"2024-03-18T11:47:00","slug":"visita-a-la-capella-i-arts-santa-monica","status":"publish","type":"post","link":"https:\/\/blocsenresidencia.bcn.cat\/20232024\/2024\/03\/18\/visita-a-la-capella-i-arts-santa-monica\/","title":{"rendered":"Visita a La Capella i Arts Santa M\u00f2nica"},"content":{"rendered":"<p>Des de <a href=\"https:\/\/blocsenresidencia.bcn.cat\/noubarris2024\/visita-a-la-capella-i-arts-santa-monica\/\">Biel Llin\u00e0s Teatre EN RESiD\u00c8NCiA a l&#8217;Institut Nou Barris<\/a><\/p>\n<div>\n<p>Vam anar a visitar el Centre d\u2019Art Santa M\u00f2nica a Ciutat Vella i hi havia una exposici\u00f3 sobre el colonialisme. Despr\u00e9s vam visitar La Capella, al carrer Hospital on hi havia una exposici\u00f3 col\u00b7lectiva de la qual en Biel en formava part.<\/p>\n<p>Va ser el primer cop que v\u00e8iem l\u2019obra del Biel en directe, i ens va agradar molt. Hi havia pistes de la seva vida i espais on ha treballat i viscut. Hem intentat esbrinar com era i quant mesurava l\u2019espai constru\u00eft. En Biel ha respost a totes les nostres preguntes i quan hem tornat a l\u2019institut hem seguit xerrant sobre qu\u00e8 ens havia aportat l\u2019obra i quina relaci\u00f3 tenia amb el que estem treballant.<\/p>\n<p><img loading=\"lazy\" decoding=\"async\" class=\"wp-image-446 aligncenter\" src=\"https:\/\/blocsenresidencia.bcn.cat\/noubarris2024\/wp-content\/uploads\/2024\/03\/2P5U7ND-3-300x200.jpg\" alt=\"\" width=\"1024\" height=\"683\" srcset=\"https:\/\/blocsenresidencia.bcn.cat\/noubarris2024\/wp-content\/uploads\/2024\/03\/2P5U7ND-3-300x200.jpg 300w, https:\/\/blocsenresidencia.bcn.cat\/noubarris2024\/wp-content\/uploads\/2024\/03\/2P5U7ND-3-1024x683.jpg 1024w, https:\/\/blocsenresidencia.bcn.cat\/noubarris2024\/wp-content\/uploads\/2024\/03\/2P5U7ND-3-768x512.jpg 768w, https:\/\/blocsenresidencia.bcn.cat\/noubarris2024\/wp-content\/uploads\/2024\/03\/2P5U7ND-3-1536x1024.jpg 1536w\" sizes=\"auto, (max-width: 767px) 89vw, (max-width: 1000px) 54vw, (max-width: 1071px) 543px, 580px\"><\/p>\n<p><a href=\"https:\/\/blocsenresidencia.bcn.cat\/noubarris2024\/visita-a-la-capella-i-arts-santa-monica\/2m7k85j-3\/\"><img loading=\"lazy\" decoding=\"async\" width=\"525\" height=\"350\" src=\"https:\/\/blocsenresidencia.bcn.cat\/noubarris2024\/wp-content\/uploads\/2024\/03\/2M7K85J-3-1024x683.jpg\" class=\"attachment-large size-large\" alt=\"\" srcset=\"https:\/\/blocsenresidencia.bcn.cat\/noubarris2024\/wp-content\/uploads\/2024\/03\/2M7K85J-3-1024x683.jpg 1024w, https:\/\/blocsenresidencia.bcn.cat\/noubarris2024\/wp-content\/uploads\/2024\/03\/2M7K85J-3-300x200.jpg 300w, https:\/\/blocsenresidencia.bcn.cat\/noubarris2024\/wp-content\/uploads\/2024\/03\/2M7K85J-3-768x512.jpg 768w, https:\/\/blocsenresidencia.bcn.cat\/noubarris2024\/wp-content\/uploads\/2024\/03\/2M7K85J-3-1536x1024.jpg 1536w, https:\/\/blocsenresidencia.bcn.cat\/noubarris2024\/wp-content\/uploads\/2024\/03\/2M7K85J-3-2048x1365.jpg 2048w\" sizes=\"auto, 100vw\"><\/a><br \/>\n<a href=\"https:\/\/blocsenresidencia.bcn.cat\/noubarris2024\/visita-a-la-capella-i-arts-santa-monica\/22spgeh-3\/\"><img loading=\"lazy\" decoding=\"async\" width=\"525\" height=\"350\" src=\"https:\/\/blocsenresidencia.bcn.cat\/noubarris2024\/wp-content\/uploads\/2024\/03\/22SPGEH-3-1024x683.jpg\" class=\"attachment-large size-large\" alt=\"\" srcset=\"https:\/\/blocsenresidencia.bcn.cat\/noubarris2024\/wp-content\/uploads\/2024\/03\/22SPGEH-3-1024x683.jpg 1024w, https:\/\/blocsenresidencia.bcn.cat\/noubarris2024\/wp-content\/uploads\/2024\/03\/22SPGEH-3-300x200.jpg 300w, https:\/\/blocsenresidencia.bcn.cat\/noubarris2024\/wp-content\/uploads\/2024\/03\/22SPGEH-3-768x512.jpg 768w, https:\/\/blocsenresidencia.bcn.cat\/noubarris2024\/wp-content\/uploads\/2024\/03\/22SPGEH-3-1536x1024.jpg 1536w, https:\/\/blocsenresidencia.bcn.cat\/noubarris2024\/wp-content\/uploads\/2024\/03\/22SPGEH-3-2048x1365.jpg 2048w\" sizes=\"auto, 100vw\"><\/a><br \/>\n<a href=\"https:\/\/blocsenresidencia.bcn.cat\/noubarris2024\/visita-a-la-capella-i-arts-santa-monica\/28c4l99-3\/\"><img loading=\"lazy\" decoding=\"async\" width=\"525\" height=\"350\" src=\"https:\/\/blocsenresidencia.bcn.cat\/noubarris2024\/wp-content\/uploads\/2024\/03\/28C4L99-3-1024x683.jpg\" class=\"attachment-large size-large\" alt=\"\" srcset=\"https:\/\/blocsenresidencia.bcn.cat\/noubarris2024\/wp-content\/uploads\/2024\/03\/28C4L99-3-1024x683.jpg 1024w, https:\/\/blocsenresidencia.bcn.cat\/noubarris2024\/wp-content\/uploads\/2024\/03\/28C4L99-3-300x200.jpg 300w, https:\/\/blocsenresidencia.bcn.cat\/noubarris2024\/wp-content\/uploads\/2024\/03\/28C4L99-3-768x512.jpg 768w, https:\/\/blocsenresidencia.bcn.cat\/noubarris2024\/wp-content\/uploads\/2024\/03\/28C4L99-3-1536x1024.jpg 1536w, https:\/\/blocsenresidencia.bcn.cat\/noubarris2024\/wp-content\/uploads\/2024\/03\/28C4L99-3-2048x1365.jpg 2048w\" sizes=\"auto, 100vw\"><\/a><br \/>\n<a href=\"https:\/\/blocsenresidencia.bcn.cat\/noubarris2024\/visita-a-la-capella-i-arts-santa-monica\/2m548k2-3\/\"><img loading=\"lazy\" decoding=\"async\" width=\"525\" height=\"350\" src=\"https:\/\/blocsenresidencia.bcn.cat\/noubarris2024\/wp-content\/uploads\/2024\/03\/2M548K2-3-1024x683.jpg\" class=\"attachment-large size-large\" alt=\"\" srcset=\"https:\/\/blocsenresidencia.bcn.cat\/noubarris2024\/wp-content\/uploads\/2024\/03\/2M548K2-3-1024x683.jpg 1024w, https:\/\/blocsenresidencia.bcn.cat\/noubarris2024\/wp-content\/uploads\/2024\/03\/2M548K2-3-300x200.jpg 300w, https:\/\/blocsenresidencia.bcn.cat\/noubarris2024\/wp-content\/uploads\/2024\/03\/2M548K2-3-768x512.jpg 768w, https:\/\/blocsenresidencia.bcn.cat\/noubarris2024\/wp-content\/uploads\/2024\/03\/2M548K2-3-1536x1024.jpg 1536w\" sizes=\"auto, 100vw\"><\/a><br \/>\n<a href=\"https:\/\/blocsenresidencia.bcn.cat\/noubarris2024\/visita-a-la-capella-i-arts-santa-monica\/27l2rc4-3\/\"><img loading=\"lazy\" decoding=\"async\" width=\"525\" height=\"350\" src=\"https:\/\/blocsenresidencia.bcn.cat\/noubarris2024\/wp-content\/uploads\/2024\/03\/27L2RC4-3-1024x683.jpg\" class=\"attachment-large size-large\" alt=\"\" srcset=\"https:\/\/blocsenresidencia.bcn.cat\/noubarris2024\/wp-content\/uploads\/2024\/03\/27L2RC4-3-1024x683.jpg 1024w, https:\/\/blocsenresidencia.bcn.cat\/noubarris2024\/wp-content\/uploads\/2024\/03\/27L2RC4-3-300x200.jpg 300w, https:\/\/blocsenresidencia.bcn.cat\/noubarris2024\/wp-content\/uploads\/2024\/03\/27L2RC4-3-768x512.jpg 768w, https:\/\/blocsenresidencia.bcn.cat\/noubarris2024\/wp-content\/uploads\/2024\/03\/27L2RC4-3-1536x1024.jpg 1536w\" sizes=\"auto, 100vw\"><\/a><br \/>\n<a href=\"https:\/\/blocsenresidencia.bcn.cat\/noubarris2024\/visita-a-la-capella-i-arts-santa-monica\/2p5u7nd-4\/\"><img loading=\"lazy\" decoding=\"async\" width=\"525\" height=\"350\" src=\"https:\/\/blocsenresidencia.bcn.cat\/noubarris2024\/wp-content\/uploads\/2024\/03\/2P5U7ND-4-1024x683.jpg\" class=\"attachment-large size-large\" alt=\"\" srcset=\"https:\/\/blocsenresidencia.bcn.cat\/noubarris2024\/wp-content\/uploads\/2024\/03\/2P5U7ND-4-1024x683.jpg 1024w, https:\/\/blocsenresidencia.bcn.cat\/noubarris2024\/wp-content\/uploads\/2024\/03\/2P5U7ND-4-300x200.jpg 300w, https:\/\/blocsenresidencia.bcn.cat\/noubarris2024\/wp-content\/uploads\/2024\/03\/2P5U7ND-4-768x512.jpg 768w, https:\/\/blocsenresidencia.bcn.cat\/noubarris2024\/wp-content\/uploads\/2024\/03\/2P5U7ND-4-1536x1024.jpg 1536w\" sizes=\"auto, 100vw\"><\/a><\/div>\n","protected":false},"excerpt":{"rendered":"<p>Des de Biel Llin\u00e0s Teatre EN RESiD\u00c8NCiA a l&#8217;Institut Nou Barris Vam anar a visitar el Centre d\u2019Art Santa M\u00f2nica a Ciutat Vella i hi havia una exposici\u00f3 sobre el colonialisme. Despr\u00e9s vam visitar La Capella, al carrer Hospital on hi havia una exposici\u00f3 col\u00b7lectiva de la qual en Biel en formava part. Va ser &hellip; <\/p>\n<p class=\"link-more\"><a href=\"https:\/\/blocsenresidencia.bcn.cat\/20232024\/2024\/03\/18\/visita-a-la-capella-i-arts-santa-monica\/\" class=\"more-link\">Continua llegint <span class=\"screen-reader-text\">\u00abVisita a La Capella i Arts Santa M\u00f2nica\u00bb<\/span><\/a><\/p>\n","protected":false},"author":5,"featured_media":0,"comment_status":"closed","ping_status":"closed","sticky":false,"template":"","format":"standard","meta":{"footnotes":""},"categories":[1],"tags":[],"class_list":["post-1026","post","type-post","status-publish","format-standard","hentry","category-general"],"_links":{"self":[{"href":"https:\/\/blocsenresidencia.bcn.cat\/20232024\/wp-json\/wp\/v2\/posts\/1026","targetHints":{"allow":["GET"]}}],"collection":[{"href":"https:\/\/blocsenresidencia.bcn.cat\/20232024\/wp-json\/wp\/v2\/posts"}],"about":[{"href":"https:\/\/blocsenresidencia.bcn.cat\/20232024\/wp-json\/wp\/v2\/types\/post"}],"author":[{"embeddable":true,"href":"https:\/\/blocsenresidencia.bcn.cat\/20232024\/wp-json\/wp\/v2\/users\/5"}],"replies":[{"embeddable":true,"href":"https:\/\/blocsenresidencia.bcn.cat\/20232024\/wp-json\/wp\/v2\/comments?post=1026"}],"version-history":[{"count":0,"href":"https:\/\/blocsenresidencia.bcn.cat\/20232024\/wp-json\/wp\/v2\/posts\/1026\/revisions"}],"wp:attachment":[{"href":"https:\/\/blocsenresidencia.bcn.cat\/20232024\/wp-json\/wp\/v2\/media?parent=1026"}],"wp:term":[{"taxonomy":"category","embeddable":true,"href":"https:\/\/blocsenresidencia.bcn.cat\/20232024\/wp-json\/wp\/v2\/categories?post=1026"},{"taxonomy":"post_tag","embeddable":true,"href":"https:\/\/blocsenresidencia.bcn.cat\/20232024\/wp-json\/wp\/v2\/tags?post=1026"}],"curies":[{"name":"wp","href":"https:\/\/api.w.org\/{rel}","templated":true}]}}