{"id":1048,"date":"2024-04-08T11:14:09","date_gmt":"2024-04-08T09:14:09","guid":{"rendered":"https:\/\/blocsenresidencia.bcn.cat\/20232024\/2024\/04\/08\/6-de-marc-del-2024\/"},"modified":"2024-04-08T11:14:09","modified_gmt":"2024-04-08T09:14:09","slug":"6-de-marc-del-2024","status":"publish","type":"post","link":"https:\/\/blocsenresidencia.bcn.cat\/20232024\/2024\/04\/08\/6-de-marc-del-2024\/","title":{"rendered":"6 de mar\u00e7 del 2024"},"content":{"rendered":"<p>Des de <a href=\"https:\/\/blocsenresidencia.bcn.cat\/salvatpapasseit2024\/6-de-marc-del-2024\/\">Alfredo Costa-Monteiro EN RESiD\u00c8NCiA a l&#8217;Institut Joan Salvat Papasseit<\/a><\/p>\n<div>\n<p>El dia 6 de mar\u00e7 de 2024 vam escoltar les peces sonores i audiovisuals que hav\u00edem fet els alumnes a casa. L\u2019Alfredo anava fent comentaris per exemple, deia que no hav\u00edem de gravar sons un darrere l\u2019altre (com f\u00e8iem abans), hav\u00edem de barrejar-los.<\/p>\n<p>Tamb\u00e9 ens va donar instruccions sobre unes miniatures sonores que hav\u00edem de fer per a una col\u00b7laboraci\u00f3 amb un institut de Badalona on tamb\u00e9 estan fent el projecte \u2018En resid\u00e8ncia\u2019.<\/p>\n<p>Les diferents miniatures que ens va proposar fer van ser:<\/p>\n<ul>\n<li><strong><em>Soroll dits<\/em><\/strong>: Gravar el soroll durant dos minuts i despr\u00e9s afegir alguna cosa o multiplicar el mateix so.<\/li>\n<li><strong><em>Notes amb acords<\/em><\/strong>: Gravar notes o acords d\u2019algun instrument amb silencis. Si l\u2019instrument est\u00e0 desafinat, millor.<\/li>\n<li><strong><em>Ritme 1 2 3 4 5678<\/em><\/strong>: Fer el ritme amb qualsevol cosa i posar-li reverb amb l\u2019Audacity.<\/li>\n<li><strong><em>Sons atmosf\u00e8rics<\/em><\/strong>: Gravar una s\u00e8rie de sons que puguin crear una atmosfera particular, barrejant amb l\u2019audacity diferents sons.Quant m\u00e9s abstractes, millor.<\/li>\n<li><strong><em>Paisatges \u00edntims, de carrer i mar<\/em><\/strong>: Gravar paisatges \u00edntims, que son gravacions d\u2019espais tancats, petits i que coneixem b\u00e9. Si al escoltar-los so es sap quins llocs son, millor.<\/li>\n<\/ul>\n<p>Despr\u00e9s vam fer proves amb objectes i llanternes per fer ombres abstractes.<\/p>\n<p><strong><em>FOTO:<\/em><\/strong><\/p>\n<p><img fetchpriority=\"high\" decoding=\"async\" src=\"https:\/\/lh7-us.googleusercontent.com\/l_u5lkZKTYLRWgxuJ_8UJ4pxbWK1PryTVQ9nRbsdAnpqoTjRB2du727BPUC22m6BWpkujmcOyMkGVxi1j8KFj5pImn-xFprQpqY263y5u46uJRdgtAD2ptZJqJ4ZkgnU0aKnIKzDrxE2FajTCUpUbUg\" width=\"602\" height=\"451\"><\/p>\n<p><strong><em>Fent ombres amb un got<\/em><\/strong><\/p>\n<p><strong><em>AUDIO:<\/em><\/strong><\/p>\n<p><a href=\"https:\/\/drive.google.com\/file\/d\/1-u4noapi85bS0qkSTtb5v0CAWcWJn18T\/view?usp=classroom_web&amp;authuser=0\">https:\/\/drive.google.com\/file\/d\/1-u4noapi85bS0qkSTtb5v0CAWcWJn18T\/view?usp=classroom_web&amp;authuser=0<\/a><\/p>\n<\/div>\n","protected":false},"excerpt":{"rendered":"<p>Des de Alfredo Costa-Monteiro EN RESiD\u00c8NCiA a l&#8217;Institut Joan Salvat Papasseit El dia 6 de mar\u00e7 de 2024 vam escoltar les peces sonores i audiovisuals que hav\u00edem fet els alumnes a casa. L\u2019Alfredo anava fent comentaris per exemple, deia que no hav\u00edem de gravar sons un darrere l\u2019altre (com f\u00e8iem abans), hav\u00edem de barrejar-los. Tamb\u00e9 &hellip; <\/p>\n<p class=\"link-more\"><a href=\"https:\/\/blocsenresidencia.bcn.cat\/20232024\/2024\/04\/08\/6-de-marc-del-2024\/\" class=\"more-link\">Continua llegint <span class=\"screen-reader-text\">\u00ab6 de mar\u00e7 del 2024\u00bb<\/span><\/a><\/p>\n","protected":false},"author":5,"featured_media":0,"comment_status":"closed","ping_status":"closed","sticky":false,"template":"","format":"standard","meta":{"footnotes":""},"categories":[1],"tags":[],"class_list":["post-1048","post","type-post","status-publish","format-standard","hentry","category-general"],"_links":{"self":[{"href":"https:\/\/blocsenresidencia.bcn.cat\/20232024\/wp-json\/wp\/v2\/posts\/1048","targetHints":{"allow":["GET"]}}],"collection":[{"href":"https:\/\/blocsenresidencia.bcn.cat\/20232024\/wp-json\/wp\/v2\/posts"}],"about":[{"href":"https:\/\/blocsenresidencia.bcn.cat\/20232024\/wp-json\/wp\/v2\/types\/post"}],"author":[{"embeddable":true,"href":"https:\/\/blocsenresidencia.bcn.cat\/20232024\/wp-json\/wp\/v2\/users\/5"}],"replies":[{"embeddable":true,"href":"https:\/\/blocsenresidencia.bcn.cat\/20232024\/wp-json\/wp\/v2\/comments?post=1048"}],"version-history":[{"count":0,"href":"https:\/\/blocsenresidencia.bcn.cat\/20232024\/wp-json\/wp\/v2\/posts\/1048\/revisions"}],"wp:attachment":[{"href":"https:\/\/blocsenresidencia.bcn.cat\/20232024\/wp-json\/wp\/v2\/media?parent=1048"}],"wp:term":[{"taxonomy":"category","embeddable":true,"href":"https:\/\/blocsenresidencia.bcn.cat\/20232024\/wp-json\/wp\/v2\/categories?post=1048"},{"taxonomy":"post_tag","embeddable":true,"href":"https:\/\/blocsenresidencia.bcn.cat\/20232024\/wp-json\/wp\/v2\/tags?post=1048"}],"curies":[{"name":"wp","href":"https:\/\/api.w.org\/{rel}","templated":true}]}}