{"id":1059,"date":"2024-04-18T15:10:49","date_gmt":"2024-04-18T13:10:49","guid":{"rendered":"https:\/\/blocsenresidencia.bcn.cat\/20232024\/2024\/04\/18\/autopublicacio-viatge-de-vida-present\/"},"modified":"2024-04-18T15:10:49","modified_gmt":"2024-04-18T13:10:49","slug":"autopublicacio-viatge-de-vida-present","status":"publish","type":"post","link":"https:\/\/blocsenresidencia.bcn.cat\/20232024\/2024\/04\/18\/autopublicacio-viatge-de-vida-present\/","title":{"rendered":"Autopublicaci\u00f3: Viatge de vida \/ present"},"content":{"rendered":"<p>Des de <a href=\"https:\/\/blocsenresidencia.bcn.cat\/jaumebalmes2024\/autopublicacio-viatge-de-vida-present\/\">Nadia Hafid EN RESiD\u00c8NCiA a l&#8217;Institut Jaume Balmes<\/a><\/p>\n<div>\n<figure class=\"wp-block-image size-large\"><img fetchpriority=\"high\" decoding=\"async\" width=\"1024\" height=\"768\" src=\"https:\/\/blocsenresidencia.bcn.cat\/jaumebalmes2024\/wp-content\/uploads\/2024\/04\/IMG_20240312_122900_1-1024x768.jpg\" alt=\"\" class=\"wp-image-485\" srcset=\"https:\/\/blocsenresidencia.bcn.cat\/jaumebalmes2024\/wp-content\/uploads\/2024\/04\/IMG_20240312_122900_1-1024x768.jpg 1024w, https:\/\/blocsenresidencia.bcn.cat\/jaumebalmes2024\/wp-content\/uploads\/2024\/04\/IMG_20240312_122900_1-300x225.jpg 300w, https:\/\/blocsenresidencia.bcn.cat\/jaumebalmes2024\/wp-content\/uploads\/2024\/04\/IMG_20240312_122900_1-768x576.jpg 768w, https:\/\/blocsenresidencia.bcn.cat\/jaumebalmes2024\/wp-content\/uploads\/2024\/04\/IMG_20240312_122900_1-1536x1152.jpg 1536w, https:\/\/blocsenresidencia.bcn.cat\/jaumebalmes2024\/wp-content\/uploads\/2024\/04\/IMG_20240312_122900_1-2048x1536.jpg 2048w\" sizes=\"(max-width: 767px) 89vw, (max-width: 1000px) 54vw, (max-width: 1071px) 543px, 580px\"><\/figure>\n<p>Despr\u00e9s de realitzar la presentaci\u00f3 al professorat i compartir l\u2019estat del projecte art\u00edstic, la Nadia planteja continuar l\u2019autopublicaci\u00f3 amb la segona postal i explorar el present. En aquest cas el punt de partida \u00e9s <em>Les persones que m\u2019envolten, el meu cercle proper<\/em>\u2026 (vincles que tenim). \u201cPensar en les connexions on ens sostenen i ens recolzem en el nostre dia a dia\u201d.<\/p>\n<figure class=\"wp-block-gallery has-nested-images columns-2 is-cropped wp-block-gallery-1 is-layout-flex wp-block-gallery-is-layout-flex\">\n<figure class=\"wp-block-image size-large\"><img loading=\"lazy\" decoding=\"async\" width=\"1024\" height=\"768\" data-id=\"498\" src=\"https:\/\/blocsenresidencia.bcn.cat\/jaumebalmes2024\/wp-content\/uploads\/2024\/04\/IMG_20240312_123046_1-1-1-1024x768.jpg\" alt=\"\" class=\"wp-image-498\" srcset=\"https:\/\/blocsenresidencia.bcn.cat\/jaumebalmes2024\/wp-content\/uploads\/2024\/04\/IMG_20240312_123046_1-1-1-1024x768.jpg 1024w, https:\/\/blocsenresidencia.bcn.cat\/jaumebalmes2024\/wp-content\/uploads\/2024\/04\/IMG_20240312_123046_1-1-1-300x225.jpg 300w, https:\/\/blocsenresidencia.bcn.cat\/jaumebalmes2024\/wp-content\/uploads\/2024\/04\/IMG_20240312_123046_1-1-1-768x576.jpg 768w, https:\/\/blocsenresidencia.bcn.cat\/jaumebalmes2024\/wp-content\/uploads\/2024\/04\/IMG_20240312_123046_1-1-1-1536x1152.jpg 1536w, https:\/\/blocsenresidencia.bcn.cat\/jaumebalmes2024\/wp-content\/uploads\/2024\/04\/IMG_20240312_123046_1-1-1-2048x1536.jpg 2048w\" sizes=\"auto, (max-width: 767px) 89vw, (max-width: 1000px) 54vw, (max-width: 1071px) 543px, 580px\"><\/figure>\n<figure class=\"wp-block-image size-large\"><img loading=\"lazy\" decoding=\"async\" width=\"1024\" height=\"768\" data-id=\"497\" src=\"https:\/\/blocsenresidencia.bcn.cat\/jaumebalmes2024\/wp-content\/uploads\/2024\/04\/IMG_20240312_123928_1-1-1024x768.jpg\" alt=\"\" class=\"wp-image-497\" srcset=\"https:\/\/blocsenresidencia.bcn.cat\/jaumebalmes2024\/wp-content\/uploads\/2024\/04\/IMG_20240312_123928_1-1-1024x768.jpg 1024w, https:\/\/blocsenresidencia.bcn.cat\/jaumebalmes2024\/wp-content\/uploads\/2024\/04\/IMG_20240312_123928_1-1-300x225.jpg 300w, https:\/\/blocsenresidencia.bcn.cat\/jaumebalmes2024\/wp-content\/uploads\/2024\/04\/IMG_20240312_123928_1-1-768x576.jpg 768w, https:\/\/blocsenresidencia.bcn.cat\/jaumebalmes2024\/wp-content\/uploads\/2024\/04\/IMG_20240312_123928_1-1-1536x1152.jpg 1536w, https:\/\/blocsenresidencia.bcn.cat\/jaumebalmes2024\/wp-content\/uploads\/2024\/04\/IMG_20240312_123928_1-1-2048x1536.jpg 2048w\" sizes=\"auto, (max-width: 767px) 89vw, (max-width: 1000px) 54vw, (max-width: 1071px) 543px, 580px\"><\/figure>\n<figure class=\"wp-block-image size-large\"><img loading=\"lazy\" decoding=\"async\" width=\"1024\" height=\"768\" data-id=\"499\" src=\"https:\/\/blocsenresidencia.bcn.cat\/jaumebalmes2024\/wp-content\/uploads\/2024\/04\/IMG_20240312_123336-1-1024x768.jpg\" alt=\"\" class=\"wp-image-499\" srcset=\"https:\/\/blocsenresidencia.bcn.cat\/jaumebalmes2024\/wp-content\/uploads\/2024\/04\/IMG_20240312_123336-1-1024x768.jpg 1024w, https:\/\/blocsenresidencia.bcn.cat\/jaumebalmes2024\/wp-content\/uploads\/2024\/04\/IMG_20240312_123336-1-300x225.jpg 300w, https:\/\/blocsenresidencia.bcn.cat\/jaumebalmes2024\/wp-content\/uploads\/2024\/04\/IMG_20240312_123336-1-768x576.jpg 768w, https:\/\/blocsenresidencia.bcn.cat\/jaumebalmes2024\/wp-content\/uploads\/2024\/04\/IMG_20240312_123336-1-1536x1152.jpg 1536w, https:\/\/blocsenresidencia.bcn.cat\/jaumebalmes2024\/wp-content\/uploads\/2024\/04\/IMG_20240312_123336-1-2048x1536.jpg 2048w\" sizes=\"auto, (max-width: 767px) 89vw, (max-width: 1000px) 54vw, (max-width: 1071px) 543px, 580px\"><\/figure>\n<figure class=\"wp-block-image size-large\"><img loading=\"lazy\" decoding=\"async\" width=\"1024\" height=\"768\" data-id=\"501\" src=\"https:\/\/blocsenresidencia.bcn.cat\/jaumebalmes2024\/wp-content\/uploads\/2024\/04\/IMG_20240312_123920_1-1-1-1024x768.jpg\" alt=\"\" class=\"wp-image-501\" srcset=\"https:\/\/blocsenresidencia.bcn.cat\/jaumebalmes2024\/wp-content\/uploads\/2024\/04\/IMG_20240312_123920_1-1-1-1024x768.jpg 1024w, https:\/\/blocsenresidencia.bcn.cat\/jaumebalmes2024\/wp-content\/uploads\/2024\/04\/IMG_20240312_123920_1-1-1-300x225.jpg 300w, https:\/\/blocsenresidencia.bcn.cat\/jaumebalmes2024\/wp-content\/uploads\/2024\/04\/IMG_20240312_123920_1-1-1-768x576.jpg 768w, https:\/\/blocsenresidencia.bcn.cat\/jaumebalmes2024\/wp-content\/uploads\/2024\/04\/IMG_20240312_123920_1-1-1-1536x1152.jpg 1536w, https:\/\/blocsenresidencia.bcn.cat\/jaumebalmes2024\/wp-content\/uploads\/2024\/04\/IMG_20240312_123920_1-1-1-2048x1536.jpg 2048w\" sizes=\"auto, (max-width: 767px) 89vw, (max-width: 1000px) 54vw, (max-width: 1071px) 543px, 580px\"><\/figure>\n<figure class=\"wp-block-image size-large\"><img loading=\"lazy\" decoding=\"async\" width=\"1024\" height=\"768\" data-id=\"496\" src=\"https:\/\/blocsenresidencia.bcn.cat\/jaumebalmes2024\/wp-content\/uploads\/2024\/04\/IMG_20240312_123414_1-1-1024x768.jpg\" alt=\"\" class=\"wp-image-496\" srcset=\"https:\/\/blocsenresidencia.bcn.cat\/jaumebalmes2024\/wp-content\/uploads\/2024\/04\/IMG_20240312_123414_1-1-1024x768.jpg 1024w, https:\/\/blocsenresidencia.bcn.cat\/jaumebalmes2024\/wp-content\/uploads\/2024\/04\/IMG_20240312_123414_1-1-300x225.jpg 300w, https:\/\/blocsenresidencia.bcn.cat\/jaumebalmes2024\/wp-content\/uploads\/2024\/04\/IMG_20240312_123414_1-1-768x576.jpg 768w, https:\/\/blocsenresidencia.bcn.cat\/jaumebalmes2024\/wp-content\/uploads\/2024\/04\/IMG_20240312_123414_1-1-1536x1152.jpg 1536w, https:\/\/blocsenresidencia.bcn.cat\/jaumebalmes2024\/wp-content\/uploads\/2024\/04\/IMG_20240312_123414_1-1-2048x1536.jpg 2048w\" sizes=\"auto, (max-width: 767px) 89vw, (max-width: 1000px) 54vw, (max-width: 1071px) 543px, 580px\"><\/figure>\n<figure class=\"wp-block-image size-large\"><img loading=\"lazy\" decoding=\"async\" width=\"1024\" height=\"768\" data-id=\"500\" src=\"https:\/\/blocsenresidencia.bcn.cat\/jaumebalmes2024\/wp-content\/uploads\/2024\/04\/IMG_20240312_123326-1-1024x768.jpg\" alt=\"\" class=\"wp-image-500\" srcset=\"https:\/\/blocsenresidencia.bcn.cat\/jaumebalmes2024\/wp-content\/uploads\/2024\/04\/IMG_20240312_123326-1-1024x768.jpg 1024w, https:\/\/blocsenresidencia.bcn.cat\/jaumebalmes2024\/wp-content\/uploads\/2024\/04\/IMG_20240312_123326-1-300x225.jpg 300w, https:\/\/blocsenresidencia.bcn.cat\/jaumebalmes2024\/wp-content\/uploads\/2024\/04\/IMG_20240312_123326-1-768x576.jpg 768w, https:\/\/blocsenresidencia.bcn.cat\/jaumebalmes2024\/wp-content\/uploads\/2024\/04\/IMG_20240312_123326-1-1536x1152.jpg 1536w, https:\/\/blocsenresidencia.bcn.cat\/jaumebalmes2024\/wp-content\/uploads\/2024\/04\/IMG_20240312_123326-1-2048x1536.jpg 2048w\" sizes=\"auto, (max-width: 767px) 89vw, (max-width: 1000px) 54vw, (max-width: 1071px) 543px, 580px\"><\/figure>\n<\/figure>\n<p>Seguint el proc\u00e9s de la postal anterior, l\u2019alumnat realitza un dibuix on esbossa les imatges entorn als seus vincles, i a continuaci\u00f3 crea la postal mitjan\u00e7ant la t\u00e8cnica del brodat. En aquest cas, la referent que es posa en joc \u00e9s la publicaci\u00f3 <a href=\"https:\/\/bealema.com\/El-Cuerpo-de-Cristo-Des-maux-a-dire\">El cuerpo de Cristo<\/a> de BEA LEMA.<\/p>\n<figure class=\"wp-block-image size-large\"><img loading=\"lazy\" decoding=\"async\" width=\"1024\" height=\"768\" src=\"https:\/\/blocsenresidencia.bcn.cat\/jaumebalmes2024\/wp-content\/uploads\/2024\/04\/IMG_20240312_123947-1024x768.jpg\" alt=\"\" class=\"wp-image-487\" srcset=\"https:\/\/blocsenresidencia.bcn.cat\/jaumebalmes2024\/wp-content\/uploads\/2024\/04\/IMG_20240312_123947-1024x768.jpg 1024w, https:\/\/blocsenresidencia.bcn.cat\/jaumebalmes2024\/wp-content\/uploads\/2024\/04\/IMG_20240312_123947-300x225.jpg 300w, https:\/\/blocsenresidencia.bcn.cat\/jaumebalmes2024\/wp-content\/uploads\/2024\/04\/IMG_20240312_123947-768x576.jpg 768w, https:\/\/blocsenresidencia.bcn.cat\/jaumebalmes2024\/wp-content\/uploads\/2024\/04\/IMG_20240312_123947-1536x1152.jpg 1536w, https:\/\/blocsenresidencia.bcn.cat\/jaumebalmes2024\/wp-content\/uploads\/2024\/04\/IMG_20240312_123947-2048x1536.jpg 2048w\" sizes=\"auto, (max-width: 767px) 89vw, (max-width: 1000px) 54vw, (max-width: 1071px) 543px, 580px\"><\/figure>\n<\/div>\n","protected":false},"excerpt":{"rendered":"<p>Des de Nadia Hafid EN RESiD\u00c8NCiA a l&#8217;Institut Jaume Balmes Despr\u00e9s de realitzar la presentaci\u00f3 al professorat i compartir l\u2019estat del projecte art\u00edstic, la Nadia planteja continuar l\u2019autopublicaci\u00f3 amb la segona postal i explorar el present. En aquest cas el punt de partida \u00e9s Les persones que m\u2019envolten, el meu cercle proper\u2026 (vincles que tenim). &hellip; <\/p>\n<p class=\"link-more\"><a href=\"https:\/\/blocsenresidencia.bcn.cat\/20232024\/2024\/04\/18\/autopublicacio-viatge-de-vida-present\/\" class=\"more-link\">Continua llegint <span class=\"screen-reader-text\">\u00abAutopublicaci\u00f3: Viatge de vida \/ present\u00bb<\/span><\/a><\/p>\n","protected":false},"author":5,"featured_media":0,"comment_status":"closed","ping_status":"closed","sticky":false,"template":"","format":"standard","meta":{"footnotes":""},"categories":[1],"tags":[],"class_list":["post-1059","post","type-post","status-publish","format-standard","hentry","category-general"],"_links":{"self":[{"href":"https:\/\/blocsenresidencia.bcn.cat\/20232024\/wp-json\/wp\/v2\/posts\/1059","targetHints":{"allow":["GET"]}}],"collection":[{"href":"https:\/\/blocsenresidencia.bcn.cat\/20232024\/wp-json\/wp\/v2\/posts"}],"about":[{"href":"https:\/\/blocsenresidencia.bcn.cat\/20232024\/wp-json\/wp\/v2\/types\/post"}],"author":[{"embeddable":true,"href":"https:\/\/blocsenresidencia.bcn.cat\/20232024\/wp-json\/wp\/v2\/users\/5"}],"replies":[{"embeddable":true,"href":"https:\/\/blocsenresidencia.bcn.cat\/20232024\/wp-json\/wp\/v2\/comments?post=1059"}],"version-history":[{"count":0,"href":"https:\/\/blocsenresidencia.bcn.cat\/20232024\/wp-json\/wp\/v2\/posts\/1059\/revisions"}],"wp:attachment":[{"href":"https:\/\/blocsenresidencia.bcn.cat\/20232024\/wp-json\/wp\/v2\/media?parent=1059"}],"wp:term":[{"taxonomy":"category","embeddable":true,"href":"https:\/\/blocsenresidencia.bcn.cat\/20232024\/wp-json\/wp\/v2\/categories?post=1059"},{"taxonomy":"post_tag","embeddable":true,"href":"https:\/\/blocsenresidencia.bcn.cat\/20232024\/wp-json\/wp\/v2\/tags?post=1059"}],"curies":[{"name":"wp","href":"https:\/\/api.w.org\/{rel}","templated":true}]}}