{"id":1065,"date":"2024-04-23T01:36:29","date_gmt":"2024-04-22T23:36:29","guid":{"rendered":"https:\/\/blocsenresidencia.bcn.cat\/20232024\/2024\/04\/23\/sortida-exposicio-chiharu-shiota\/"},"modified":"2024-04-23T01:36:29","modified_gmt":"2024-04-22T23:36:29","slug":"sortida-exposicio-chiharu-shiota","status":"publish","type":"post","link":"https:\/\/blocsenresidencia.bcn.cat\/20232024\/2024\/04\/23\/sortida-exposicio-chiharu-shiota\/","title":{"rendered":"Sortida Exposici\u00f3 Chiharu Shiota"},"content":{"rendered":"<p>Des de <a href=\"https:\/\/blocsenresidencia.bcn.cat\/sagrerasantandreu2024\/sortida-exposicio-chiharu-shiota\/\">Tatiana Donoso EN RESiD\u00c8NCiA a l&#8217;Institut La Sagrera Sant Andreu<\/a><\/p>\n<div>\n<p>El dimarts  9 d\u2019abril, vam anar d\u2019excursi\u00f3 a fer un recorregut d\u2019exposicions. La idea principal era visitar les instal\u00b7lacions del museu Tapies que tenen obres tant d\u2019aquest mateix autor com de Chiharu Shiota. Aquesta artista treballa amb escultura i transforma espais, a partir de la idea de l\u2019exploraci\u00f3 de l\u2019individu.<br \/>Com que el nostre projecte tamb\u00e9 consisteix a reformar espais, vol\u00edem agafar idees. La seva obra omple tota la sala de fils vermells lligats a cadires, a l\u2019habitaci\u00f3 contigua hi havia unes quantes escultures de vidre bufat i una xarxa de cuir tintat. Ens va agradar molt, i ens va inspirar pel que fa al que significa transformar un espai sencer.<\/p>\n<p><img fetchpriority=\"high\" decoding=\"async\" src=\"https:\/\/lh7-us.googleusercontent.com\/b8S-AKHymkJwRjBG-l9DlvRytEeUK6z70fNoC2gFtNUz9PfCZLc8Fv5MKKuSQH5Co-FPhQByQoej8M24BBK-825dpFwkrqYanQjuTQnVFLe8rTQcnajz4vbzy5E3IVW1AL71QLNeUbVNLirWT8HwCA\" width=\"252\" height=\"336\"><img loading=\"lazy\" decoding=\"async\" src=\"https:\/\/lh7-us.googleusercontent.com\/KI9rO0tTsqXaiLMn-hheAVNKWquwDMw9x7gSPg7_leaqnvbPLhOrQz8QLoGejh6D9yx6fBy0jHwYAUglSHp17NUgcPU5kw-ucFJUP_3X9uJBYNARQhIrBC8KtFavgEAz1rTO_SliRIcLBqDTgCqrqQ\" width=\"310\" height=\"231\"><\/p>\n<\/p>\n<p><img decoding=\"async\" src=\"https:\/\/lh7-us.googleusercontent.com\/vtdVnVOm9BPiCaMIKLd03znRcyffZExXTUJneKA_pewuH-e5peFjyHrCLMeF7per2SuONMoGF8V81gNnmUyvHi3Mo3BRKDMIYJl1N04QK11KU0GKQ1BIN5v1vtcet9euozAt0xJlAIzStaG_RPlYOQ\" width=\"601.9999999999999\" height=\"451\"><\/p>\n<\/p>\n<p><img loading=\"lazy\" decoding=\"async\" width=\"377\" height=\"281\" src=\"https:\/\/lh7-us.googleusercontent.com\/7xdZX14x56-_PNrZY5Z9_NLE6v1yVyPMpjakmkUphWL89QSDbV7X4YpEzNxnqdxXXdg-773X24WCxn54g-Xl8uQd8efy14bB7tocj_7xrKRUJ_ONCWQ2ICg-H6Eo2bTuq9gVNasdqhmCR6sWRd3wQQ\"><\/p>\n<p><img decoding=\"async\" src=\"https:\/\/lh7-us.googleusercontent.com\/yBH_psixS8u9-5YvRhUHEqg-h6-mxREQvgkyVa-W76ZmS40TRKWIRSwwVeLOM4-6hvi9IB6i-kQQALzXTCROH-RhzXjWVIyar77OeiVv7ebq8QyOq67x7nZxMHvqXqmPO8x5lGm19CDufToVarcmGQ\" width=\"298\" height=\"396.51584323440954\"><\/p>\n<\/p>\n<p><img loading=\"lazy\" decoding=\"async\" width=\"395\" height=\"527\" src=\"https:\/\/lh7-us.googleusercontent.com\/G_UZAatE0FmhqCYvXdnt3jdhUG19yNjg62rpXREb77WUc5zCYlW9XUyTIrtyDz0xCy_aYQygvd8FaFld5rKuND75Epw0d4Qe2OV9M17jCQwhOUaHe5kQJhzM8j6Cf4QOR8yIZkeaCJ_omQY6Mrjocg\"><\/p>\n<p>Despr\u00e9s vam anar a veure altres exposicions que ens quedaven a prop; l\u2019obra d\u2019una artista independent que treballava amb molt de t\u00e8xtil i la mem\u00f2ria col\u00b7lectiva.<\/p>\n<p><img loading=\"lazy\" decoding=\"async\" src=\"https:\/\/lh7-us.googleusercontent.com\/PpsU2BNcBQl0x2uLkV8acYtBiG6VXkQe8pSLKUVtDYhGcA2rqmcEqQfoYn-lOe4TbwaTZDS8eBUIsu-4y3g4cQ-_ohvRG87Ua3v_ha1bhDFkYY05SzNiHk4Z4lDqhGcE4EhEMB6035WkRKssbtMUNg\" width=\"517\" height=\"387\"><\/p>\n<p><img decoding=\"async\" width=\"469.9145728643216\" height=\"352.9261363636359\" src=\"https:\/\/lh7-us.googleusercontent.com\/7Icr5QPcW-JGGKM85jombn6UeGhOo6xBw12VJkr6N8hMTZZp5-GcIJn2Qtlhm-LN9Ax2dejDDDvXtqVMiZLF3aBSQEc0GXu6jvXZBC1LW1bVeaOjsJCEmh-I_zQD98M3it1UIO3HA0oi7uZFDn7d1w\"><\/p>\n<p>I la feina d\u2019Oca\u00f1a, que explorava l\u2019homosexualitat des d\u2019un punt sat\u00edric. Aquest darrer ens va cridar molt l\u2019atenci\u00f3 a causa de l\u2019acidesa del seu art.<\/p>\n<p><img loading=\"lazy\" decoding=\"async\" src=\"https:\/\/lh7-us.googleusercontent.com\/IF_3g3KWn5FdggUP3ludMCWOCHSTUuEin9nY4eWC0OHQa8A-hzFDWrRucTK3qatXF3OHrLzgK4lkar7GTunpYuLu6A_Q-t3zLzrfNbsBCzdo74qloFjCwU2WV9b6OcHKfQtoW1Ws-1GR_LsVFv8Fig\" width=\"226\" height=\"302\"><img decoding=\"async\" src=\"https:\/\/lh7-us.googleusercontent.com\/gAd4v4rwGk4UTA6ulPMdM7DLbImXT-6zJoxsdrS6oUvO4OjlhQqeQOcw64LVeTlCY71giGAVSWeUzFBblsJoabQEQnG8uMfK5Y11X378Rg9OYBEkPbZb9i7V9dpZuDudPX7_05u3hITfJkahuOxoQw\" width=\"208\" height=\"278.4010349288487\"><\/p>\n<p>Hem gaudit molt d\u2019aquesta experi\u00e8ncia perqu\u00e8 hem conegut artistes que no coneix\u00edem i ens n\u2019hem inspirat<\/p>\n<\/p>\n<p>Laia Bayo<\/p>\n<\/div>\n","protected":false},"excerpt":{"rendered":"<p>Des de Tatiana Donoso EN RESiD\u00c8NCiA a l&#8217;Institut La Sagrera Sant Andreu El dimarts 9 d\u2019abril, vam anar d\u2019excursi\u00f3 a fer un recorregut d\u2019exposicions. La idea principal era visitar les instal\u00b7lacions del museu Tapies que tenen obres tant d\u2019aquest mateix autor com de Chiharu Shiota. Aquesta artista treballa amb escultura i transforma espais, a partir &hellip; <\/p>\n<p class=\"link-more\"><a href=\"https:\/\/blocsenresidencia.bcn.cat\/20232024\/2024\/04\/23\/sortida-exposicio-chiharu-shiota\/\" class=\"more-link\">Continua llegint <span class=\"screen-reader-text\">\u00abSortida Exposici\u00f3 Chiharu Shiota\u00bb<\/span><\/a><\/p>\n","protected":false},"author":5,"featured_media":0,"comment_status":"closed","ping_status":"closed","sticky":false,"template":"","format":"standard","meta":{"footnotes":""},"categories":[1],"tags":[],"class_list":["post-1065","post","type-post","status-publish","format-standard","hentry","category-general"],"_links":{"self":[{"href":"https:\/\/blocsenresidencia.bcn.cat\/20232024\/wp-json\/wp\/v2\/posts\/1065","targetHints":{"allow":["GET"]}}],"collection":[{"href":"https:\/\/blocsenresidencia.bcn.cat\/20232024\/wp-json\/wp\/v2\/posts"}],"about":[{"href":"https:\/\/blocsenresidencia.bcn.cat\/20232024\/wp-json\/wp\/v2\/types\/post"}],"author":[{"embeddable":true,"href":"https:\/\/blocsenresidencia.bcn.cat\/20232024\/wp-json\/wp\/v2\/users\/5"}],"replies":[{"embeddable":true,"href":"https:\/\/blocsenresidencia.bcn.cat\/20232024\/wp-json\/wp\/v2\/comments?post=1065"}],"version-history":[{"count":0,"href":"https:\/\/blocsenresidencia.bcn.cat\/20232024\/wp-json\/wp\/v2\/posts\/1065\/revisions"}],"wp:attachment":[{"href":"https:\/\/blocsenresidencia.bcn.cat\/20232024\/wp-json\/wp\/v2\/media?parent=1065"}],"wp:term":[{"taxonomy":"category","embeddable":true,"href":"https:\/\/blocsenresidencia.bcn.cat\/20232024\/wp-json\/wp\/v2\/categories?post=1065"},{"taxonomy":"post_tag","embeddable":true,"href":"https:\/\/blocsenresidencia.bcn.cat\/20232024\/wp-json\/wp\/v2\/tags?post=1065"}],"curies":[{"name":"wp","href":"https:\/\/api.w.org\/{rel}","templated":true}]}}