{"id":1072,"date":"2024-05-03T12:11:24","date_gmt":"2024-05-03T10:11:24","guid":{"rendered":"https:\/\/blocsenresidencia.bcn.cat\/20232024\/2024\/05\/03\/autopublicacio-viatge-de-vida-futur\/"},"modified":"2024-05-03T12:11:24","modified_gmt":"2024-05-03T10:11:24","slug":"autopublicacio-viatge-de-vida-futur","status":"publish","type":"post","link":"https:\/\/blocsenresidencia.bcn.cat\/20232024\/2024\/05\/03\/autopublicacio-viatge-de-vida-futur\/","title":{"rendered":"Autopublicaci\u00f3: Viatge de vida \/ futur."},"content":{"rendered":"<p>Des de <a href=\"https:\/\/blocsenresidencia.bcn.cat\/jaumebalmes2024\/autopublicacio-viatge-de-vida-futur\/\">Nadia Hafid EN RESiD\u00c8NCiA a l&#8217;Institut Jaume Balmes<\/a><\/p>\n<div>\n<p>El proc\u00e9s creatiu del grup va tocant el seu final amb l\u2019elaboraci\u00f3 de la postal dedicada al futur. La Nadia ha convidat el grup a reflexionar sobre com ser\u00e0 el m\u00f3n del futur i l\u2019entorn al qual ens dirigim.  Aix\u00ed doncs, l\u2019alumnat imaginar\u00e0 de manera individual com ser\u00e0 aquest paisatge incert,  travessat per inquietuds i debats actuals com el canvi clim\u00e0tic, l\u2019aven\u00e7 de les tecnologies i d\u2019all\u00f2 artificial en el nostre dia a dia o l\u2019expulsi\u00f3 de les persones dels barris i ciutats on vivim. Per imaginar aquests entorns (urbans, naturals, futuristes\u2026  sense la pres\u00e8ncia de l\u2019individu), en aquesta tercera postal han utilitzat de manera lliure dues t\u00e8cniques:  l\u2019aquarel\u00b7la, tot experimentant amb les possibilitats del gest,  les veladures i les capes de textures, i la tinta xinesa, fent composicions en blanc i negre.  Descobrim que no s\u00f3n t\u00e8cniques f\u00e0cils i que requereixen concentraci\u00f3 i m\u00e8tode. <\/p>\n<p>En aquesta postal, els referents de l\u2019univers del c\u00f2mic han estat <em>Jolgorio<\/em> de Brecht Evens, caracteritzat per l\u2019\u00fas vibrant i contrastat del color, i les distopies en blanc i negre de <em>Metax<\/em> d\u2019Antoine Coss\u00e9.<\/p>\n<p>I, ara que tenim les tres postals, qu\u00e8 farem a continuaci\u00f3? <\/p>\n<figure class=\"wp-block-image size-large\"><img fetchpriority=\"high\" decoding=\"async\" width=\"1024\" height=\"768\" src=\"https:\/\/blocsenresidencia.bcn.cat\/jaumebalmes2024\/wp-content\/uploads\/2024\/05\/20240416_123854-1024x768.jpg\" alt=\"\" class=\"wp-image-507\" srcset=\"https:\/\/blocsenresidencia.bcn.cat\/jaumebalmes2024\/wp-content\/uploads\/2024\/05\/20240416_123854-1024x768.jpg 1024w, https:\/\/blocsenresidencia.bcn.cat\/jaumebalmes2024\/wp-content\/uploads\/2024\/05\/20240416_123854-300x225.jpg 300w, https:\/\/blocsenresidencia.bcn.cat\/jaumebalmes2024\/wp-content\/uploads\/2024\/05\/20240416_123854-768x576.jpg 768w, https:\/\/blocsenresidencia.bcn.cat\/jaumebalmes2024\/wp-content\/uploads\/2024\/05\/20240416_123854-1536x1152.jpg 1536w, https:\/\/blocsenresidencia.bcn.cat\/jaumebalmes2024\/wp-content\/uploads\/2024\/05\/20240416_123854-2048x1536.jpg 2048w\" sizes=\"(max-width: 767px) 89vw, (max-width: 1000px) 54vw, (max-width: 1071px) 543px, 580px\"><\/figure>\n<figure class=\"wp-block-gallery has-nested-images columns-default is-cropped wp-block-gallery-1 is-layout-flex wp-block-gallery-is-layout-flex\">\n<figure class=\"wp-block-image size-large\"><img loading=\"lazy\" decoding=\"async\" width=\"768\" height=\"1024\" data-id=\"513\" src=\"https:\/\/blocsenresidencia.bcn.cat\/jaumebalmes2024\/wp-content\/uploads\/2024\/05\/20240416_124153-768x1024.jpg\" alt=\"\" class=\"wp-image-513\" srcset=\"https:\/\/blocsenresidencia.bcn.cat\/jaumebalmes2024\/wp-content\/uploads\/2024\/05\/20240416_124153-768x1024.jpg 768w, https:\/\/blocsenresidencia.bcn.cat\/jaumebalmes2024\/wp-content\/uploads\/2024\/05\/20240416_124153-225x300.jpg 225w, https:\/\/blocsenresidencia.bcn.cat\/jaumebalmes2024\/wp-content\/uploads\/2024\/05\/20240416_124153-1152x1536.jpg 1152w, https:\/\/blocsenresidencia.bcn.cat\/jaumebalmes2024\/wp-content\/uploads\/2024\/05\/20240416_124153-1536x2048.jpg 1536w, https:\/\/blocsenresidencia.bcn.cat\/jaumebalmes2024\/wp-content\/uploads\/2024\/05\/20240416_124153-scaled.jpg 1920w\" sizes=\"auto, (max-width: 767px) 89vw, (max-width: 1000px) 54vw, (max-width: 1071px) 543px, 580px\"><\/figure>\n<figure class=\"wp-block-image size-large\"><img loading=\"lazy\" decoding=\"async\" width=\"768\" height=\"1024\" data-id=\"514\" src=\"https:\/\/blocsenresidencia.bcn.cat\/jaumebalmes2024\/wp-content\/uploads\/2024\/05\/20240416_124211-768x1024.jpg\" alt=\"\" class=\"wp-image-514\" srcset=\"https:\/\/blocsenresidencia.bcn.cat\/jaumebalmes2024\/wp-content\/uploads\/2024\/05\/20240416_124211-768x1024.jpg 768w, https:\/\/blocsenresidencia.bcn.cat\/jaumebalmes2024\/wp-content\/uploads\/2024\/05\/20240416_124211-225x300.jpg 225w, https:\/\/blocsenresidencia.bcn.cat\/jaumebalmes2024\/wp-content\/uploads\/2024\/05\/20240416_124211-1152x1536.jpg 1152w, https:\/\/blocsenresidencia.bcn.cat\/jaumebalmes2024\/wp-content\/uploads\/2024\/05\/20240416_124211-1536x2048.jpg 1536w, https:\/\/blocsenresidencia.bcn.cat\/jaumebalmes2024\/wp-content\/uploads\/2024\/05\/20240416_124211-scaled.jpg 1920w\" sizes=\"auto, (max-width: 767px) 89vw, (max-width: 1000px) 54vw, (max-width: 1071px) 543px, 580px\"><\/figure>\n<\/figure>\n<\/div>\n","protected":false},"excerpt":{"rendered":"<p>Des de Nadia Hafid EN RESiD\u00c8NCiA a l&#8217;Institut Jaume Balmes El proc\u00e9s creatiu del grup va tocant el seu final amb l\u2019elaboraci\u00f3 de la postal dedicada al futur. La Nadia ha convidat el grup a reflexionar sobre com ser\u00e0 el m\u00f3n del futur i l\u2019entorn al qual ens dirigim. Aix\u00ed doncs, l\u2019alumnat imaginar\u00e0 de manera &hellip; <\/p>\n<p class=\"link-more\"><a href=\"https:\/\/blocsenresidencia.bcn.cat\/20232024\/2024\/05\/03\/autopublicacio-viatge-de-vida-futur\/\" class=\"more-link\">Continua llegint <span class=\"screen-reader-text\">\u00abAutopublicaci\u00f3: Viatge de vida \/ futur.\u00bb<\/span><\/a><\/p>\n","protected":false},"author":5,"featured_media":0,"comment_status":"closed","ping_status":"closed","sticky":false,"template":"","format":"standard","meta":{"footnotes":""},"categories":[1],"tags":[],"class_list":["post-1072","post","type-post","status-publish","format-standard","hentry","category-general"],"_links":{"self":[{"href":"https:\/\/blocsenresidencia.bcn.cat\/20232024\/wp-json\/wp\/v2\/posts\/1072","targetHints":{"allow":["GET"]}}],"collection":[{"href":"https:\/\/blocsenresidencia.bcn.cat\/20232024\/wp-json\/wp\/v2\/posts"}],"about":[{"href":"https:\/\/blocsenresidencia.bcn.cat\/20232024\/wp-json\/wp\/v2\/types\/post"}],"author":[{"embeddable":true,"href":"https:\/\/blocsenresidencia.bcn.cat\/20232024\/wp-json\/wp\/v2\/users\/5"}],"replies":[{"embeddable":true,"href":"https:\/\/blocsenresidencia.bcn.cat\/20232024\/wp-json\/wp\/v2\/comments?post=1072"}],"version-history":[{"count":0,"href":"https:\/\/blocsenresidencia.bcn.cat\/20232024\/wp-json\/wp\/v2\/posts\/1072\/revisions"}],"wp:attachment":[{"href":"https:\/\/blocsenresidencia.bcn.cat\/20232024\/wp-json\/wp\/v2\/media?parent=1072"}],"wp:term":[{"taxonomy":"category","embeddable":true,"href":"https:\/\/blocsenresidencia.bcn.cat\/20232024\/wp-json\/wp\/v2\/categories?post=1072"},{"taxonomy":"post_tag","embeddable":true,"href":"https:\/\/blocsenresidencia.bcn.cat\/20232024\/wp-json\/wp\/v2\/tags?post=1072"}],"curies":[{"name":"wp","href":"https:\/\/api.w.org\/{rel}","templated":true}]}}