{"id":1082,"date":"2024-05-16T10:50:54","date_gmt":"2024-05-16T08:50:54","guid":{"rendered":"https:\/\/blocsenresidencia.bcn.cat\/20232024\/2024\/05\/16\/mes-a-prop-de-lestrena\/"},"modified":"2024-05-16T10:50:54","modified_gmt":"2024-05-16T08:50:54","slug":"mes-a-prop-de-lestrena","status":"publish","type":"post","link":"https:\/\/blocsenresidencia.bcn.cat\/20232024\/2024\/05\/16\/mes-a-prop-de-lestrena\/","title":{"rendered":"M\u00c9S A PROP DE L\u2019ESTRENA"},"content":{"rendered":"<p>Des de <a href=\"https:\/\/blocsenresidencia.bcn.cat\/alzina2024\/mes-a-prop-de-lestrena\/\">Lucia del Greco EN RESiD\u00c8NCiA a l&#8217;Institut L&#8217;Alzina<\/a><\/p>\n<div>\n<p>La setmana vinent tenim un assaig obert al Centre C\u00edvic Congr\u00e9s-Indians, l\u2019espai on hem estat assajant durant tots aquests mesos. Ser\u00e0 un gran esdeveniment en el qual mostrarem, per primera vegada, la versi\u00f3 definitiva de l\u2019obra que hem estat preparant amb la Lucia. <\/p>\n<figure class=\"wp-block-image size-large\"><img fetchpriority=\"high\" decoding=\"async\" width=\"1024\" height=\"768\" src=\"https:\/\/blocsenresidencia.bcn.cat\/alzina2024\/wp-content\/uploads\/2024\/05\/1715847514889-1024x768.jpg\" alt=\"\" class=\"wp-image-367\" srcset=\"https:\/\/blocsenresidencia.bcn.cat\/alzina2024\/wp-content\/uploads\/2024\/05\/1715847514889-1024x768.jpg 1024w, https:\/\/blocsenresidencia.bcn.cat\/alzina2024\/wp-content\/uploads\/2024\/05\/1715847514889-300x225.jpg 300w, https:\/\/blocsenresidencia.bcn.cat\/alzina2024\/wp-content\/uploads\/2024\/05\/1715847514889-768x576.jpg 768w, https:\/\/blocsenresidencia.bcn.cat\/alzina2024\/wp-content\/uploads\/2024\/05\/1715847514889-1536x1152.jpg 1536w, https:\/\/blocsenresidencia.bcn.cat\/alzina2024\/wp-content\/uploads\/2024\/05\/1715847514889-2048x1536.jpg 2048w\" sizes=\"(max-width: 767px) 89vw, (max-width: 1000px) 54vw, (max-width: 1071px) 543px, 580px\"><\/figure>\n<p>Han sigut uns mesos intensos en els quals hem treballat molt amb ella per poder obtenir aquest resultat i ens fa molta il\u00b7lusi\u00f3 poder compartir-la amb tots vosaltres!<\/p>\n<figure class=\"wp-block-image size-large\"><img loading=\"lazy\" decoding=\"async\" width=\"1024\" height=\"768\" src=\"https:\/\/blocsenresidencia.bcn.cat\/alzina2024\/wp-content\/uploads\/2024\/05\/1715847514924-1024x768.jpg\" alt=\"\" class=\"wp-image-369\" srcset=\"https:\/\/blocsenresidencia.bcn.cat\/alzina2024\/wp-content\/uploads\/2024\/05\/1715847514924-1024x768.jpg 1024w, https:\/\/blocsenresidencia.bcn.cat\/alzina2024\/wp-content\/uploads\/2024\/05\/1715847514924-300x225.jpg 300w, https:\/\/blocsenresidencia.bcn.cat\/alzina2024\/wp-content\/uploads\/2024\/05\/1715847514924-768x576.jpg 768w, https:\/\/blocsenresidencia.bcn.cat\/alzina2024\/wp-content\/uploads\/2024\/05\/1715847514924-1536x1152.jpg 1536w, https:\/\/blocsenresidencia.bcn.cat\/alzina2024\/wp-content\/uploads\/2024\/05\/1715847514924-2048x1536.jpg 2048w\" sizes=\"auto, (max-width: 767px) 89vw, (max-width: 1000px) 54vw, (max-width: 1071px) 543px, 580px\"><\/figure>\n<p>Estem molt nerviosos perqu\u00e8 hi ha moltes coses que encara no tenim clares. <\/p>\n<figure class=\"wp-block-image size-large\"><img loading=\"lazy\" decoding=\"async\" width=\"1024\" height=\"462\" src=\"https:\/\/blocsenresidencia.bcn.cat\/alzina2024\/wp-content\/uploads\/2024\/05\/1715848616819-1024x462.jpg\" alt=\"\" class=\"wp-image-366\" srcset=\"https:\/\/blocsenresidencia.bcn.cat\/alzina2024\/wp-content\/uploads\/2024\/05\/1715848616819-1024x462.jpg 1024w, https:\/\/blocsenresidencia.bcn.cat\/alzina2024\/wp-content\/uploads\/2024\/05\/1715848616819-300x135.jpg 300w, https:\/\/blocsenresidencia.bcn.cat\/alzina2024\/wp-content\/uploads\/2024\/05\/1715848616819-768x346.jpg 768w, https:\/\/blocsenresidencia.bcn.cat\/alzina2024\/wp-content\/uploads\/2024\/05\/1715848616819-1536x693.jpg 1536w, https:\/\/blocsenresidencia.bcn.cat\/alzina2024\/wp-content\/uploads\/2024\/05\/1715848616819-2048x924.jpg 2048w\" sizes=\"auto, (max-width: 767px) 89vw, (max-width: 1000px) 54vw, (max-width: 1071px) 543px, 580px\"><\/figure>\n<p>Cada dia eliminem o transformem parts de l\u2019obra, cosa que vol dir que constantment dubtem de tot, de fet, ara per ara, no sabem encara si anem endavant, en cercle, fent ziga-zaga\u2026 <\/p>\n<figure class=\"wp-block-image size-large\"><img loading=\"lazy\" decoding=\"async\" width=\"1024\" height=\"462\" src=\"https:\/\/blocsenresidencia.bcn.cat\/alzina2024\/wp-content\/uploads\/2024\/05\/1715848616918-1024x462.jpg\" alt=\"\" class=\"wp-image-368\" srcset=\"https:\/\/blocsenresidencia.bcn.cat\/alzina2024\/wp-content\/uploads\/2024\/05\/1715848616918-1024x462.jpg 1024w, https:\/\/blocsenresidencia.bcn.cat\/alzina2024\/wp-content\/uploads\/2024\/05\/1715848616918-300x135.jpg 300w, https:\/\/blocsenresidencia.bcn.cat\/alzina2024\/wp-content\/uploads\/2024\/05\/1715848616918-768x346.jpg 768w, https:\/\/blocsenresidencia.bcn.cat\/alzina2024\/wp-content\/uploads\/2024\/05\/1715848616918-1536x693.jpg 1536w, https:\/\/blocsenresidencia.bcn.cat\/alzina2024\/wp-content\/uploads\/2024\/05\/1715848616918-2048x924.jpg 2048w\" sizes=\"auto, (max-width: 767px) 89vw, (max-width: 1000px) 54vw, (max-width: 1071px) 543px, 580px\"><\/figure>\n<p>Tot i que sabem cap on anem, no tenim clar com hi acabarem arribant. No obstant aix\u00f2, estem segures que amb l\u2019ajuda de la Lucia, tot sortir\u00e0 b\u00e9!<\/p>\n<\/div>\n","protected":false},"excerpt":{"rendered":"<p>Des de Lucia del Greco EN RESiD\u00c8NCiA a l&#8217;Institut L&#8217;Alzina La setmana vinent tenim un assaig obert al Centre C\u00edvic Congr\u00e9s-Indians, l\u2019espai on hem estat assajant durant tots aquests mesos. Ser\u00e0 un gran esdeveniment en el qual mostrarem, per primera vegada, la versi\u00f3 definitiva de l\u2019obra que hem estat preparant amb la Lucia. Han sigut &hellip; <\/p>\n<p class=\"link-more\"><a href=\"https:\/\/blocsenresidencia.bcn.cat\/20232024\/2024\/05\/16\/mes-a-prop-de-lestrena\/\" class=\"more-link\">Continua llegint <span class=\"screen-reader-text\">\u00abM\u00c9S A PROP DE L\u2019ESTRENA\u00bb<\/span><\/a><\/p>\n","protected":false},"author":5,"featured_media":0,"comment_status":"closed","ping_status":"closed","sticky":false,"template":"","format":"standard","meta":{"footnotes":""},"categories":[1],"tags":[],"class_list":["post-1082","post","type-post","status-publish","format-standard","hentry","category-general"],"_links":{"self":[{"href":"https:\/\/blocsenresidencia.bcn.cat\/20232024\/wp-json\/wp\/v2\/posts\/1082","targetHints":{"allow":["GET"]}}],"collection":[{"href":"https:\/\/blocsenresidencia.bcn.cat\/20232024\/wp-json\/wp\/v2\/posts"}],"about":[{"href":"https:\/\/blocsenresidencia.bcn.cat\/20232024\/wp-json\/wp\/v2\/types\/post"}],"author":[{"embeddable":true,"href":"https:\/\/blocsenresidencia.bcn.cat\/20232024\/wp-json\/wp\/v2\/users\/5"}],"replies":[{"embeddable":true,"href":"https:\/\/blocsenresidencia.bcn.cat\/20232024\/wp-json\/wp\/v2\/comments?post=1082"}],"version-history":[{"count":0,"href":"https:\/\/blocsenresidencia.bcn.cat\/20232024\/wp-json\/wp\/v2\/posts\/1082\/revisions"}],"wp:attachment":[{"href":"https:\/\/blocsenresidencia.bcn.cat\/20232024\/wp-json\/wp\/v2\/media?parent=1082"}],"wp:term":[{"taxonomy":"category","embeddable":true,"href":"https:\/\/blocsenresidencia.bcn.cat\/20232024\/wp-json\/wp\/v2\/categories?post=1082"},{"taxonomy":"post_tag","embeddable":true,"href":"https:\/\/blocsenresidencia.bcn.cat\/20232024\/wp-json\/wp\/v2\/tags?post=1082"}],"curies":[{"name":"wp","href":"https:\/\/api.w.org\/{rel}","templated":true}]}}