{"id":1083,"date":"2024-05-17T14:42:44","date_gmt":"2024-05-17T12:42:44","guid":{"rendered":"https:\/\/blocsenresidencia.bcn.cat\/20232024\/2024\/05\/17\/preparant-la-mostra-final\/"},"modified":"2024-05-17T14:42:44","modified_gmt":"2024-05-17T12:42:44","slug":"preparant-la-mostra-final","status":"publish","type":"post","link":"https:\/\/blocsenresidencia.bcn.cat\/20232024\/2024\/05\/17\/preparant-la-mostra-final\/","title":{"rendered":"PREPARANT LA MOSTRA FINAL!!"},"content":{"rendered":"<p>Des de <a href=\"https:\/\/blocsenresidencia.bcn.cat\/sedeta2024\/preparant-la-mostra-final\/\">Irena Visa EN RESiD\u00c8NCiA a l&#8217;Institut La Sedeta<\/a><\/p>\n<div>\n<p>Ja fa uns dies vem anar a la Fundaci\u00f3 Mir\u00f3 a prepara la mostra final de la nostra l\u2019exposici\u00f3 amb l\u2019Irena Visa. Per grups vem fer una selecci\u00f3 d\u2019obres d\u2019art que vem trobar exposades dins del museu, i tamb\u00e9 altres elements que no es consideraven obres d\u2019art per\u00f2 ara sabem que si li posem una cartel\u00b7la ho poden ser! D\u2019aquesta manera, unint forma i concepte, hem creat 5 itineraris diferents. Emocionats per a que arribi el dia!!!<\/p>\n<\/p>\n<figure class=\"wp-block-gallery has-nested-images columns-default is-cropped wp-block-gallery-1 is-layout-flex wp-block-gallery-is-layout-flex\">\n<figure class=\"wp-block-image size-large\"><img fetchpriority=\"high\" decoding=\"async\" width=\"480\" height=\"640\" data-id=\"366\" src=\"https:\/\/blocsenresidencia.bcn.cat\/sedeta2024\/wp-content\/uploads\/2024\/05\/IMG_7604-rotated.jpg\" alt=\"\" class=\"wp-image-366\" srcset=\"https:\/\/blocsenresidencia.bcn.cat\/sedeta2024\/wp-content\/uploads\/2024\/05\/IMG_7604-rotated.jpg 480w, https:\/\/blocsenresidencia.bcn.cat\/sedeta2024\/wp-content\/uploads\/2024\/05\/IMG_7604-225x300.jpg 225w\" sizes=\"(max-width: 480px) 100vw, 480px\"><\/figure>\n<figure class=\"wp-block-image size-large\"><img loading=\"lazy\" decoding=\"async\" width=\"480\" height=\"640\" data-id=\"365\" src=\"https:\/\/blocsenresidencia.bcn.cat\/sedeta2024\/wp-content\/uploads\/2024\/05\/IMG_7606-rotated.jpg\" alt=\"\" class=\"wp-image-365\" srcset=\"https:\/\/blocsenresidencia.bcn.cat\/sedeta2024\/wp-content\/uploads\/2024\/05\/IMG_7606-rotated.jpg 480w, https:\/\/blocsenresidencia.bcn.cat\/sedeta2024\/wp-content\/uploads\/2024\/05\/IMG_7606-225x300.jpg 225w\" sizes=\"auto, (max-width: 480px) 100vw, 480px\"><\/figure>\n<\/figure>\n<figure class=\"wp-block-gallery has-nested-images columns-default is-cropped wp-block-gallery-2 is-layout-flex wp-block-gallery-is-layout-flex\">\n<figure class=\"wp-block-image size-large\"><img loading=\"lazy\" decoding=\"async\" width=\"480\" height=\"640\" data-id=\"361\" src=\"https:\/\/blocsenresidencia.bcn.cat\/sedeta2024\/wp-content\/uploads\/2024\/05\/IMG_7660-rotated.jpg\" alt=\"\" class=\"wp-image-361\" srcset=\"https:\/\/blocsenresidencia.bcn.cat\/sedeta2024\/wp-content\/uploads\/2024\/05\/IMG_7660-rotated.jpg 480w, https:\/\/blocsenresidencia.bcn.cat\/sedeta2024\/wp-content\/uploads\/2024\/05\/IMG_7660-225x300.jpg 225w\" sizes=\"auto, (max-width: 480px) 100vw, 480px\"><\/figure>\n<figure class=\"wp-block-image size-large\"><img loading=\"lazy\" decoding=\"async\" width=\"480\" height=\"640\" data-id=\"363\" src=\"https:\/\/blocsenresidencia.bcn.cat\/sedeta2024\/wp-content\/uploads\/2024\/05\/IMG_7658-rotated.jpg\" alt=\"\" class=\"wp-image-363\" srcset=\"https:\/\/blocsenresidencia.bcn.cat\/sedeta2024\/wp-content\/uploads\/2024\/05\/IMG_7658-rotated.jpg 480w, https:\/\/blocsenresidencia.bcn.cat\/sedeta2024\/wp-content\/uploads\/2024\/05\/IMG_7658-225x300.jpg 225w\" sizes=\"auto, (max-width: 480px) 100vw, 480px\"><\/figure>\n<figure class=\"wp-block-image size-large\"><img loading=\"lazy\" decoding=\"async\" width=\"480\" height=\"640\" data-id=\"362\" src=\"https:\/\/blocsenresidencia.bcn.cat\/sedeta2024\/wp-content\/uploads\/2024\/05\/IMG_7654-rotated.jpg\" alt=\"\" class=\"wp-image-362\" srcset=\"https:\/\/blocsenresidencia.bcn.cat\/sedeta2024\/wp-content\/uploads\/2024\/05\/IMG_7654-rotated.jpg 480w, https:\/\/blocsenresidencia.bcn.cat\/sedeta2024\/wp-content\/uploads\/2024\/05\/IMG_7654-225x300.jpg 225w\" sizes=\"auto, (max-width: 480px) 100vw, 480px\"><\/figure>\n<figure class=\"wp-block-image size-large\"><img loading=\"lazy\" decoding=\"async\" width=\"480\" height=\"640\" data-id=\"364\" src=\"https:\/\/blocsenresidencia.bcn.cat\/sedeta2024\/wp-content\/uploads\/2024\/05\/IMG_7652-rotated.jpg\" alt=\"\" class=\"wp-image-364\" srcset=\"https:\/\/blocsenresidencia.bcn.cat\/sedeta2024\/wp-content\/uploads\/2024\/05\/IMG_7652-rotated.jpg 480w, https:\/\/blocsenresidencia.bcn.cat\/sedeta2024\/wp-content\/uploads\/2024\/05\/IMG_7652-225x300.jpg 225w\" sizes=\"auto, (max-width: 480px) 100vw, 480px\"><\/figure>\n<figure class=\"wp-block-image size-large\"><img loading=\"lazy\" decoding=\"async\" width=\"480\" height=\"640\" data-id=\"360\" src=\"https:\/\/blocsenresidencia.bcn.cat\/sedeta2024\/wp-content\/uploads\/2024\/05\/IMG_7649-1-rotated.jpg\" alt=\"\" class=\"wp-image-360\" srcset=\"https:\/\/blocsenresidencia.bcn.cat\/sedeta2024\/wp-content\/uploads\/2024\/05\/IMG_7649-1-rotated.jpg 480w, https:\/\/blocsenresidencia.bcn.cat\/sedeta2024\/wp-content\/uploads\/2024\/05\/IMG_7649-1-225x300.jpg 225w\" sizes=\"auto, (max-width: 480px) 100vw, 480px\"><\/figure>\n<\/figure>\n<\/div>\n","protected":false},"excerpt":{"rendered":"<p>Des de Irena Visa EN RESiD\u00c8NCiA a l&#8217;Institut La Sedeta Ja fa uns dies vem anar a la Fundaci\u00f3 Mir\u00f3 a prepara la mostra final de la nostra l\u2019exposici\u00f3 amb l\u2019Irena Visa. Per grups vem fer una selecci\u00f3 d\u2019obres d\u2019art que vem trobar exposades dins del museu, i tamb\u00e9 altres elements que no es consideraven &hellip; <\/p>\n<p class=\"link-more\"><a href=\"https:\/\/blocsenresidencia.bcn.cat\/20232024\/2024\/05\/17\/preparant-la-mostra-final\/\" class=\"more-link\">Continua llegint <span class=\"screen-reader-text\">\u00abPREPARANT LA MOSTRA FINAL!!\u00bb<\/span><\/a><\/p>\n","protected":false},"author":5,"featured_media":0,"comment_status":"closed","ping_status":"closed","sticky":false,"template":"","format":"standard","meta":{"footnotes":""},"categories":[1],"tags":[],"class_list":["post-1083","post","type-post","status-publish","format-standard","hentry","category-general"],"_links":{"self":[{"href":"https:\/\/blocsenresidencia.bcn.cat\/20232024\/wp-json\/wp\/v2\/posts\/1083","targetHints":{"allow":["GET"]}}],"collection":[{"href":"https:\/\/blocsenresidencia.bcn.cat\/20232024\/wp-json\/wp\/v2\/posts"}],"about":[{"href":"https:\/\/blocsenresidencia.bcn.cat\/20232024\/wp-json\/wp\/v2\/types\/post"}],"author":[{"embeddable":true,"href":"https:\/\/blocsenresidencia.bcn.cat\/20232024\/wp-json\/wp\/v2\/users\/5"}],"replies":[{"embeddable":true,"href":"https:\/\/blocsenresidencia.bcn.cat\/20232024\/wp-json\/wp\/v2\/comments?post=1083"}],"version-history":[{"count":0,"href":"https:\/\/blocsenresidencia.bcn.cat\/20232024\/wp-json\/wp\/v2\/posts\/1083\/revisions"}],"wp:attachment":[{"href":"https:\/\/blocsenresidencia.bcn.cat\/20232024\/wp-json\/wp\/v2\/media?parent=1083"}],"wp:term":[{"taxonomy":"category","embeddable":true,"href":"https:\/\/blocsenresidencia.bcn.cat\/20232024\/wp-json\/wp\/v2\/categories?post=1083"},{"taxonomy":"post_tag","embeddable":true,"href":"https:\/\/blocsenresidencia.bcn.cat\/20232024\/wp-json\/wp\/v2\/tags?post=1083"}],"curies":[{"name":"wp","href":"https:\/\/api.w.org\/{rel}","templated":true}]}}