{"id":1085,"date":"2024-05-20T15:07:43","date_gmt":"2024-05-20T13:07:43","guid":{"rendered":"https:\/\/blocsenresidencia.bcn.cat\/20232024\/2024\/05\/20\/visita-a-lexposicio-de-daniel-steegmann\/"},"modified":"2024-05-20T15:07:43","modified_gmt":"2024-05-20T13:07:43","slug":"visita-a-lexposicio-de-daniel-steegmann","status":"publish","type":"post","link":"https:\/\/blocsenresidencia.bcn.cat\/20232024\/2024\/05\/20\/visita-a-lexposicio-de-daniel-steegmann\/","title":{"rendered":"Visita a l\u2019exposici\u00f3 de Daniel Steegmann"},"content":{"rendered":"<p>Des de <a href=\"https:\/\/blocsenresidencia.bcn.cat\/moli2024\/visita-a-lexposicio-de-daniel-steegmann\/\">Mariona Ca\u00f1adas i Pedro Mur\u00faa EN RESiD\u00c8NCiA a l&#8217;Institut Escola El Mol\u00ed<\/a><\/p>\n<div>\n<figure class=\"wp-block-image size-large\"><img fetchpriority=\"high\" decoding=\"async\" width=\"1024\" height=\"621\" src=\"https:\/\/blocsenresidencia.bcn.cat\/moli2024\/wp-content\/uploads\/2024\/05\/blau2-1024x621.jpg\" alt=\"\" class=\"wp-image-1338\" srcset=\"https:\/\/blocsenresidencia.bcn.cat\/moli2024\/wp-content\/uploads\/2024\/05\/blau2-1024x621.jpg 1024w, https:\/\/blocsenresidencia.bcn.cat\/moli2024\/wp-content\/uploads\/2024\/05\/blau2-300x182.jpg 300w, https:\/\/blocsenresidencia.bcn.cat\/moli2024\/wp-content\/uploads\/2024\/05\/blau2-768x466.jpg 768w, https:\/\/blocsenresidencia.bcn.cat\/moli2024\/wp-content\/uploads\/2024\/05\/blau2-1536x931.jpg 1536w, https:\/\/blocsenresidencia.bcn.cat\/moli2024\/wp-content\/uploads\/2024\/05\/blau2-2048x1242.jpg 2048w\" sizes=\"(max-width: 767px) 89vw, (max-width: 1000px) 54vw, (max-width: 1071px) 543px, 580px\"><\/figure>\n<figure class=\"wp-block-image size-large\"><img loading=\"lazy\" decoding=\"async\" width=\"1024\" height=\"988\" src=\"https:\/\/blocsenresidencia.bcn.cat\/moli2024\/wp-content\/uploads\/2024\/05\/macba-blau-1024x988.jpg\" alt=\"\" class=\"wp-image-1339\" srcset=\"https:\/\/blocsenresidencia.bcn.cat\/moli2024\/wp-content\/uploads\/2024\/05\/macba-blau-1024x988.jpg 1024w, https:\/\/blocsenresidencia.bcn.cat\/moli2024\/wp-content\/uploads\/2024\/05\/macba-blau-300x290.jpg 300w, https:\/\/blocsenresidencia.bcn.cat\/moli2024\/wp-content\/uploads\/2024\/05\/macba-blau-768x741.jpg 768w, https:\/\/blocsenresidencia.bcn.cat\/moli2024\/wp-content\/uploads\/2024\/05\/macba-blau-1536x1483.jpg 1536w, https:\/\/blocsenresidencia.bcn.cat\/moli2024\/wp-content\/uploads\/2024\/05\/macba-blau-2048x1977.jpg 2048w\" sizes=\"auto, (max-width: 767px) 89vw, (max-width: 1000px) 54vw, (max-width: 1071px) 543px, 580px\"><figcaption class=\"wp-element-caption\">\u201cUna selva no \u00e9s nom\u00e9s un conjunt d\u2019arbres. \u00c9s totes les formes de vida que hi interaccionen. El que fa que la selva sigui tan rica son els milions i milions de interaccions metab\u00f2liques que hi ha entre les diferents esp\u00e8cies. Podria arribar a ser una met\u00e0fora d\u2019un nou paradigma cultural que reconegu\u00e9s que tot \u00e9s interdependent.<\/p>\n<p>Hi ha sempre un di\u00e0leg, hi ha sempre una interacci\u00f3. Les coses no son d\u2019una sola via.\u00a0<\/p>\n<p>Aqu\u00ed a Occident ens hem acostumat a entendre el m\u00f3n per un sistema d\u2019oposicions. Entendre la realitat amb aquestes divisions i amb aquestes jerarquies ens ha perm\u00e8s destruir la natura sense pensar que ens est\u00e0vem destruint a nosaltres mateixos, perqu\u00e8 d\u2019alguna manera ens hem situat fora, ens hi hem situat separats.<\/p>\n<p>Els treballs que es veuen al MACBA q\u00fcestionen aquestes divisions ontol\u00f2giques i que en difuminen els l\u00edmits.<br \/>Hem fet un esfor\u00e7 molt gran d\u2019intentar donar el m\u00e0xim d\u2019espai a l\u2019espectador, perqu\u00e8 tingui la seva pr\u00f2pia experi\u00e8ncia\u201d<\/figcaption><\/figure>\n<p><strong>Daniel Steegmann <\/strong><\/p>\n<\/div>\n","protected":false},"excerpt":{"rendered":"<p>Des de Mariona Ca\u00f1adas i Pedro Mur\u00faa EN RESiD\u00c8NCiA a l&#8217;Institut Escola El Mol\u00ed \u201cUna selva no \u00e9s nom\u00e9s un conjunt d\u2019arbres. \u00c9s totes les formes de vida que hi interaccionen. El que fa que la selva sigui tan rica son els milions i milions de interaccions metab\u00f2liques que hi ha entre les diferents esp\u00e8cies. &hellip; <\/p>\n<p class=\"link-more\"><a href=\"https:\/\/blocsenresidencia.bcn.cat\/20232024\/2024\/05\/20\/visita-a-lexposicio-de-daniel-steegmann\/\" class=\"more-link\">Continua llegint <span class=\"screen-reader-text\">\u00abVisita a l\u2019exposici\u00f3 de Daniel Steegmann\u00bb<\/span><\/a><\/p>\n","protected":false},"author":5,"featured_media":0,"comment_status":"closed","ping_status":"closed","sticky":false,"template":"","format":"standard","meta":{"footnotes":""},"categories":[1],"tags":[],"class_list":["post-1085","post","type-post","status-publish","format-standard","hentry","category-general"],"_links":{"self":[{"href":"https:\/\/blocsenresidencia.bcn.cat\/20232024\/wp-json\/wp\/v2\/posts\/1085","targetHints":{"allow":["GET"]}}],"collection":[{"href":"https:\/\/blocsenresidencia.bcn.cat\/20232024\/wp-json\/wp\/v2\/posts"}],"about":[{"href":"https:\/\/blocsenresidencia.bcn.cat\/20232024\/wp-json\/wp\/v2\/types\/post"}],"author":[{"embeddable":true,"href":"https:\/\/blocsenresidencia.bcn.cat\/20232024\/wp-json\/wp\/v2\/users\/5"}],"replies":[{"embeddable":true,"href":"https:\/\/blocsenresidencia.bcn.cat\/20232024\/wp-json\/wp\/v2\/comments?post=1085"}],"version-history":[{"count":0,"href":"https:\/\/blocsenresidencia.bcn.cat\/20232024\/wp-json\/wp\/v2\/posts\/1085\/revisions"}],"wp:attachment":[{"href":"https:\/\/blocsenresidencia.bcn.cat\/20232024\/wp-json\/wp\/v2\/media?parent=1085"}],"wp:term":[{"taxonomy":"category","embeddable":true,"href":"https:\/\/blocsenresidencia.bcn.cat\/20232024\/wp-json\/wp\/v2\/categories?post=1085"},{"taxonomy":"post_tag","embeddable":true,"href":"https:\/\/blocsenresidencia.bcn.cat\/20232024\/wp-json\/wp\/v2\/tags?post=1085"}],"curies":[{"name":"wp","href":"https:\/\/api.w.org\/{rel}","templated":true}]}}