{"id":1086,"date":"2024-05-21T16:13:31","date_gmt":"2024-05-21T14:13:31","guid":{"rendered":"https:\/\/blocsenresidencia.bcn.cat\/20232024\/2024\/05\/21\/passos-previs-al-muntatge\/"},"modified":"2024-05-21T16:13:31","modified_gmt":"2024-05-21T14:13:31","slug":"passos-previs-al-muntatge","status":"publish","type":"post","link":"https:\/\/blocsenresidencia.bcn.cat\/20232024\/2024\/05\/21\/passos-previs-al-muntatge\/","title":{"rendered":"Passos previs al muntatge"},"content":{"rendered":"<p>Des de <a href=\"https:\/\/blocsenresidencia.bcn.cat\/bastida2024\/passos-previs-al-muntatge\/\">Dom\u00e8nec EN RESiD\u00c8NCiA a l&#8217;Institut La Bastida<\/a><\/p>\n<div>\n<p>Avui el Dom\u00e8nec ens ha explicat l\u2019estructura que t\u00e9 pensada per nosaltres i com ser\u00e0. Hem decidit crear un moble amb la forma de la Bastida, ja que \u00e9s el que ens uneix a tots. Primer el Dom\u00e8nec ens va dir quines serien les mides del moble per tal que nosaltres ho visualitz\u00e8ssim i ens ho pogu\u00e9ssim imaginar, i amb l\u2019ajuda de les taules i les cadires de l\u2019aula vam fer una petita representaci\u00f3 de com seria.<\/p>\n<p>Els dies seg\u00fcents vam acabar de decidir si l\u2019estructura tindria prestatgeries, com la mour\u00edem, quins materials i eines necessitar\u00edem, etc. El Dom\u00e8nec va portar llibres amb fotografies de projectes semblants on ell havia participat, perqu\u00e8 ens pogu\u00e9ssim inspirar en ells a l\u2019hora de decidir com seria l\u2019estructura final.<\/p>\n<p>Les fustes van arribar un dilluns 22, per\u00f2 poder comen\u00e7ar la construcci\u00f3, primer hav\u00edem de classificar-les per saber a quin m\u00f2dul pertany cadascuna, per a organitzar-nos millor, i aix\u00f2 vam fer. El moble est\u00e0 dividit en tres m\u00f2duls, als quals vam assignar tres colors: vermell (la part dels seients), groc (la part on seiem), i blau (que \u00e9s la part central de l\u2019estructura).<\/p>\n<p><span id=\"docs-internal-guid-3856a9af-7fff-5cdb-61dc-1189f3d9ab5f\"><span style=\"border:none;display:inline-block;overflow:hidden;width:361px;height:270px;\"><img loading=\"lazy\" decoding=\"async\" width=\"361\" height=\"270\" style=\"margin-left:0px;margin-top:0px;\" src=\"https:\/\/lh7-us.googleusercontent.com\/jd1nJQ8Gmue2CyByVq5APkX_rzzcxVjwkvWL5fSVHMkkBqGzRwOaW1tZfssNhrjY2SWdXc4DFRrha8m-EoSL19t1mYVCKPxuHaGDQEE4MjzGg6fJElvGyG48alhVXjHyUFs0wugsF5BAOyyQVSal8MI\"><\/span><\/span><\/p>\n<figure class=\"wp-block-image size-full\"><img loading=\"lazy\" decoding=\"async\" width=\"463\" height=\"371\" src=\"https:\/\/blocsenresidencia.bcn.cat\/bastida2024\/wp-content\/uploads\/2024\/05\/image.png\" alt=\"\" class=\"wp-image-421\" srcset=\"https:\/\/blocsenresidencia.bcn.cat\/bastida2024\/wp-content\/uploads\/2024\/05\/image.png 463w, https:\/\/blocsenresidencia.bcn.cat\/bastida2024\/wp-content\/uploads\/2024\/05\/image-300x240.png 300w\" sizes=\"auto, (max-width: 463px) 100vw, 463px\"><\/figure>\n<\/div>\n","protected":false},"excerpt":{"rendered":"<p>Des de Dom\u00e8nec EN RESiD\u00c8NCiA a l&#8217;Institut La Bastida Avui el Dom\u00e8nec ens ha explicat l\u2019estructura que t\u00e9 pensada per nosaltres i com ser\u00e0. Hem decidit crear un moble amb la forma de la Bastida, ja que \u00e9s el que ens uneix a tots. Primer el Dom\u00e8nec ens va dir quines serien les mides del &hellip; <\/p>\n<p class=\"link-more\"><a href=\"https:\/\/blocsenresidencia.bcn.cat\/20232024\/2024\/05\/21\/passos-previs-al-muntatge\/\" class=\"more-link\">Continua llegint <span class=\"screen-reader-text\">\u00abPassos previs al muntatge\u00bb<\/span><\/a><\/p>\n","protected":false},"author":5,"featured_media":0,"comment_status":"closed","ping_status":"closed","sticky":false,"template":"","format":"standard","meta":{"footnotes":""},"categories":[1],"tags":[],"class_list":["post-1086","post","type-post","status-publish","format-standard","hentry","category-general"],"_links":{"self":[{"href":"https:\/\/blocsenresidencia.bcn.cat\/20232024\/wp-json\/wp\/v2\/posts\/1086","targetHints":{"allow":["GET"]}}],"collection":[{"href":"https:\/\/blocsenresidencia.bcn.cat\/20232024\/wp-json\/wp\/v2\/posts"}],"about":[{"href":"https:\/\/blocsenresidencia.bcn.cat\/20232024\/wp-json\/wp\/v2\/types\/post"}],"author":[{"embeddable":true,"href":"https:\/\/blocsenresidencia.bcn.cat\/20232024\/wp-json\/wp\/v2\/users\/5"}],"replies":[{"embeddable":true,"href":"https:\/\/blocsenresidencia.bcn.cat\/20232024\/wp-json\/wp\/v2\/comments?post=1086"}],"version-history":[{"count":0,"href":"https:\/\/blocsenresidencia.bcn.cat\/20232024\/wp-json\/wp\/v2\/posts\/1086\/revisions"}],"wp:attachment":[{"href":"https:\/\/blocsenresidencia.bcn.cat\/20232024\/wp-json\/wp\/v2\/media?parent=1086"}],"wp:term":[{"taxonomy":"category","embeddable":true,"href":"https:\/\/blocsenresidencia.bcn.cat\/20232024\/wp-json\/wp\/v2\/categories?post=1086"},{"taxonomy":"post_tag","embeddable":true,"href":"https:\/\/blocsenresidencia.bcn.cat\/20232024\/wp-json\/wp\/v2\/tags?post=1086"}],"curies":[{"name":"wp","href":"https:\/\/api.w.org\/{rel}","templated":true}]}}