{"id":1098,"date":"2024-06-04T09:39:03","date_gmt":"2024-06-04T07:39:03","guid":{"rendered":"https:\/\/blocsenresidencia.bcn.cat\/20232024\/2024\/06\/04\/making-of-de-la-mostra-al-centre\/"},"modified":"2024-06-04T09:39:03","modified_gmt":"2024-06-04T07:39:03","slug":"making-of-de-la-mostra-al-centre","status":"publish","type":"post","link":"https:\/\/blocsenresidencia.bcn.cat\/20232024\/2024\/06\/04\/making-of-de-la-mostra-al-centre\/","title":{"rendered":"Making of de la mostra al centre"},"content":{"rendered":"<p>Des de <a href=\"https:\/\/blocsenresidencia.bcn.cat\/infantaisabelarago2024\/making-of-de-la-mostra-al-centre\/\">Marina Rubio EN RESiD\u00c8NCiA a l&#8217;Institut Infanta Isabel d&#8217;Arag\u00f3<\/a><\/p>\n<div>\n<p>Us volem deixar una petita mostra del nostre muntatge al centrei el proc\u00e9s d\u2019aquest.<\/p>\n<figure class=\"wp-block-gallery has-nested-images columns-default is-cropped wp-block-gallery-1 is-layout-flex wp-block-gallery-is-layout-flex\">\n<figure class=\"wp-block-image size-large\"><img fetchpriority=\"high\" decoding=\"async\" width=\"768\" height=\"1024\" data-id=\"412\" src=\"https:\/\/blocsenresidencia.bcn.cat\/infantaisabelarago2024\/wp-content\/uploads\/2024\/05\/IMG_2965-2_-768x1024.jpg\" alt=\"\" class=\"wp-image-412\" srcset=\"https:\/\/blocsenresidencia.bcn.cat\/infantaisabelarago2024\/wp-content\/uploads\/2024\/05\/IMG_2965-2_-768x1024.jpg 768w, https:\/\/blocsenresidencia.bcn.cat\/infantaisabelarago2024\/wp-content\/uploads\/2024\/05\/IMG_2965-2_-225x300.jpg 225w, https:\/\/blocsenresidencia.bcn.cat\/infantaisabelarago2024\/wp-content\/uploads\/2024\/05\/IMG_2965-2_-1152x1536.jpg 1152w, https:\/\/blocsenresidencia.bcn.cat\/infantaisabelarago2024\/wp-content\/uploads\/2024\/05\/IMG_2965-2_-1536x2048.jpg 1536w, https:\/\/blocsenresidencia.bcn.cat\/infantaisabelarago2024\/wp-content\/uploads\/2024\/05\/IMG_2965-2_-scaled.jpg 1920w\" sizes=\"(max-width: 767px) 89vw, (max-width: 1000px) 54vw, (max-width: 1071px) 543px, 580px\"><\/figure>\n<figure class=\"wp-block-image size-large\"><img loading=\"lazy\" decoding=\"async\" width=\"768\" height=\"1024\" data-id=\"413\" src=\"https:\/\/blocsenresidencia.bcn.cat\/infantaisabelarago2024\/wp-content\/uploads\/2024\/05\/IMG_2968-2_-768x1024.jpg\" alt=\"\" class=\"wp-image-413\" srcset=\"https:\/\/blocsenresidencia.bcn.cat\/infantaisabelarago2024\/wp-content\/uploads\/2024\/05\/IMG_2968-2_-768x1024.jpg 768w, https:\/\/blocsenresidencia.bcn.cat\/infantaisabelarago2024\/wp-content\/uploads\/2024\/05\/IMG_2968-2_-225x300.jpg 225w, https:\/\/blocsenresidencia.bcn.cat\/infantaisabelarago2024\/wp-content\/uploads\/2024\/05\/IMG_2968-2_-1152x1536.jpg 1152w, https:\/\/blocsenresidencia.bcn.cat\/infantaisabelarago2024\/wp-content\/uploads\/2024\/05\/IMG_2968-2_-1536x2048.jpg 1536w, https:\/\/blocsenresidencia.bcn.cat\/infantaisabelarago2024\/wp-content\/uploads\/2024\/05\/IMG_2968-2_-scaled.jpg 1920w\" sizes=\"auto, (max-width: 767px) 89vw, (max-width: 1000px) 54vw, (max-width: 1071px) 543px, 580px\"><\/figure>\n<\/figure>\n<figure class=\"wp-block-video\"><video controls src=\"https:\/\/blocsenresidencia.bcn.cat\/infantaisabelarago2024\/wp-content\/uploads\/2024\/05\/Sin-titulo_22.mov\"><\/video><\/figure>\n<figure class=\"wp-block-video\"><video controls src=\"https:\/\/blocsenresidencia.bcn.cat\/infantaisabelarago2024\/wp-content\/uploads\/2024\/05\/IMG_6151-1.mov\"><\/video><\/figure>\n<div class=\"wp-block-group\">\n<div class=\"wp-block-group__inner-container is-layout-constrained wp-block-group-is-layout-constrained\"><\/div>\n<\/div>\n<\/div>\n","protected":false},"excerpt":{"rendered":"<p>Des de Marina Rubio EN RESiD\u00c8NCiA a l&#8217;Institut Infanta Isabel d&#8217;Arag\u00f3 Us volem deixar una petita mostra del nostre muntatge al centrei el proc\u00e9s d\u2019aquest.<\/p>\n","protected":false},"author":5,"featured_media":0,"comment_status":"closed","ping_status":"closed","sticky":false,"template":"","format":"standard","meta":{"footnotes":""},"categories":[1],"tags":[],"class_list":["post-1098","post","type-post","status-publish","format-standard","hentry","category-general"],"_links":{"self":[{"href":"https:\/\/blocsenresidencia.bcn.cat\/20232024\/wp-json\/wp\/v2\/posts\/1098","targetHints":{"allow":["GET"]}}],"collection":[{"href":"https:\/\/blocsenresidencia.bcn.cat\/20232024\/wp-json\/wp\/v2\/posts"}],"about":[{"href":"https:\/\/blocsenresidencia.bcn.cat\/20232024\/wp-json\/wp\/v2\/types\/post"}],"author":[{"embeddable":true,"href":"https:\/\/blocsenresidencia.bcn.cat\/20232024\/wp-json\/wp\/v2\/users\/5"}],"replies":[{"embeddable":true,"href":"https:\/\/blocsenresidencia.bcn.cat\/20232024\/wp-json\/wp\/v2\/comments?post=1098"}],"version-history":[{"count":0,"href":"https:\/\/blocsenresidencia.bcn.cat\/20232024\/wp-json\/wp\/v2\/posts\/1098\/revisions"}],"wp:attachment":[{"href":"https:\/\/blocsenresidencia.bcn.cat\/20232024\/wp-json\/wp\/v2\/media?parent=1098"}],"wp:term":[{"taxonomy":"category","embeddable":true,"href":"https:\/\/blocsenresidencia.bcn.cat\/20232024\/wp-json\/wp\/v2\/categories?post=1098"},{"taxonomy":"post_tag","embeddable":true,"href":"https:\/\/blocsenresidencia.bcn.cat\/20232024\/wp-json\/wp\/v2\/tags?post=1098"}],"curies":[{"name":"wp","href":"https:\/\/api.w.org\/{rel}","templated":true}]}}