{"id":1107,"date":"2024-06-07T14:29:11","date_gmt":"2024-06-07T12:29:11","guid":{"rendered":"https:\/\/blocsenresidencia.bcn.cat\/20232024\/2024\/06\/07\/trobada-amb-lisidre-de-lassociacio-de-veins-a-la-placa-angel-pestana\/"},"modified":"2024-06-07T14:29:11","modified_gmt":"2024-06-07T12:29:11","slug":"trobada-amb-lisidre-de-lassociacio-de-veins-a-la-placa-angel-pestana","status":"publish","type":"post","link":"https:\/\/blocsenresidencia.bcn.cat\/20232024\/2024\/06\/07\/trobada-amb-lisidre-de-lassociacio-de-veins-a-la-placa-angel-pestana\/","title":{"rendered":"Trobada amb l\u2019Isidre de l\u2019associaci\u00f3 de ve\u00efns a la pla\u00e7a \u00c1ngel Pesta\u00f1a"},"content":{"rendered":"<p>Des de <a href=\"https:\/\/blocsenresidencia.bcn.cat\/noubarris2024\/trobada-amb-lisidre-de-lassociacio-de-veins-a-la-placa-angel-pestana\/\">Biel Llin\u00e0s Teatre EN RESiD\u00c8NCiA a l&#8217;Institut Nou Barris<\/a><\/p>\n<div>\n<p>Xerrada amb l\u2019Isidre Ramos de l\u2019associaci\u00f3 de ve\u00efns de La Prosperitat a la pla\u00e7a \u00c1ngel Pesta\u00f1a, un espai molt significatiu del barri pel que fa a la lluita ve\u00efnal. La pla\u00e7a es troba al costat de l\u2019institut, un espai on s\u2019hi havien constru\u00eft barracons com a conseq\u00fc\u00e8ncia a l\u2019especulaci\u00f3 immobili\u00e0ria, i \u00e9s un s\u00edmbol de totes les lluites que han portat a terme les ve\u00efnes per aconseguir un barri digne.<\/p>\n<p>Hi ha algunes coses que destaquem de la conversa amb l\u2019Isidre i que han estat significatives pel projecte:<\/p>\n<p>\u2013 El lema de les lluites \u201cQue no nos venza el hambre\u201d, com a s\u00edmbol d\u2019all\u00f2 que defineix la lluita del barri per la dignitat de les ve\u00efnes en el context del franquisme, i que els va moure a fer la vaga dels 62 dies.<\/p>\n<p>\u2013 Aconseguir que en comptes de blocs de pisos, al recinte de la Harry Walker s\u2019hi pos\u00e9s un institut.<\/p>\n<p>\u2013 Que la pla\u00e7a no es digu\u00e9s Harry Walker, sin\u00f3 \u201cPla\u00e7a dels treballadors i les treballadores de la Harry Walker\u201d, fet significatiu perqu\u00e8 el nom de la f\u00e0brica remet a una empresa explotadora, en canvi posar el nom de les treballadores canvia el punt de vista, i ho centra en la lluita que van dur a terme.<\/p>\n<p><img loading=\"lazy\" decoding=\"async\" class=\"aligncenter size-large wp-image-472\" src=\"https:\/\/blocsenresidencia.bcn.cat\/noubarris2024\/wp-content\/uploads\/2024\/06\/240418_sessio-placa-barri_31-1024x683.jpg\" alt=\"\" width=\"525\" height=\"350\" srcset=\"https:\/\/blocsenresidencia.bcn.cat\/noubarris2024\/wp-content\/uploads\/2024\/06\/240418_sessio-placa-barri_31-1024x683.jpg 1024w, https:\/\/blocsenresidencia.bcn.cat\/noubarris2024\/wp-content\/uploads\/2024\/06\/240418_sessio-placa-barri_31-300x200.jpg 300w, https:\/\/blocsenresidencia.bcn.cat\/noubarris2024\/wp-content\/uploads\/2024\/06\/240418_sessio-placa-barri_31-768x512.jpg 768w, https:\/\/blocsenresidencia.bcn.cat\/noubarris2024\/wp-content\/uploads\/2024\/06\/240418_sessio-placa-barri_31-1536x1024.jpg 1536w, https:\/\/blocsenresidencia.bcn.cat\/noubarris2024\/wp-content\/uploads\/2024\/06\/240418_sessio-placa-barri_31-2048x1365.jpg 2048w\" sizes=\"auto, (max-width: 525px) 100vw, 525px\"><\/p>\n<p><a href=\"https:\/\/blocsenresidencia.bcn.cat\/noubarris2024\/trobada-amb-lisidre-de-lassociacio-de-veins-a-la-placa-angel-pestana\/240418_sessio-placa-barri_18\/\"><img loading=\"lazy\" decoding=\"async\" width=\"525\" height=\"350\" src=\"https:\/\/blocsenresidencia.bcn.cat\/noubarris2024\/wp-content\/uploads\/2024\/06\/240418_sessio-placa-barri_18-1024x683.jpg\" class=\"attachment-large size-large\" alt=\"\" srcset=\"https:\/\/blocsenresidencia.bcn.cat\/noubarris2024\/wp-content\/uploads\/2024\/06\/240418_sessio-placa-barri_18-1024x683.jpg 1024w, https:\/\/blocsenresidencia.bcn.cat\/noubarris2024\/wp-content\/uploads\/2024\/06\/240418_sessio-placa-barri_18-300x200.jpg 300w, https:\/\/blocsenresidencia.bcn.cat\/noubarris2024\/wp-content\/uploads\/2024\/06\/240418_sessio-placa-barri_18-768x512.jpg 768w, https:\/\/blocsenresidencia.bcn.cat\/noubarris2024\/wp-content\/uploads\/2024\/06\/240418_sessio-placa-barri_18-1536x1024.jpg 1536w\" sizes=\"auto, 100vw\"><\/a><br \/>\n<a href=\"https:\/\/blocsenresidencia.bcn.cat\/noubarris2024\/trobada-amb-lisidre-de-lassociacio-de-veins-a-la-placa-angel-pestana\/240418_sessio-placa-barri_32\/\"><img loading=\"lazy\" decoding=\"async\" width=\"525\" height=\"350\" src=\"https:\/\/blocsenresidencia.bcn.cat\/noubarris2024\/wp-content\/uploads\/2024\/06\/240418_sessio-placa-barri_32-1024x683.jpg\" class=\"attachment-large size-large\" alt=\"\" srcset=\"https:\/\/blocsenresidencia.bcn.cat\/noubarris2024\/wp-content\/uploads\/2024\/06\/240418_sessio-placa-barri_32-1024x683.jpg 1024w, https:\/\/blocsenresidencia.bcn.cat\/noubarris2024\/wp-content\/uploads\/2024\/06\/240418_sessio-placa-barri_32-300x200.jpg 300w, https:\/\/blocsenresidencia.bcn.cat\/noubarris2024\/wp-content\/uploads\/2024\/06\/240418_sessio-placa-barri_32-768x512.jpg 768w, https:\/\/blocsenresidencia.bcn.cat\/noubarris2024\/wp-content\/uploads\/2024\/06\/240418_sessio-placa-barri_32-1536x1024.jpg 1536w, https:\/\/blocsenresidencia.bcn.cat\/noubarris2024\/wp-content\/uploads\/2024\/06\/240418_sessio-placa-barri_32-2048x1365.jpg 2048w\" sizes=\"auto, 100vw\"><\/a><br \/>\n<a href=\"https:\/\/blocsenresidencia.bcn.cat\/noubarris2024\/trobada-amb-lisidre-de-lassociacio-de-veins-a-la-placa-angel-pestana\/240418_sessio-placa-barri_34\/\"><img loading=\"lazy\" decoding=\"async\" width=\"525\" height=\"350\" src=\"https:\/\/blocsenresidencia.bcn.cat\/noubarris2024\/wp-content\/uploads\/2024\/06\/240418_sessio-placa-barri_34-1024x683.jpg\" class=\"attachment-large size-large\" alt=\"\" srcset=\"https:\/\/blocsenresidencia.bcn.cat\/noubarris2024\/wp-content\/uploads\/2024\/06\/240418_sessio-placa-barri_34-1024x683.jpg 1024w, https:\/\/blocsenresidencia.bcn.cat\/noubarris2024\/wp-content\/uploads\/2024\/06\/240418_sessio-placa-barri_34-300x200.jpg 300w, https:\/\/blocsenresidencia.bcn.cat\/noubarris2024\/wp-content\/uploads\/2024\/06\/240418_sessio-placa-barri_34-768x512.jpg 768w, https:\/\/blocsenresidencia.bcn.cat\/noubarris2024\/wp-content\/uploads\/2024\/06\/240418_sessio-placa-barri_34-1536x1024.jpg 1536w, https:\/\/blocsenresidencia.bcn.cat\/noubarris2024\/wp-content\/uploads\/2024\/06\/240418_sessio-placa-barri_34-2048x1365.jpg 2048w\" sizes=\"auto, 100vw\"><\/a><br \/>\n<a href=\"https:\/\/blocsenresidencia.bcn.cat\/noubarris2024\/trobada-amb-lisidre-de-lassociacio-de-veins-a-la-placa-angel-pestana\/240418_sessio-placa-barri_39\/\"><img loading=\"lazy\" decoding=\"async\" width=\"525\" height=\"350\" src=\"https:\/\/blocsenresidencia.bcn.cat\/noubarris2024\/wp-content\/uploads\/2024\/06\/240418_sessio-placa-barri_39-1024x683.jpg\" class=\"attachment-large size-large\" alt=\"\" srcset=\"https:\/\/blocsenresidencia.bcn.cat\/noubarris2024\/wp-content\/uploads\/2024\/06\/240418_sessio-placa-barri_39-1024x683.jpg 1024w, https:\/\/blocsenresidencia.bcn.cat\/noubarris2024\/wp-content\/uploads\/2024\/06\/240418_sessio-placa-barri_39-300x200.jpg 300w, https:\/\/blocsenresidencia.bcn.cat\/noubarris2024\/wp-content\/uploads\/2024\/06\/240418_sessio-placa-barri_39-768x512.jpg 768w, https:\/\/blocsenresidencia.bcn.cat\/noubarris2024\/wp-content\/uploads\/2024\/06\/240418_sessio-placa-barri_39-1536x1024.jpg 1536w\" sizes=\"auto, 100vw\"><\/a><br \/>\n<a href=\"https:\/\/blocsenresidencia.bcn.cat\/noubarris2024\/trobada-amb-lisidre-de-lassociacio-de-veins-a-la-placa-angel-pestana\/240418_sessio-placa-barri_45\/\"><img loading=\"lazy\" decoding=\"async\" width=\"525\" height=\"350\" src=\"https:\/\/blocsenresidencia.bcn.cat\/noubarris2024\/wp-content\/uploads\/2024\/06\/240418_sessio-placa-barri_45-1024x683.jpg\" class=\"attachment-large size-large\" alt=\"\" srcset=\"https:\/\/blocsenresidencia.bcn.cat\/noubarris2024\/wp-content\/uploads\/2024\/06\/240418_sessio-placa-barri_45-1024x683.jpg 1024w, https:\/\/blocsenresidencia.bcn.cat\/noubarris2024\/wp-content\/uploads\/2024\/06\/240418_sessio-placa-barri_45-300x200.jpg 300w, https:\/\/blocsenresidencia.bcn.cat\/noubarris2024\/wp-content\/uploads\/2024\/06\/240418_sessio-placa-barri_45-768x512.jpg 768w, https:\/\/blocsenresidencia.bcn.cat\/noubarris2024\/wp-content\/uploads\/2024\/06\/240418_sessio-placa-barri_45-1536x1024.jpg 1536w\" sizes=\"auto, 100vw\"><\/a><br \/>\n<a href=\"https:\/\/blocsenresidencia.bcn.cat\/noubarris2024\/trobada-amb-lisidre-de-lassociacio-de-veins-a-la-placa-angel-pestana\/240418_sessio-placa-barri_47\/\"><img loading=\"lazy\" decoding=\"async\" width=\"525\" height=\"350\" src=\"https:\/\/blocsenresidencia.bcn.cat\/noubarris2024\/wp-content\/uploads\/2024\/06\/240418_sessio-placa-barri_47-1024x683.jpg\" class=\"attachment-large size-large\" alt=\"\" srcset=\"https:\/\/blocsenresidencia.bcn.cat\/noubarris2024\/wp-content\/uploads\/2024\/06\/240418_sessio-placa-barri_47-1024x683.jpg 1024w, https:\/\/blocsenresidencia.bcn.cat\/noubarris2024\/wp-content\/uploads\/2024\/06\/240418_sessio-placa-barri_47-300x200.jpg 300w, https:\/\/blocsenresidencia.bcn.cat\/noubarris2024\/wp-content\/uploads\/2024\/06\/240418_sessio-placa-barri_47-768x512.jpg 768w, https:\/\/blocsenresidencia.bcn.cat\/noubarris2024\/wp-content\/uploads\/2024\/06\/240418_sessio-placa-barri_47-1536x1024.jpg 1536w\" sizes=\"auto, 100vw\"><\/a><\/div>\n","protected":false},"excerpt":{"rendered":"<p>Des de Biel Llin\u00e0s Teatre EN RESiD\u00c8NCiA a l&#8217;Institut Nou Barris Xerrada amb l\u2019Isidre Ramos de l\u2019associaci\u00f3 de ve\u00efns de La Prosperitat a la pla\u00e7a \u00c1ngel Pesta\u00f1a, un espai molt significatiu del barri pel que fa a la lluita ve\u00efnal. La pla\u00e7a es troba al costat de l\u2019institut, un espai on s\u2019hi havien constru\u00eft barracons &hellip; <\/p>\n<p class=\"link-more\"><a href=\"https:\/\/blocsenresidencia.bcn.cat\/20232024\/2024\/06\/07\/trobada-amb-lisidre-de-lassociacio-de-veins-a-la-placa-angel-pestana\/\" class=\"more-link\">Continua llegint <span class=\"screen-reader-text\">\u00abTrobada amb l\u2019Isidre de l\u2019associaci\u00f3 de ve\u00efns a la pla\u00e7a \u00c1ngel Pesta\u00f1a\u00bb<\/span><\/a><\/p>\n","protected":false},"author":5,"featured_media":0,"comment_status":"closed","ping_status":"closed","sticky":false,"template":"","format":"standard","meta":{"footnotes":""},"categories":[1],"tags":[],"class_list":["post-1107","post","type-post","status-publish","format-standard","hentry","category-general"],"_links":{"self":[{"href":"https:\/\/blocsenresidencia.bcn.cat\/20232024\/wp-json\/wp\/v2\/posts\/1107","targetHints":{"allow":["GET"]}}],"collection":[{"href":"https:\/\/blocsenresidencia.bcn.cat\/20232024\/wp-json\/wp\/v2\/posts"}],"about":[{"href":"https:\/\/blocsenresidencia.bcn.cat\/20232024\/wp-json\/wp\/v2\/types\/post"}],"author":[{"embeddable":true,"href":"https:\/\/blocsenresidencia.bcn.cat\/20232024\/wp-json\/wp\/v2\/users\/5"}],"replies":[{"embeddable":true,"href":"https:\/\/blocsenresidencia.bcn.cat\/20232024\/wp-json\/wp\/v2\/comments?post=1107"}],"version-history":[{"count":0,"href":"https:\/\/blocsenresidencia.bcn.cat\/20232024\/wp-json\/wp\/v2\/posts\/1107\/revisions"}],"wp:attachment":[{"href":"https:\/\/blocsenresidencia.bcn.cat\/20232024\/wp-json\/wp\/v2\/media?parent=1107"}],"wp:term":[{"taxonomy":"category","embeddable":true,"href":"https:\/\/blocsenresidencia.bcn.cat\/20232024\/wp-json\/wp\/v2\/categories?post=1107"},{"taxonomy":"post_tag","embeddable":true,"href":"https:\/\/blocsenresidencia.bcn.cat\/20232024\/wp-json\/wp\/v2\/tags?post=1107"}],"curies":[{"name":"wp","href":"https:\/\/api.w.org\/{rel}","templated":true}]}}