{"id":1108,"date":"2024-06-07T14:29:12","date_gmt":"2024-06-07T12:29:12","guid":{"rendered":"https:\/\/blocsenresidencia.bcn.cat\/20232024\/2024\/06\/07\/portem-laula-portatil-a-la-via-julia\/"},"modified":"2024-06-07T14:29:12","modified_gmt":"2024-06-07T12:29:12","slug":"portem-laula-portatil-a-la-via-julia","status":"publish","type":"post","link":"https:\/\/blocsenresidencia.bcn.cat\/20232024\/2024\/06\/07\/portem-laula-portatil-a-la-via-julia\/","title":{"rendered":"Portem l\u2019Aula port\u00e0til a la Via J\u00falia"},"content":{"rendered":"<p>Des de <a href=\"https:\/\/blocsenresidencia.bcn.cat\/noubarris2024\/portem-laula-portatil-a-la-via-julia\/\">Biel Llin\u00e0s Teatre EN RESiD\u00c8NCiA a l&#8217;Institut Nou Barris<\/a><\/p>\n<div>\n<p>Vam anar a la Via J\u00falia i vam posar l\u2019aula port\u00e0til. Asseguts en cercle vam llegir un text sobre el projecte de la Pla\u00e7a \u00c0ngel Pesta\u00f1a, de l\u2019Enric Miralles, transformant aquest espai p\u00fablic en un espai interior. Tamb\u00e9 ens va visitar una senyora que passava per all\u00e0. La gent del carrer s\u2019estranyava i ens miraven encuriosits. Vam aprofitar per donar un cop d\u2019ull a la maquetaci\u00f3 de la publicaci\u00f3 pel dia de la presentaci\u00f3 del projecte a la Fabra i Coats. Ens costava molt escoltar i escoltar-nos, perqu\u00e8 est\u00e0vem entre dues vies. Ens feia vergonya estar all\u00e0 enmig de tot, ocupant la via p\u00fablica, per\u00f2\u2026 per alguna cosa \u00e9s p\u00fablica\u2026 la gent havia de modificar el seu trajecte per passar per all\u00e0. Qu\u00e8 f\u00e8iem all\u00e0 tapant el cam\u00ed posant una catifa a la Via J\u00falia com si estigu\u00e9ssim de p\u00edcnic?<\/p>\n<p><img loading=\"lazy\" decoding=\"async\" class=\"aligncenter size-large wp-image-497\" src=\"https:\/\/blocsenresidencia.bcn.cat\/noubarris2024\/wp-content\/uploads\/2024\/06\/240509_sessio_ViaJulia_16-1024x684.jpg\" alt=\"\" width=\"525\" height=\"351\" srcset=\"https:\/\/blocsenresidencia.bcn.cat\/noubarris2024\/wp-content\/uploads\/2024\/06\/240509_sessio_ViaJulia_16-1024x684.jpg 1024w, https:\/\/blocsenresidencia.bcn.cat\/noubarris2024\/wp-content\/uploads\/2024\/06\/240509_sessio_ViaJulia_16-300x200.jpg 300w, https:\/\/blocsenresidencia.bcn.cat\/noubarris2024\/wp-content\/uploads\/2024\/06\/240509_sessio_ViaJulia_16-768x513.jpg 768w, https:\/\/blocsenresidencia.bcn.cat\/noubarris2024\/wp-content\/uploads\/2024\/06\/240509_sessio_ViaJulia_16-1536x1027.jpg 1536w, https:\/\/blocsenresidencia.bcn.cat\/noubarris2024\/wp-content\/uploads\/2024\/06\/240509_sessio_ViaJulia_16.jpg 1616w\" sizes=\"auto, (max-width: 525px) 100vw, 525px\"><\/p>\n<p><a href=\"https:\/\/blocsenresidencia.bcn.cat\/noubarris2024\/portem-laula-portatil-a-la-via-julia\/240509_sessio_viajulia_21\/\"><img loading=\"lazy\" decoding=\"async\" width=\"525\" height=\"351\" src=\"https:\/\/blocsenresidencia.bcn.cat\/noubarris2024\/wp-content\/uploads\/2024\/06\/240509_sessio_ViaJulia_21-1024x684.jpg\" class=\"attachment-large size-large\" alt=\"\" srcset=\"https:\/\/blocsenresidencia.bcn.cat\/noubarris2024\/wp-content\/uploads\/2024\/06\/240509_sessio_ViaJulia_21-1024x684.jpg 1024w, https:\/\/blocsenresidencia.bcn.cat\/noubarris2024\/wp-content\/uploads\/2024\/06\/240509_sessio_ViaJulia_21-300x200.jpg 300w, https:\/\/blocsenresidencia.bcn.cat\/noubarris2024\/wp-content\/uploads\/2024\/06\/240509_sessio_ViaJulia_21-768x513.jpg 768w, https:\/\/blocsenresidencia.bcn.cat\/noubarris2024\/wp-content\/uploads\/2024\/06\/240509_sessio_ViaJulia_21-1536x1027.jpg 1536w, https:\/\/blocsenresidencia.bcn.cat\/noubarris2024\/wp-content\/uploads\/2024\/06\/240509_sessio_ViaJulia_21.jpg 1616w\" sizes=\"auto, 100vw\"><\/a><br \/>\n<a href=\"https:\/\/blocsenresidencia.bcn.cat\/noubarris2024\/portem-laula-portatil-a-la-via-julia\/240509_sessio_viajulia_19\/\"><img loading=\"lazy\" decoding=\"async\" width=\"525\" height=\"351\" src=\"https:\/\/blocsenresidencia.bcn.cat\/noubarris2024\/wp-content\/uploads\/2024\/06\/240509_sessio_ViaJulia_19-1024x684.jpg\" class=\"attachment-large size-large\" alt=\"\" srcset=\"https:\/\/blocsenresidencia.bcn.cat\/noubarris2024\/wp-content\/uploads\/2024\/06\/240509_sessio_ViaJulia_19-1024x684.jpg 1024w, https:\/\/blocsenresidencia.bcn.cat\/noubarris2024\/wp-content\/uploads\/2024\/06\/240509_sessio_ViaJulia_19-300x200.jpg 300w, https:\/\/blocsenresidencia.bcn.cat\/noubarris2024\/wp-content\/uploads\/2024\/06\/240509_sessio_ViaJulia_19-768x513.jpg 768w, https:\/\/blocsenresidencia.bcn.cat\/noubarris2024\/wp-content\/uploads\/2024\/06\/240509_sessio_ViaJulia_19-1536x1027.jpg 1536w, https:\/\/blocsenresidencia.bcn.cat\/noubarris2024\/wp-content\/uploads\/2024\/06\/240509_sessio_ViaJulia_19.jpg 1616w\" sizes=\"auto, 100vw\"><\/a><br \/>\n<a href=\"https:\/\/blocsenresidencia.bcn.cat\/noubarris2024\/portem-laula-portatil-a-la-via-julia\/240509_sessio_viajulia_12\/\"><img loading=\"lazy\" decoding=\"async\" width=\"525\" height=\"351\" src=\"https:\/\/blocsenresidencia.bcn.cat\/noubarris2024\/wp-content\/uploads\/2024\/06\/240509_sessio_ViaJulia_12-1024x684.jpg\" class=\"attachment-large size-large\" alt=\"\" srcset=\"https:\/\/blocsenresidencia.bcn.cat\/noubarris2024\/wp-content\/uploads\/2024\/06\/240509_sessio_ViaJulia_12-1024x684.jpg 1024w, https:\/\/blocsenresidencia.bcn.cat\/noubarris2024\/wp-content\/uploads\/2024\/06\/240509_sessio_ViaJulia_12-300x200.jpg 300w, https:\/\/blocsenresidencia.bcn.cat\/noubarris2024\/wp-content\/uploads\/2024\/06\/240509_sessio_ViaJulia_12-768x513.jpg 768w, https:\/\/blocsenresidencia.bcn.cat\/noubarris2024\/wp-content\/uploads\/2024\/06\/240509_sessio_ViaJulia_12-1536x1027.jpg 1536w, https:\/\/blocsenresidencia.bcn.cat\/noubarris2024\/wp-content\/uploads\/2024\/06\/240509_sessio_ViaJulia_12.jpg 1616w\" sizes=\"auto, 100vw\"><\/a><br \/>\n<a href=\"https:\/\/blocsenresidencia.bcn.cat\/noubarris2024\/portem-laula-portatil-a-la-via-julia\/240509_sessio_viajulia_03\/\"><img loading=\"lazy\" decoding=\"async\" width=\"525\" height=\"351\" src=\"https:\/\/blocsenresidencia.bcn.cat\/noubarris2024\/wp-content\/uploads\/2024\/06\/240509_sessio_ViaJulia_03-1024x684.jpg\" class=\"attachment-large size-large\" alt=\"\" srcset=\"https:\/\/blocsenresidencia.bcn.cat\/noubarris2024\/wp-content\/uploads\/2024\/06\/240509_sessio_ViaJulia_03-1024x684.jpg 1024w, https:\/\/blocsenresidencia.bcn.cat\/noubarris2024\/wp-content\/uploads\/2024\/06\/240509_sessio_ViaJulia_03-300x200.jpg 300w, https:\/\/blocsenresidencia.bcn.cat\/noubarris2024\/wp-content\/uploads\/2024\/06\/240509_sessio_ViaJulia_03-768x513.jpg 768w, https:\/\/blocsenresidencia.bcn.cat\/noubarris2024\/wp-content\/uploads\/2024\/06\/240509_sessio_ViaJulia_03-1536x1027.jpg 1536w, https:\/\/blocsenresidencia.bcn.cat\/noubarris2024\/wp-content\/uploads\/2024\/06\/240509_sessio_ViaJulia_03.jpg 1616w\" sizes=\"auto, 100vw\"><\/a><\/p>\n<p>\u00a0<\/p>\n<\/div>\n","protected":false},"excerpt":{"rendered":"<p>Des de Biel Llin\u00e0s Teatre EN RESiD\u00c8NCiA a l&#8217;Institut Nou Barris Vam anar a la Via J\u00falia i vam posar l\u2019aula port\u00e0til. Asseguts en cercle vam llegir un text sobre el projecte de la Pla\u00e7a \u00c0ngel Pesta\u00f1a, de l\u2019Enric Miralles, transformant aquest espai p\u00fablic en un espai interior. Tamb\u00e9 ens va visitar una senyora que &hellip; <\/p>\n<p class=\"link-more\"><a href=\"https:\/\/blocsenresidencia.bcn.cat\/20232024\/2024\/06\/07\/portem-laula-portatil-a-la-via-julia\/\" class=\"more-link\">Continua llegint <span class=\"screen-reader-text\">\u00abPortem l\u2019Aula port\u00e0til a la Via J\u00falia\u00bb<\/span><\/a><\/p>\n","protected":false},"author":5,"featured_media":0,"comment_status":"closed","ping_status":"closed","sticky":false,"template":"","format":"standard","meta":{"footnotes":""},"categories":[1],"tags":[],"class_list":["post-1108","post","type-post","status-publish","format-standard","hentry","category-general"],"_links":{"self":[{"href":"https:\/\/blocsenresidencia.bcn.cat\/20232024\/wp-json\/wp\/v2\/posts\/1108","targetHints":{"allow":["GET"]}}],"collection":[{"href":"https:\/\/blocsenresidencia.bcn.cat\/20232024\/wp-json\/wp\/v2\/posts"}],"about":[{"href":"https:\/\/blocsenresidencia.bcn.cat\/20232024\/wp-json\/wp\/v2\/types\/post"}],"author":[{"embeddable":true,"href":"https:\/\/blocsenresidencia.bcn.cat\/20232024\/wp-json\/wp\/v2\/users\/5"}],"replies":[{"embeddable":true,"href":"https:\/\/blocsenresidencia.bcn.cat\/20232024\/wp-json\/wp\/v2\/comments?post=1108"}],"version-history":[{"count":0,"href":"https:\/\/blocsenresidencia.bcn.cat\/20232024\/wp-json\/wp\/v2\/posts\/1108\/revisions"}],"wp:attachment":[{"href":"https:\/\/blocsenresidencia.bcn.cat\/20232024\/wp-json\/wp\/v2\/media?parent=1108"}],"wp:term":[{"taxonomy":"category","embeddable":true,"href":"https:\/\/blocsenresidencia.bcn.cat\/20232024\/wp-json\/wp\/v2\/categories?post=1108"},{"taxonomy":"post_tag","embeddable":true,"href":"https:\/\/blocsenresidencia.bcn.cat\/20232024\/wp-json\/wp\/v2\/tags?post=1108"}],"curies":[{"name":"wp","href":"https:\/\/api.w.org\/{rel}","templated":true}]}}