{"id":1114,"date":"2024-06-13T11:14:34","date_gmt":"2024-06-13T09:14:34","guid":{"rendered":"https:\/\/blocsenresidencia.bcn.cat\/20232024\/2024\/06\/13\/primera-sessio-a-la-escocesa\/"},"modified":"2024-06-13T11:14:34","modified_gmt":"2024-06-13T09:14:34","slug":"primera-sessio-a-la-escocesa","status":"publish","type":"post","link":"https:\/\/blocsenresidencia.bcn.cat\/20232024\/2024\/06\/13\/primera-sessio-a-la-escocesa\/","title":{"rendered":"Primera sessi\u00f3 a La Escocesa"},"content":{"rendered":"<p>Des de <a href=\"https:\/\/blocsenresidencia.bcn.cat\/infantaisabelarago2024\/primera-sessio-a-la-escocesa\/\">Marina Rubio EN RESiD\u00c8NCiA a l&#8217;Institut Infanta Isabel d&#8217;Arag\u00f3<\/a><\/p>\n<div>\n<p>La nostra primera sessi\u00f3 en\u00a0la Escocesa\u00a0va ser for\u00e7a din\u00e0mica.<br \/>La mestra de taller Maria\u00a0Roy\u00a0i la Marina ens van portar a un solar pr\u00f2xim on servia d\u2019evocador de totes les terres que generaven les diferents demolicions dels edificis de la zona.<\/p>\n<p>All\u00e0 en vam limitar a cercar terra per crear el nostre propi fang i peces de cer\u00e0mica o fang per formar les nostres obres.<\/p>\n<figure class=\"wp-block-gallery has-nested-images columns-default is-cropped wp-block-gallery-2 is-layout-flex wp-block-gallery-is-layout-flex\">\n<figure class=\"wp-block-image size-large\"><img loading=\"lazy\" decoding=\"async\" width=\"1024\" height=\"683\" data-id=\"432\" src=\"https:\/\/blocsenresidencia.bcn.cat\/infantaisabelarago2024\/wp-content\/uploads\/2024\/06\/240419_PrimerasessioEscocesa_009-1024x683.jpg\" alt=\"\" class=\"wp-image-432\" srcset=\"https:\/\/blocsenresidencia.bcn.cat\/infantaisabelarago2024\/wp-content\/uploads\/2024\/06\/240419_PrimerasessioEscocesa_009-1024x683.jpg 1024w, https:\/\/blocsenresidencia.bcn.cat\/infantaisabelarago2024\/wp-content\/uploads\/2024\/06\/240419_PrimerasessioEscocesa_009-300x200.jpg 300w, https:\/\/blocsenresidencia.bcn.cat\/infantaisabelarago2024\/wp-content\/uploads\/2024\/06\/240419_PrimerasessioEscocesa_009-768x512.jpg 768w, https:\/\/blocsenresidencia.bcn.cat\/infantaisabelarago2024\/wp-content\/uploads\/2024\/06\/240419_PrimerasessioEscocesa_009-1536x1024.jpg 1536w\" sizes=\"auto, (max-width: 767px) 89vw, (max-width: 1000px) 54vw, (max-width: 1071px) 543px, 580px\"><\/figure>\n<figure class=\"wp-block-image size-large\"><img loading=\"lazy\" decoding=\"async\" width=\"1024\" height=\"683\" data-id=\"433\" src=\"https:\/\/blocsenresidencia.bcn.cat\/infantaisabelarago2024\/wp-content\/uploads\/2024\/06\/240419_PrimerasessioEscocesa_041-1024x683.jpg\" alt=\"\" class=\"wp-image-433\" srcset=\"https:\/\/blocsenresidencia.bcn.cat\/infantaisabelarago2024\/wp-content\/uploads\/2024\/06\/240419_PrimerasessioEscocesa_041-1024x683.jpg 1024w, https:\/\/blocsenresidencia.bcn.cat\/infantaisabelarago2024\/wp-content\/uploads\/2024\/06\/240419_PrimerasessioEscocesa_041-300x200.jpg 300w, https:\/\/blocsenresidencia.bcn.cat\/infantaisabelarago2024\/wp-content\/uploads\/2024\/06\/240419_PrimerasessioEscocesa_041-768x512.jpg 768w, https:\/\/blocsenresidencia.bcn.cat\/infantaisabelarago2024\/wp-content\/uploads\/2024\/06\/240419_PrimerasessioEscocesa_041-1536x1024.jpg 1536w\" sizes=\"auto, (max-width: 767px) 89vw, (max-width: 1000px) 54vw, (max-width: 1071px) 543px, 580px\"><\/figure>\n<figure class=\"wp-block-image size-large\"><img loading=\"lazy\" decoding=\"async\" width=\"1024\" height=\"683\" data-id=\"434\" src=\"https:\/\/blocsenresidencia.bcn.cat\/infantaisabelarago2024\/wp-content\/uploads\/2024\/06\/240419_PrimerasessioEscocesa_059-1024x683.jpg\" alt=\"\" class=\"wp-image-434\" srcset=\"https:\/\/blocsenresidencia.bcn.cat\/infantaisabelarago2024\/wp-content\/uploads\/2024\/06\/240419_PrimerasessioEscocesa_059-1024x683.jpg 1024w, https:\/\/blocsenresidencia.bcn.cat\/infantaisabelarago2024\/wp-content\/uploads\/2024\/06\/240419_PrimerasessioEscocesa_059-300x200.jpg 300w, https:\/\/blocsenresidencia.bcn.cat\/infantaisabelarago2024\/wp-content\/uploads\/2024\/06\/240419_PrimerasessioEscocesa_059-768x512.jpg 768w, https:\/\/blocsenresidencia.bcn.cat\/infantaisabelarago2024\/wp-content\/uploads\/2024\/06\/240419_PrimerasessioEscocesa_059-1536x1024.jpg 1536w\" sizes=\"auto, (max-width: 767px) 89vw, (max-width: 1000px) 54vw, (max-width: 1071px) 543px, 580px\"><\/figure>\n<figure class=\"wp-block-image size-large\"><img loading=\"lazy\" decoding=\"async\" width=\"1024\" height=\"683\" data-id=\"435\" src=\"https:\/\/blocsenresidencia.bcn.cat\/infantaisabelarago2024\/wp-content\/uploads\/2024\/06\/240419_PrimerasessioEscocesa_070-1024x683.jpg\" alt=\"\" class=\"wp-image-435\" srcset=\"https:\/\/blocsenresidencia.bcn.cat\/infantaisabelarago2024\/wp-content\/uploads\/2024\/06\/240419_PrimerasessioEscocesa_070-1024x683.jpg 1024w, https:\/\/blocsenresidencia.bcn.cat\/infantaisabelarago2024\/wp-content\/uploads\/2024\/06\/240419_PrimerasessioEscocesa_070-300x200.jpg 300w, https:\/\/blocsenresidencia.bcn.cat\/infantaisabelarago2024\/wp-content\/uploads\/2024\/06\/240419_PrimerasessioEscocesa_070-768x512.jpg 768w, https:\/\/blocsenresidencia.bcn.cat\/infantaisabelarago2024\/wp-content\/uploads\/2024\/06\/240419_PrimerasessioEscocesa_070-1536x1024.jpg 1536w\" sizes=\"auto, (max-width: 767px) 89vw, (max-width: 1000px) 54vw, (max-width: 1071px) 543px, 580px\"><\/figure>\n<figure class=\"wp-block-image size-large\"><img loading=\"lazy\" decoding=\"async\" width=\"1024\" height=\"683\" data-id=\"436\" src=\"https:\/\/blocsenresidencia.bcn.cat\/infantaisabelarago2024\/wp-content\/uploads\/2024\/06\/240419_PrimerasessioEscocesa_118-1024x683.jpg\" alt=\"\" class=\"wp-image-436\" srcset=\"https:\/\/blocsenresidencia.bcn.cat\/infantaisabelarago2024\/wp-content\/uploads\/2024\/06\/240419_PrimerasessioEscocesa_118-1024x683.jpg 1024w, https:\/\/blocsenresidencia.bcn.cat\/infantaisabelarago2024\/wp-content\/uploads\/2024\/06\/240419_PrimerasessioEscocesa_118-300x200.jpg 300w, https:\/\/blocsenresidencia.bcn.cat\/infantaisabelarago2024\/wp-content\/uploads\/2024\/06\/240419_PrimerasessioEscocesa_118-768x512.jpg 768w, https:\/\/blocsenresidencia.bcn.cat\/infantaisabelarago2024\/wp-content\/uploads\/2024\/06\/240419_PrimerasessioEscocesa_118-1536x1024.jpg 1536w\" sizes=\"auto, (max-width: 767px) 89vw, (max-width: 1000px) 54vw, (max-width: 1071px) 543px, 580px\"><\/figure>\n<figure class=\"wp-block-image size-large\"><img loading=\"lazy\" decoding=\"async\" width=\"1024\" height=\"683\" data-id=\"437\" src=\"https:\/\/blocsenresidencia.bcn.cat\/infantaisabelarago2024\/wp-content\/uploads\/2024\/06\/240419_PrimerasessioEscocesa_143-1024x683.jpg\" alt=\"\" class=\"wp-image-437\" srcset=\"https:\/\/blocsenresidencia.bcn.cat\/infantaisabelarago2024\/wp-content\/uploads\/2024\/06\/240419_PrimerasessioEscocesa_143-1024x683.jpg 1024w, https:\/\/blocsenresidencia.bcn.cat\/infantaisabelarago2024\/wp-content\/uploads\/2024\/06\/240419_PrimerasessioEscocesa_143-300x200.jpg 300w, https:\/\/blocsenresidencia.bcn.cat\/infantaisabelarago2024\/wp-content\/uploads\/2024\/06\/240419_PrimerasessioEscocesa_143-768x512.jpg 768w, https:\/\/blocsenresidencia.bcn.cat\/infantaisabelarago2024\/wp-content\/uploads\/2024\/06\/240419_PrimerasessioEscocesa_143-1536x1024.jpg 1536w, https:\/\/blocsenresidencia.bcn.cat\/infantaisabelarago2024\/wp-content\/uploads\/2024\/06\/240419_PrimerasessioEscocesa_143-2048x1365.jpg 2048w\" sizes=\"auto, (max-width: 767px) 89vw, (max-width: 1000px) 54vw, (max-width: 1071px) 543px, 580px\"><\/figure>\n<figure class=\"wp-block-image size-large\"><img loading=\"lazy\" decoding=\"async\" width=\"1024\" height=\"683\" data-id=\"438\" src=\"https:\/\/blocsenresidencia.bcn.cat\/infantaisabelarago2024\/wp-content\/uploads\/2024\/06\/240419_PrimerasessioEscocesa_168-1024x683.jpg\" alt=\"\" class=\"wp-image-438\" srcset=\"https:\/\/blocsenresidencia.bcn.cat\/infantaisabelarago2024\/wp-content\/uploads\/2024\/06\/240419_PrimerasessioEscocesa_168-1024x683.jpg 1024w, https:\/\/blocsenresidencia.bcn.cat\/infantaisabelarago2024\/wp-content\/uploads\/2024\/06\/240419_PrimerasessioEscocesa_168-300x200.jpg 300w, https:\/\/blocsenresidencia.bcn.cat\/infantaisabelarago2024\/wp-content\/uploads\/2024\/06\/240419_PrimerasessioEscocesa_168-768x512.jpg 768w, https:\/\/blocsenresidencia.bcn.cat\/infantaisabelarago2024\/wp-content\/uploads\/2024\/06\/240419_PrimerasessioEscocesa_168-1536x1024.jpg 1536w\" sizes=\"auto, (max-width: 767px) 89vw, (max-width: 1000px) 54vw, (max-width: 1071px) 543px, 580px\"><\/figure>\n<figure class=\"wp-block-image size-large\"><img loading=\"lazy\" decoding=\"async\" width=\"1024\" height=\"683\" data-id=\"439\" src=\"https:\/\/blocsenresidencia.bcn.cat\/infantaisabelarago2024\/wp-content\/uploads\/2024\/06\/240419_PrimerasessioEscocesa_199-1024x683.jpg\" alt=\"\" class=\"wp-image-439\" srcset=\"https:\/\/blocsenresidencia.bcn.cat\/infantaisabelarago2024\/wp-content\/uploads\/2024\/06\/240419_PrimerasessioEscocesa_199-1024x683.jpg 1024w, https:\/\/blocsenresidencia.bcn.cat\/infantaisabelarago2024\/wp-content\/uploads\/2024\/06\/240419_PrimerasessioEscocesa_199-300x200.jpg 300w, https:\/\/blocsenresidencia.bcn.cat\/infantaisabelarago2024\/wp-content\/uploads\/2024\/06\/240419_PrimerasessioEscocesa_199-768x512.jpg 768w, https:\/\/blocsenresidencia.bcn.cat\/infantaisabelarago2024\/wp-content\/uploads\/2024\/06\/240419_PrimerasessioEscocesa_199-1536x1024.jpg 1536w, https:\/\/blocsenresidencia.bcn.cat\/infantaisabelarago2024\/wp-content\/uploads\/2024\/06\/240419_PrimerasessioEscocesa_199-2048x1365.jpg 2048w\" sizes=\"auto, (max-width: 767px) 89vw, (max-width: 1000px) 54vw, (max-width: 1071px) 543px, 580px\"><\/figure>\n<\/figure>\n<figure class=\"wp-block-gallery has-nested-images columns-default is-cropped wp-block-gallery-3 is-layout-flex wp-block-gallery-is-layout-flex\"><\/figure>\n<\/div>\n","protected":false},"excerpt":{"rendered":"<p>Des de Marina Rubio EN RESiD\u00c8NCiA a l&#8217;Institut Infanta Isabel d&#8217;Arag\u00f3 La nostra primera sessi\u00f3 en\u00a0la Escocesa\u00a0va ser for\u00e7a din\u00e0mica.La mestra de taller Maria\u00a0Roy\u00a0i la Marina ens van portar a un solar pr\u00f2xim on servia d\u2019evocador de totes les terres que generaven les diferents demolicions dels edificis de la zona. All\u00e0 en vam limitar a &hellip; <\/p>\n<p class=\"link-more\"><a href=\"https:\/\/blocsenresidencia.bcn.cat\/20232024\/2024\/06\/13\/primera-sessio-a-la-escocesa\/\" class=\"more-link\">Continua llegint <span class=\"screen-reader-text\">\u00abPrimera sessi\u00f3 a La Escocesa\u00bb<\/span><\/a><\/p>\n","protected":false},"author":5,"featured_media":0,"comment_status":"closed","ping_status":"closed","sticky":false,"template":"","format":"standard","meta":{"footnotes":""},"categories":[1],"tags":[],"class_list":["post-1114","post","type-post","status-publish","format-standard","hentry","category-general"],"_links":{"self":[{"href":"https:\/\/blocsenresidencia.bcn.cat\/20232024\/wp-json\/wp\/v2\/posts\/1114","targetHints":{"allow":["GET"]}}],"collection":[{"href":"https:\/\/blocsenresidencia.bcn.cat\/20232024\/wp-json\/wp\/v2\/posts"}],"about":[{"href":"https:\/\/blocsenresidencia.bcn.cat\/20232024\/wp-json\/wp\/v2\/types\/post"}],"author":[{"embeddable":true,"href":"https:\/\/blocsenresidencia.bcn.cat\/20232024\/wp-json\/wp\/v2\/users\/5"}],"replies":[{"embeddable":true,"href":"https:\/\/blocsenresidencia.bcn.cat\/20232024\/wp-json\/wp\/v2\/comments?post=1114"}],"version-history":[{"count":0,"href":"https:\/\/blocsenresidencia.bcn.cat\/20232024\/wp-json\/wp\/v2\/posts\/1114\/revisions"}],"wp:attachment":[{"href":"https:\/\/blocsenresidencia.bcn.cat\/20232024\/wp-json\/wp\/v2\/media?parent=1114"}],"wp:term":[{"taxonomy":"category","embeddable":true,"href":"https:\/\/blocsenresidencia.bcn.cat\/20232024\/wp-json\/wp\/v2\/categories?post=1114"},{"taxonomy":"post_tag","embeddable":true,"href":"https:\/\/blocsenresidencia.bcn.cat\/20232024\/wp-json\/wp\/v2\/tags?post=1114"}],"curies":[{"name":"wp","href":"https:\/\/api.w.org\/{rel}","templated":true}]}}