{"id":1116,"date":"2024-06-17T13:58:09","date_gmt":"2024-06-17T11:58:09","guid":{"rendered":"https:\/\/blocsenresidencia.bcn.cat\/20232024\/2024\/06\/17\/el-nostre-paisatge-emocional\/"},"modified":"2024-06-17T13:58:09","modified_gmt":"2024-06-17T11:58:09","slug":"el-nostre-paisatge-emocional","status":"publish","type":"post","link":"https:\/\/blocsenresidencia.bcn.cat\/20232024\/2024\/06\/17\/el-nostre-paisatge-emocional\/","title":{"rendered":"El nostre paisatge emocional"},"content":{"rendered":"<p>Des de <a href=\"https:\/\/blocsenresidencia.bcn.cat\/ribera2024\/el-nostre-paisatge-emocional\/\">Rodrigo Lavi\u00f1a EN RESiD\u00c8NCiA a l&#8217;Institut La Ribera<\/a><\/p>\n<div>\n<p>Durant aquest darrer trimestre hem treballat <strong>LA PARAULA<\/strong>, per\u00f2 per poder escriure-la i expressar-la, primer hem de saber qu\u00e8 sentim. Per aquest motiu, hem parlat dels <strong>DRACS <\/strong>interiors que tenim dins nostre. Uns dracs que pels cart\u00f2grafs medievals eren un s\u00edmbol de perill , per\u00f2 que pels aventurers van ser interpretats com oportunitats de descobrir nous mons, com els nostres mons interiors. Aquesta <strong>met\u00e0fora <\/strong>ha sigut el nostre <strong>punt de partida <\/strong>de la nostra la <strong>creaci\u00f3 art\u00edstica<\/strong>.<\/p>\n<figure class=\"wp-block-image size-full\"><img loading=\"lazy\" decoding=\"async\" width=\"855\" height=\"418\" src=\"https:\/\/blocsenresidencia.bcn.cat\/ribera2024\/wp-content\/uploads\/2024\/06\/CP5.png\" alt=\"\" class=\"wp-image-356\" srcset=\"https:\/\/blocsenresidencia.bcn.cat\/ribera2024\/wp-content\/uploads\/2024\/06\/CP5.png 855w, https:\/\/blocsenresidencia.bcn.cat\/ribera2024\/wp-content\/uploads\/2024\/06\/CP5-300x147.png 300w, https:\/\/blocsenresidencia.bcn.cat\/ribera2024\/wp-content\/uploads\/2024\/06\/CP5-768x375.png 768w\" sizes=\"auto, (max-width: 767px) 89vw, (max-width: 1000px) 54vw, (max-width: 1071px) 543px, 580px\"><\/figure>\n<p>A m\u00e9s, vam estar reflexionant i vam fer un esquema per tenir les idees clares abans de comen\u00e7ar a escriure les nostres lletres.<\/p>\n<figure class=\"wp-block-image size-full\"><img loading=\"lazy\" decoding=\"async\" width=\"879\" height=\"607\" src=\"https:\/\/blocsenresidencia.bcn.cat\/ribera2024\/wp-content\/uploads\/2024\/06\/Captura-de-pantalla-2024-06-17-123359.png\" alt=\"\" class=\"wp-image-355\" srcset=\"https:\/\/blocsenresidencia.bcn.cat\/ribera2024\/wp-content\/uploads\/2024\/06\/Captura-de-pantalla-2024-06-17-123359.png 879w, https:\/\/blocsenresidencia.bcn.cat\/ribera2024\/wp-content\/uploads\/2024\/06\/Captura-de-pantalla-2024-06-17-123359-300x207.png 300w, https:\/\/blocsenresidencia.bcn.cat\/ribera2024\/wp-content\/uploads\/2024\/06\/Captura-de-pantalla-2024-06-17-123359-768x530.png 768w\" sizes=\"auto, (max-width: 767px) 89vw, (max-width: 1000px) 54vw, (max-width: 1071px) 543px, 580px\"><\/figure>\n<\/div>\n","protected":false},"excerpt":{"rendered":"<p>Des de Rodrigo Lavi\u00f1a EN RESiD\u00c8NCiA a l&#8217;Institut La Ribera Durant aquest darrer trimestre hem treballat LA PARAULA, per\u00f2 per poder escriure-la i expressar-la, primer hem de saber qu\u00e8 sentim. Per aquest motiu, hem parlat dels DRACS interiors que tenim dins nostre. Uns dracs que pels cart\u00f2grafs medievals eren un s\u00edmbol de perill , per\u00f2 &hellip; <\/p>\n<p class=\"link-more\"><a href=\"https:\/\/blocsenresidencia.bcn.cat\/20232024\/2024\/06\/17\/el-nostre-paisatge-emocional\/\" class=\"more-link\">Continua llegint <span class=\"screen-reader-text\">\u00abEl nostre paisatge emocional\u00bb<\/span><\/a><\/p>\n","protected":false},"author":5,"featured_media":0,"comment_status":"closed","ping_status":"closed","sticky":false,"template":"","format":"standard","meta":{"footnotes":""},"categories":[1],"tags":[],"class_list":["post-1116","post","type-post","status-publish","format-standard","hentry","category-general"],"_links":{"self":[{"href":"https:\/\/blocsenresidencia.bcn.cat\/20232024\/wp-json\/wp\/v2\/posts\/1116","targetHints":{"allow":["GET"]}}],"collection":[{"href":"https:\/\/blocsenresidencia.bcn.cat\/20232024\/wp-json\/wp\/v2\/posts"}],"about":[{"href":"https:\/\/blocsenresidencia.bcn.cat\/20232024\/wp-json\/wp\/v2\/types\/post"}],"author":[{"embeddable":true,"href":"https:\/\/blocsenresidencia.bcn.cat\/20232024\/wp-json\/wp\/v2\/users\/5"}],"replies":[{"embeddable":true,"href":"https:\/\/blocsenresidencia.bcn.cat\/20232024\/wp-json\/wp\/v2\/comments?post=1116"}],"version-history":[{"count":0,"href":"https:\/\/blocsenresidencia.bcn.cat\/20232024\/wp-json\/wp\/v2\/posts\/1116\/revisions"}],"wp:attachment":[{"href":"https:\/\/blocsenresidencia.bcn.cat\/20232024\/wp-json\/wp\/v2\/media?parent=1116"}],"wp:term":[{"taxonomy":"category","embeddable":true,"href":"https:\/\/blocsenresidencia.bcn.cat\/20232024\/wp-json\/wp\/v2\/categories?post=1116"},{"taxonomy":"post_tag","embeddable":true,"href":"https:\/\/blocsenresidencia.bcn.cat\/20232024\/wp-json\/wp\/v2\/tags?post=1116"}],"curies":[{"name":"wp","href":"https:\/\/api.w.org\/{rel}","templated":true}]}}