{"id":1117,"date":"2024-06-17T13:58:09","date_gmt":"2024-06-17T11:58:09","guid":{"rendered":"https:\/\/blocsenresidencia.bcn.cat\/20232024\/2024\/06\/17\/preparacio-sessio-final\/"},"modified":"2024-06-17T13:58:09","modified_gmt":"2024-06-17T11:58:09","slug":"preparacio-sessio-final","status":"publish","type":"post","link":"https:\/\/blocsenresidencia.bcn.cat\/20232024\/2024\/06\/17\/preparacio-sessio-final\/","title":{"rendered":"PREPARACI\u00d3 SESSI\u00d3 FINAL"},"content":{"rendered":"<p>Des de <a href=\"https:\/\/blocsenresidencia.bcn.cat\/ribera2024\/preparacio-sessio-final\/\">Rodrigo Lavi\u00f1a EN RESiD\u00c8NCiA a l&#8217;Institut La Ribera<\/a><\/p>\n<div>\n<p>Com tot artista, estem preparant la sessi\u00f3 final. Hem decidit que farem una deriva, ja que hem treballat l\u2019eix del territori, i hem reflexionat si podem deixar EMPREMTA en ell, o b\u00e9, el territori on vivim ens marca a nosaltres creant la nostra IDENTITAT. Farem unes parades en llocs espec\u00edfics de Montcada que s\u00f3n importants per nosaltres, ja que tamb\u00e9 hem treballat la nostra BIOGRAFIA. Per exemple, el pare d\u2019una companya no pot caminar i aix\u00ed podr\u00e0 sortir al balc\u00f3 i escoltar-la o perqu\u00e8 \u00e9s un espai \u00edntim i acollidor, o b\u00e9,  perqu\u00e8 hi ha gent i vida escolar com el Carrer Major. <\/p>\n<p>En primer lloc, per preparar la deriva, vam sortir i vam fotografiar els indrets on cadasc\u00fa cantar\u00e0 o recitar\u00e0 la seva composici\u00f3 musical. Aqu\u00ed us deixem algunes de les parades que farem durant el recorregut:<\/p>\n<figure class=\"wp-block-image size-full\"><img fetchpriority=\"high\" decoding=\"async\" width=\"769\" height=\"678\" src=\"https:\/\/blocsenresidencia.bcn.cat\/ribera2024\/wp-content\/uploads\/2024\/06\/R1.png\" alt=\"\" class=\"wp-image-359\" srcset=\"https:\/\/blocsenresidencia.bcn.cat\/ribera2024\/wp-content\/uploads\/2024\/06\/R1.png 769w, https:\/\/blocsenresidencia.bcn.cat\/ribera2024\/wp-content\/uploads\/2024\/06\/R1-300x264.png 300w\" sizes=\"(max-width: 767px) 89vw, (max-width: 1000px) 54vw, (max-width: 1071px) 543px, 580px\"><\/figure>\n<figure class=\"wp-block-image size-full\"><img loading=\"lazy\" decoding=\"async\" width=\"730\" height=\"334\" src=\"https:\/\/blocsenresidencia.bcn.cat\/ribera2024\/wp-content\/uploads\/2024\/06\/R2.png\" alt=\"\" class=\"wp-image-360\" srcset=\"https:\/\/blocsenresidencia.bcn.cat\/ribera2024\/wp-content\/uploads\/2024\/06\/R2.png 730w, https:\/\/blocsenresidencia.bcn.cat\/ribera2024\/wp-content\/uploads\/2024\/06\/R2-300x137.png 300w\" sizes=\"auto, (max-width: 730px) 100vw, 730px\"><\/figure>\n<figure class=\"wp-block-image size-full\"><img loading=\"lazy\" decoding=\"async\" width=\"721\" height=\"532\" src=\"https:\/\/blocsenresidencia.bcn.cat\/ribera2024\/wp-content\/uploads\/2024\/06\/R3.png\" alt=\"\" class=\"wp-image-361\" srcset=\"https:\/\/blocsenresidencia.bcn.cat\/ribera2024\/wp-content\/uploads\/2024\/06\/R3.png 721w, https:\/\/blocsenresidencia.bcn.cat\/ribera2024\/wp-content\/uploads\/2024\/06\/R3-300x221.png 300w\" sizes=\"auto, (max-width: 721px) 100vw, 721px\"><\/figure>\n<p>Comen\u00e7arem i acabarem a l\u2019Institut de La Ribera! <\/p>\n<\/div>\n","protected":false},"excerpt":{"rendered":"<p>Des de Rodrigo Lavi\u00f1a EN RESiD\u00c8NCiA a l&#8217;Institut La Ribera Com tot artista, estem preparant la sessi\u00f3 final. Hem decidit que farem una deriva, ja que hem treballat l\u2019eix del territori, i hem reflexionat si podem deixar EMPREMTA en ell, o b\u00e9, el territori on vivim ens marca a nosaltres creant la nostra IDENTITAT. Farem &hellip; <\/p>\n<p class=\"link-more\"><a href=\"https:\/\/blocsenresidencia.bcn.cat\/20232024\/2024\/06\/17\/preparacio-sessio-final\/\" class=\"more-link\">Continua llegint <span class=\"screen-reader-text\">\u00abPREPARACI\u00d3 SESSI\u00d3 FINAL\u00bb<\/span><\/a><\/p>\n","protected":false},"author":5,"featured_media":0,"comment_status":"closed","ping_status":"closed","sticky":false,"template":"","format":"standard","meta":{"footnotes":""},"categories":[1],"tags":[],"class_list":["post-1117","post","type-post","status-publish","format-standard","hentry","category-general"],"_links":{"self":[{"href":"https:\/\/blocsenresidencia.bcn.cat\/20232024\/wp-json\/wp\/v2\/posts\/1117","targetHints":{"allow":["GET"]}}],"collection":[{"href":"https:\/\/blocsenresidencia.bcn.cat\/20232024\/wp-json\/wp\/v2\/posts"}],"about":[{"href":"https:\/\/blocsenresidencia.bcn.cat\/20232024\/wp-json\/wp\/v2\/types\/post"}],"author":[{"embeddable":true,"href":"https:\/\/blocsenresidencia.bcn.cat\/20232024\/wp-json\/wp\/v2\/users\/5"}],"replies":[{"embeddable":true,"href":"https:\/\/blocsenresidencia.bcn.cat\/20232024\/wp-json\/wp\/v2\/comments?post=1117"}],"version-history":[{"count":0,"href":"https:\/\/blocsenresidencia.bcn.cat\/20232024\/wp-json\/wp\/v2\/posts\/1117\/revisions"}],"wp:attachment":[{"href":"https:\/\/blocsenresidencia.bcn.cat\/20232024\/wp-json\/wp\/v2\/media?parent=1117"}],"wp:term":[{"taxonomy":"category","embeddable":true,"href":"https:\/\/blocsenresidencia.bcn.cat\/20232024\/wp-json\/wp\/v2\/categories?post=1117"},{"taxonomy":"post_tag","embeddable":true,"href":"https:\/\/blocsenresidencia.bcn.cat\/20232024\/wp-json\/wp\/v2\/tags?post=1117"}],"curies":[{"name":"wp","href":"https:\/\/api.w.org\/{rel}","templated":true}]}}