{"id":1127,"date":"2024-06-18T12:10:35","date_gmt":"2024-06-18T10:10:35","guid":{"rendered":"https:\/\/blocsenresidencia.bcn.cat\/20232024\/2024\/06\/18\/dia-de-tancament\/"},"modified":"2024-06-18T12:10:35","modified_gmt":"2024-06-18T10:10:35","slug":"dia-de-tancament","status":"publish","type":"post","link":"https:\/\/blocsenresidencia.bcn.cat\/20232024\/2024\/06\/18\/dia-de-tancament\/","title":{"rendered":"Dia de tancament"},"content":{"rendered":"<p>Des de <a href=\"https:\/\/blocsenresidencia.bcn.cat\/turocaritg2024\/dia-de-tancament\/\">Constanza Brn\u010di\u0107 EN RESiD\u00c8NCiA a l&#8217;Institut Escola Tur\u00f3 de&#8217;n Caritg (BDN)<\/a><\/p>\n<div>\n<p>Amb l\u2019emoci\u00f3 de la presentaci\u00f3\u2026 ens tornem a trobar totes amb la Constanza a l\u2019aula! Quina gran il\u00b7lusi\u00f3 retrobar-nos i comentar! <\/p>\n<p>Compartim algunes imatges del dia de l\u2019estrena i anomenem diferents moments del proc\u00e9s que recordem especialment:<\/p>\n<p>\u2018<strong>Compartir una sesi\u00f3n con alumnos del Institut de Teatre.\u00a0 Fue muy emocionante estar com alumnos que quieren dedicarse al baile. Hab\u00eda un ambiente de trabajo muy bueno.<\/strong>\u2019 (Gabi)<\/p>\n<p>\u2018<strong>Aquel d\u00eda [en el Institut Teatre] ya no ten\u00eda pena de estar junto a otras personas. Hac\u00eda poco que acababa de llegar pero de pronto me sent\u00eda bien.<\/strong>\u2019 (Sof\u00eda)<\/p>\n<p>\u2018<strong>Recordo molt el primer dia, en qu\u00e8 ens vam con\u00e8ixer i vam comen\u00e7ar el projecte. Va ser al Mercat de les Flors.<\/strong>\u2019 (Kiran)<\/p>\n<p>\u2018<strong>Per mi, el dia m\u00e9s important ha estat el dia de la presentaci\u00f3.<\/strong>\u2019 (Mah Noor)<\/p>\n<p>\u2018<strong>El \u00faltimo d\u00eda fue impresionante. Estuve muy orgulloso.<\/strong>\u2019 (Josu\u00e9)<\/p>\n<p>\u2018<strong>Recordo els dies que sort\u00edem a caminar, va ser al principi de tot.<\/strong>\u2019 (Mina)<\/p>\n<p>\u2018<strong>Tamb\u00e9 vam anar al Teatre Zorrilla. All\u00e0 vam estar a l\u2019escenari. Era molt bonic.<\/strong>\u2019 (Bisma)<\/p>\n<p>\u2018<strong>El dia dels equilibris. Ens un\u00edem tots junts, fent diferents figures.\u2019<\/strong> (Mati)<\/p>\n<p>\u2018<strong>Per mi, quan vam veure la Constanza ballant al Mercat de les Flors. Ens vam quedar sense paraules<\/strong>.\u2019 (Moha)<\/p>\n<p>\u00a0\u2018<strong>Un dia hav\u00edem de caminar amb un company amb els ulls tancats. Ens condu\u00efa i hav\u00edem de confiar. Va ser molt divertit.<\/strong>\u2019 (Jaskaran)<\/p>\n<p>\u2018<strong>L\u2019\u00faltim dia.<\/strong>\u2019 (Gorav)<\/p>\n<\/div>\n","protected":false},"excerpt":{"rendered":"<p>Des de Constanza Brn\u010di\u0107 EN RESiD\u00c8NCiA a l&#8217;Institut Escola Tur\u00f3 de&#8217;n Caritg (BDN) Amb l\u2019emoci\u00f3 de la presentaci\u00f3\u2026 ens tornem a trobar totes amb la Constanza a l\u2019aula! Quina gran il\u00b7lusi\u00f3 retrobar-nos i comentar! Compartim algunes imatges del dia de l\u2019estrena i anomenem diferents moments del proc\u00e9s que recordem especialment: \u2018Compartir una sesi\u00f3n con alumnos &hellip; <\/p>\n<p class=\"link-more\"><a href=\"https:\/\/blocsenresidencia.bcn.cat\/20232024\/2024\/06\/18\/dia-de-tancament\/\" class=\"more-link\">Continua llegint <span class=\"screen-reader-text\">\u00abDia de tancament\u00bb<\/span><\/a><\/p>\n","protected":false},"author":5,"featured_media":0,"comment_status":"closed","ping_status":"closed","sticky":false,"template":"","format":"standard","meta":{"footnotes":""},"categories":[1],"tags":[],"class_list":["post-1127","post","type-post","status-publish","format-standard","hentry","category-general"],"_links":{"self":[{"href":"https:\/\/blocsenresidencia.bcn.cat\/20232024\/wp-json\/wp\/v2\/posts\/1127","targetHints":{"allow":["GET"]}}],"collection":[{"href":"https:\/\/blocsenresidencia.bcn.cat\/20232024\/wp-json\/wp\/v2\/posts"}],"about":[{"href":"https:\/\/blocsenresidencia.bcn.cat\/20232024\/wp-json\/wp\/v2\/types\/post"}],"author":[{"embeddable":true,"href":"https:\/\/blocsenresidencia.bcn.cat\/20232024\/wp-json\/wp\/v2\/users\/5"}],"replies":[{"embeddable":true,"href":"https:\/\/blocsenresidencia.bcn.cat\/20232024\/wp-json\/wp\/v2\/comments?post=1127"}],"version-history":[{"count":0,"href":"https:\/\/blocsenresidencia.bcn.cat\/20232024\/wp-json\/wp\/v2\/posts\/1127\/revisions"}],"wp:attachment":[{"href":"https:\/\/blocsenresidencia.bcn.cat\/20232024\/wp-json\/wp\/v2\/media?parent=1127"}],"wp:term":[{"taxonomy":"category","embeddable":true,"href":"https:\/\/blocsenresidencia.bcn.cat\/20232024\/wp-json\/wp\/v2\/categories?post=1127"},{"taxonomy":"post_tag","embeddable":true,"href":"https:\/\/blocsenresidencia.bcn.cat\/20232024\/wp-json\/wp\/v2\/tags?post=1127"}],"curies":[{"name":"wp","href":"https:\/\/api.w.org\/{rel}","templated":true}]}}