{"id":1133,"date":"2024-06-18T14:40:30","date_gmt":"2024-06-18T12:40:30","guid":{"rendered":"https:\/\/blocsenresidencia.bcn.cat\/20232024\/2024\/06\/18\/reflexions-finals\/"},"modified":"2024-06-18T14:40:30","modified_gmt":"2024-06-18T12:40:30","slug":"reflexions-finals","status":"publish","type":"post","link":"https:\/\/blocsenresidencia.bcn.cat\/20232024\/2024\/06\/18\/reflexions-finals\/","title":{"rendered":"Reflexions finals"},"content":{"rendered":"<p>Des de <a href=\"https:\/\/blocsenresidencia.bcn.cat\/sedeta2024\/reflexions-finals\/\">Irena Visa EN RESiD\u00c8NCiA a l&#8217;Institut La Sedeta<\/a><\/p>\n<div>\n<p>Un cop ja hem presentat el projecte i hem fet una sessi\u00f3 de comiat amb la Irena Visa\u2026 recapitulem i comentem el projecte!<\/p>\n<p><strong>Qu\u00e8 ens ha aportat? qu\u00e8 ens ha perm\u00e8s? qu\u00e8 hem apr\u00e8s?<\/strong><\/p>\n<ul>\n<li>Ens ha agradat el grup de companys que hem tingut i que hem pogut con\u00e8ixer millor.<\/li>\n<\/ul>\n<ul>\n<li>Coneixements de la vida d\u2019un artista i saber m\u00e9s de prop com viu i com es guanya la vida. Ens va agradar molt poder tenir acc\u00e9s a la seva economia i saber quants diners li pagaven per cada obra i com funciona aquest m\u00f3n.<\/li>\n<\/ul>\n<ul>\n<li>Fer aquest programa ens ha obert la ment i ens ha fet veure el que ens envolta d\u2019una altra manera.<\/li>\n<\/ul>\n<ul>\n<li>Hem ampliat la nostra visi\u00f3 de l\u2019art ja que nosaltres ens pens\u00e0vem que era m\u00e9s limitat, nom\u00e9s pintar i dibuixar. Hem apr\u00e8s a expressar-nos d\u2019una manera m\u00e9s conceptual i la import\u00e0ncia de les cartel\u00b7les i a diferencia pedra i menhir.<\/li>\n<\/ul>\n<ul>\n<li>Fer moltes sortides com a aspecte positiu. Hem pogut con\u00e8ixer Santa M\u00f2nica i tots els serveis que ens dona. Tamb\u00e9 ens va interessar molt veure tota la feina que hi ha darrere d\u2019un museu i poder entrar a les oficines i altres espais de la Fundaci\u00f3 Mir\u00f3.<\/li>\n<\/ul>\n<p><strong>Quins elements no ens ha interessat o que pensem que es poden millorar?<\/strong><\/p>\n<ul>\n<li>En general, en ha semblat massa te\u00f2ric. Ens hagu\u00e9s agradat que fos m\u00e9s din\u00e0mic com hem fet m\u00e9s al final.<\/li>\n<li>L\u2019\u00faltim trimestre (primera meitat) semblava que no avan\u00e7avem, era molt repetitiu tota l\u2019estona revisant textos.<\/li>\n<\/ul>\n<p><strong>Com en hem sentit durant la mostra final i despr\u00e9s:<\/strong><\/p>\n<ul>\n<li>Primer est\u00e0vem molt nerviosos per\u00f2 despr\u00e9s molt satisfets i llavors hem vist que la feina ha valgut la pena.<\/li>\n<\/ul>\n<ul>\n<li>Ens hem sentit poderosos importants ja que teniem el museu per nosaltres.<\/li>\n<\/ul>\n<ul>\n<li>Estem orgullosos.<\/li>\n<\/ul>\n<\/div>\n","protected":false},"excerpt":{"rendered":"<p>Des de Irena Visa EN RESiD\u00c8NCiA a l&#8217;Institut La Sedeta Un cop ja hem presentat el projecte i hem fet una sessi\u00f3 de comiat amb la Irena Visa\u2026 recapitulem i comentem el projecte! Qu\u00e8 ens ha aportat? qu\u00e8 ens ha perm\u00e8s? qu\u00e8 hem apr\u00e8s? Ens ha agradat el grup de companys que hem tingut i &hellip; <\/p>\n<p class=\"link-more\"><a href=\"https:\/\/blocsenresidencia.bcn.cat\/20232024\/2024\/06\/18\/reflexions-finals\/\" class=\"more-link\">Continua llegint <span class=\"screen-reader-text\">\u00abReflexions finals\u00bb<\/span><\/a><\/p>\n","protected":false},"author":5,"featured_media":0,"comment_status":"closed","ping_status":"closed","sticky":false,"template":"","format":"standard","meta":{"footnotes":""},"categories":[1],"tags":[],"class_list":["post-1133","post","type-post","status-publish","format-standard","hentry","category-general"],"_links":{"self":[{"href":"https:\/\/blocsenresidencia.bcn.cat\/20232024\/wp-json\/wp\/v2\/posts\/1133","targetHints":{"allow":["GET"]}}],"collection":[{"href":"https:\/\/blocsenresidencia.bcn.cat\/20232024\/wp-json\/wp\/v2\/posts"}],"about":[{"href":"https:\/\/blocsenresidencia.bcn.cat\/20232024\/wp-json\/wp\/v2\/types\/post"}],"author":[{"embeddable":true,"href":"https:\/\/blocsenresidencia.bcn.cat\/20232024\/wp-json\/wp\/v2\/users\/5"}],"replies":[{"embeddable":true,"href":"https:\/\/blocsenresidencia.bcn.cat\/20232024\/wp-json\/wp\/v2\/comments?post=1133"}],"version-history":[{"count":0,"href":"https:\/\/blocsenresidencia.bcn.cat\/20232024\/wp-json\/wp\/v2\/posts\/1133\/revisions"}],"wp:attachment":[{"href":"https:\/\/blocsenresidencia.bcn.cat\/20232024\/wp-json\/wp\/v2\/media?parent=1133"}],"wp:term":[{"taxonomy":"category","embeddable":true,"href":"https:\/\/blocsenresidencia.bcn.cat\/20232024\/wp-json\/wp\/v2\/categories?post=1133"},{"taxonomy":"post_tag","embeddable":true,"href":"https:\/\/blocsenresidencia.bcn.cat\/20232024\/wp-json\/wp\/v2\/tags?post=1133"}],"curies":[{"name":"wp","href":"https:\/\/api.w.org\/{rel}","templated":true}]}}