{"id":839,"date":"2023-10-30T17:29:26","date_gmt":"2023-10-30T15:29:26","guid":{"rendered":"https:\/\/blocsenresidencia.bcn.cat\/20232024\/2023\/10\/30\/reflexions-dun-professor-artisticament-ignorant-i\/"},"modified":"2023-11-16T19:08:22","modified_gmt":"2023-11-16T17:08:22","slug":"reflexions-dun-professor-artisticament-ignorant-i","status":"publish","type":"post","link":"https:\/\/blocsenresidencia.bcn.cat\/20232024\/2023\/10\/30\/reflexions-dun-professor-artisticament-ignorant-i\/","title":{"rendered":"REFLEXIONS D\u2019UN PROFESSOR ART\u00cdSTICAMENT IGNORANT (I)"},"content":{"rendered":"<p>Des de <a href=\"https:\/\/blocsenresidencia.bcn.cat\/vazquezmontalban2024\/reflexions-dun-professor-artisticament-ignorant-i\/\">Rafa Casta\u00f1er EN RESiD\u00c8NCiA a l\u2019Institut V\u00e0zquez Montalban<\/a><\/p>\n<div>\n<p>Despr\u00e9s de quatre sessions, una benvinguda i una formaci\u00f3 em decideixo a escriure i publicar en aquest bloc.<\/p>\n<p>Em dic Jordi Humbert i soc professor de llengua i literatura catalana a l\u2019Institut Manuel V\u00e1zquez Montalb\u00e1n a Sant Adri\u00e0 del Bes\u00f2s, i professor adjunt en l\u2019optativa\u00a0en Resid\u00e8ncia conjuntament amb la Roc\u00edo Le\u00f3n, coordinadora pedag\u00f2gica del centre.<\/p>\n<p>Quan la direcci\u00f3 de l\u2019Institut em presenta el projecte em diuen que busquen un docent, que no estigui lligat al m\u00f3n de l\u2019art i amb mentalitat oberta, i jo penso (penso molt), doncs s\u00ed, tinc aquest perfil, soc un ignorant art\u00edsticament, per\u00f2 estic obert a les coses noves.<\/p>\n<p>I aix\u00ed, despr\u00e9s de dues sessions pr\u00e8vies en les quals l\u2019artista no pot venir i les quals dediquem a investigar sobre el projecte, sobre el nostre artista i fer-li un cartell de benvinguda, arriba el gran dia.<\/p>\n<p>03 d\u2019octubre, venen a l\u2019institut el Rafa Casta\u00f1er i el Chus (els nostres artistes) i el Marc, el mediador. Iniciem amb una din\u00e0mica en la qual el nostre adormit alumnat ha de portar un objecte personal que l\u2019identifiqui. Jo tamb\u00e9 el porto, \u00e9s clar. I penso (ho faig molt), soc un ignorant art\u00edsticament, per\u00f2 crec que ho entenc, entenc la finalitat de la din\u00e0mica dels artistes:\u00a0<strong>Con\u00e8ixer-nos<\/strong>. Per\u00f2, costa, costa molt, l\u2019alumnat es mostra passiu, li costa participar en la din\u00e0mica i no s\u2019obre\u00a0massa.<\/p>\n<p>Segona part de la sessi\u00f3, l\u2019artista (artistes en el nostre cas) demanen a l\u2019alumnat fer una construcci\u00f3 amb objectes que trobin\u00a0al gimn\u00e0s (espai on hem fet aquesta primera din\u00e0mica).<\/p>\n<p>Caos m\u00e0xim, ara s\u00ed, definitivament\u00a0soc un ignorant, no entenc res: Cadires amuntegades, un \u201cplinton\u201d desmuntat, \u201ccolxonetes\u201d a punt de caure, un \u201cpotro\u201d cap per avall\u2026 Art? Aix\u00f2 \u00e9s art? Fins que alg\u00fa diu: \u201cProfe, esto no es arte, esto es una mierda\u201d\u2026 No ho hauria dit millor \u2026<\/p>\n<p>El Rafa atura la din\u00e0mica i ens explica, que no, que all\u00f2 no \u00e9s art (encara rai, potser no soc\u00a0tan ignorant, o s\u00ed) ens explica que all\u00f2 \u00e9s una construcci\u00f3 sense valor art\u00edstic COOPERATIVA. Ostres, Jordi (definitivament ets un ignorant), com no te n\u2019has adonat abans, el Rafa no buscava una construcci\u00f3 de valor, el Rafa buscava all\u00f2 que ha aconseguit, que tot l\u2019alumnat tancat i adormit col\u00b7labor\u00e9s en la construcci\u00f3 de la d\u2019una estructura qualsevol i el segu\u00eds\u2026 Est\u00e0 creant un VINCLE de proximitat amb el nostre dif\u00edcil alumnat, ara encuriosit, com jo, i crec que ho est\u00e0 aconseguint.<\/p>\n<p>Per acabar, el Rafa enfosqueix l\u2019espai, i amb la llum dels dispositius m\u00f2bils dels alumnes i el moviment circular d\u2019aquests al voltant de l\u2019estructura crea una sensaci\u00f3 estranya, bonica, curiosa\u2026\u00a0 ART? No ho s\u00e9 (soc\u00a0un ignorant art\u00edstic), per\u00f2 insisteixo, m\u2019encurioseix. El Rafa t\u00e9 aquesta virtut, de qualsevol cosa, qualsevol, \u00e9s capa\u00e7 de fer-ne una expressi\u00f3 art\u00edstica (un so, dibuix\u2026).<\/p>\n<p>Continuar\u00e9 exposant-vos el meu proc\u00e9s, les meves reflexions, els meus pensaments (penso molt)\u2026 encara no s\u00e9 massa on soc, per\u00f2, (no ho digueu), m\u2019agrada ser-hi.<\/p>\n<p>I com ens agrada dir aqu\u00ed a l\u2019institut:<\/p>\n<p>SEGUIM<\/p>\n<p>Jh<\/p>\n<\/div>\n","protected":false},"excerpt":{"rendered":"<p>Des de Rafa Casta\u00f1er EN RESiD\u00c8NCiA a l\u2019Institut V\u00e0zquez Montalban Despr\u00e9s de quatre sessions, una benvinguda i una formaci\u00f3 em decideixo a escriure i publicar en aquest bloc. Em dic Jordi Humbert i soc professor de llengua i literatura catalana a l\u2019Institut Manuel V\u00e1zquez Montalb\u00e1n a Sant Adri\u00e0 del Bes\u00f2s, i professor adjunt en l\u2019optativa\u00a0en &hellip; <\/p>\n<p class=\"link-more\"><a href=\"https:\/\/blocsenresidencia.bcn.cat\/20232024\/2023\/10\/30\/reflexions-dun-professor-artisticament-ignorant-i\/\" class=\"more-link\">Continua llegint <span class=\"screen-reader-text\">\u00abREFLEXIONS D\u2019UN PROFESSOR ART\u00cdSTICAMENT IGNORANT (I)\u00bb<\/span><\/a><\/p>\n","protected":false},"author":5,"featured_media":0,"comment_status":"closed","ping_status":"closed","sticky":false,"template":"","format":"standard","meta":{"footnotes":""},"categories":[1],"tags":[],"class_list":["post-839","post","type-post","status-publish","format-standard","hentry","category-general"],"_links":{"self":[{"href":"https:\/\/blocsenresidencia.bcn.cat\/20232024\/wp-json\/wp\/v2\/posts\/839","targetHints":{"allow":["GET"]}}],"collection":[{"href":"https:\/\/blocsenresidencia.bcn.cat\/20232024\/wp-json\/wp\/v2\/posts"}],"about":[{"href":"https:\/\/blocsenresidencia.bcn.cat\/20232024\/wp-json\/wp\/v2\/types\/post"}],"author":[{"embeddable":true,"href":"https:\/\/blocsenresidencia.bcn.cat\/20232024\/wp-json\/wp\/v2\/users\/5"}],"replies":[{"embeddable":true,"href":"https:\/\/blocsenresidencia.bcn.cat\/20232024\/wp-json\/wp\/v2\/comments?post=839"}],"version-history":[{"count":1,"href":"https:\/\/blocsenresidencia.bcn.cat\/20232024\/wp-json\/wp\/v2\/posts\/839\/revisions"}],"predecessor-version":[{"id":861,"href":"https:\/\/blocsenresidencia.bcn.cat\/20232024\/wp-json\/wp\/v2\/posts\/839\/revisions\/861"}],"wp:attachment":[{"href":"https:\/\/blocsenresidencia.bcn.cat\/20232024\/wp-json\/wp\/v2\/media?parent=839"}],"wp:term":[{"taxonomy":"category","embeddable":true,"href":"https:\/\/blocsenresidencia.bcn.cat\/20232024\/wp-json\/wp\/v2\/categories?post=839"},{"taxonomy":"post_tag","embeddable":true,"href":"https:\/\/blocsenresidencia.bcn.cat\/20232024\/wp-json\/wp\/v2\/tags?post=839"}],"curies":[{"name":"wp","href":"https:\/\/api.w.org\/{rel}","templated":true}]}}