{"id":846,"date":"2023-11-08T17:10:07","date_gmt":"2023-11-08T15:10:07","guid":{"rendered":"https:\/\/blocsenresidencia.bcn.cat\/20232024\/2023\/11\/08\/preguntes-inicials\/"},"modified":"2023-11-08T17:10:07","modified_gmt":"2023-11-08T15:10:07","slug":"preguntes-inicials","status":"publish","type":"post","link":"https:\/\/blocsenresidencia.bcn.cat\/20232024\/2023\/11\/08\/preguntes-inicials\/","title":{"rendered":"PREGUNTES INICIALS"},"content":{"rendered":"<p>Des de <a href=\"https:\/\/blocsenresidencia.bcn.cat\/sedeta2024\/preguntes-inicials\/\">Irena Visa EN RESiD\u00c8NCiA a l&#8217;Institut La Sedeta<\/a><\/p>\n<div>\n<p>Per arrencar el projecte \u201cEn Resid\u00e8ncia\u201d, ens han fet unes preguntes inicials:<\/p>\n<p>Qu\u00e8 \u00e9s per tu l\u2019art?<\/p>\n<p>Qu\u00e8 saps de l\u2019art contemporani?<\/p>\n<p>Escriu cinc paraules que relacionades amb la creaci\u00f3.<\/p>\n<p>Explica alguna experi\u00e8ncia que tinguis sobre el m\u00f3n de l\u2019art.<\/p>\n<p>\u00c9s molt interessant veure com cadasc\u00fa t\u00e9 la seva pr\u00f2pia perspectiva sobre l\u2019art i com aquesta pot ser tan variada. Tot i les diferents opinions, tots coincidim en que l\u2019art \u00e9s una forma d\u2019expressar sensacions, emocions i idees, i es pot expressar de diverses formes. Alguna companya tamb\u00e9 creu que veure a Messi jugant o el Bar\u00e7a fent el tiki taka, tamb\u00e9 \u00e9s art.<\/p>\n<p>Sobre l\u2019art contemporani en sabem molt poc. Els alumnes han aportar diferents idees com per exemple\u00a0 que l\u2019art contemporani s\u00f3n formes i colors que cada un els interpreta a la seva manera, o que s\u00f3n figures abstractes. Tamb\u00e9 ha sortit la idea que l\u2019art contemporani va acord amb la nostra \u00e8poca. Les opinions de tots nosaltres, ressalten com l\u2019art contemporani no t\u00e9 una \u00fanica visi\u00f3n, sin\u00f3 que \u00e9s obert a la interpretaci\u00f3 personal i pot connectar-se de manera \u00fanica amb cada persona.<\/p>\n<p>Despr\u00e9s hem dit paraules relacionades amb la creaci\u00f3, i han sortit moltes, ja que el ventall dels termes relacionats amb la creaci\u00f3 \u00e9s molt ampli. Totes les paraules que hem dit reflecteixen la diversitat de la capacitat humana de generar coses noves i significatives en \u00e0mbits diversos:<\/p>\n<p>Imaginaci\u00f3, inventar, mec\u00e0nica, t\u00e8cnica, arquitectura, cuinar, actuar, einstein, monument, pintura, D\u00e9u, l\u2019\u00e9sser hum\u00e0, intel\u00b7lig\u00e8ncia artificial, teatre, arbre, material, sentiment, construcci\u00f3, recreaci\u00f3, escultura, idea, cinema, colors, formes, lego, connexi\u00f3, percebre, joies, cinema, energia e\u00f2lica, novetat, descobriment, invenci\u00f3, art, innovaci\u00f3 i revoluci\u00f3.<\/p>\n<p>L\u2019\u00faltima pregunta ha sigut de les m\u00e9s interessants, ja que tots els companys hem explicat experi\u00e8ncies pr\u00f2pies relacionades amb l\u2019art, i han sortit moltes hist\u00f2ries variades com:<\/p>\n<p>\u201cHe anat al museu de Picasso i no entenia massa el seu art\u201d\u00a0<\/p>\n<p>\u201cVaig anar a la casa de Dal\u00ed, era molt interessant i diferent\u201d\u00a0<\/p>\n<p>\u201cEscolto molta m\u00fasica al meu dia a dia\u201d\u00a0<\/p>\n<p>\u201cVeient una posta de sol al meu poble\u201d<\/p>\n<p>\u201cMirant fotos art\u00edstiques i em d\u00f3na sensaci\u00f3 de pau\u201d<\/p>\n<p>\u201cHe actuat en algunes obres de teatre\u201d<\/p>\n<p>\u201cLa meva \u00e0via fa quadres amb fotos meves, representant l\u2019amor que t\u00e9 per la seva neta\u201d\u00a0<\/p>\n<p>\u201cQuan la meva germana em fa quadres per a mi\u201d<\/p>\n<p>\u201cFer molts tipus de quadres amb pintura i trencar-los despr\u00e9s perqu\u00e8 no m\u2019han agradat\u201d<\/p>\n<p>Les experi\u00e8ncies compartides per tots nosaltres destaquen com l\u2019art pot ser una part integrada de les nostres vides, i aquesta participaci\u00f3 amb l\u2019art pot prendre moltes formes.<\/p>\n<p>Joana F\u00e0bregas\u00a0<\/p>\n<\/div>\n","protected":false},"excerpt":{"rendered":"<p>Des de Irena Visa EN RESiD\u00c8NCiA a l&#8217;Institut La Sedeta Per arrencar el projecte \u201cEn Resid\u00e8ncia\u201d, ens han fet unes preguntes inicials: Qu\u00e8 \u00e9s per tu l\u2019art? Qu\u00e8 saps de l\u2019art contemporani? Escriu cinc paraules que relacionades amb la creaci\u00f3. Explica alguna experi\u00e8ncia que tinguis sobre el m\u00f3n de l\u2019art. \u00c9s molt interessant veure com &hellip; <\/p>\n<p class=\"link-more\"><a href=\"https:\/\/blocsenresidencia.bcn.cat\/20232024\/2023\/11\/08\/preguntes-inicials\/\" class=\"more-link\">Continua llegint <span class=\"screen-reader-text\">\u00abPREGUNTES INICIALS\u00bb<\/span><\/a><\/p>\n","protected":false},"author":5,"featured_media":0,"comment_status":"closed","ping_status":"closed","sticky":false,"template":"","format":"standard","meta":{"footnotes":""},"categories":[1],"tags":[],"class_list":["post-846","post","type-post","status-publish","format-standard","hentry","category-general"],"_links":{"self":[{"href":"https:\/\/blocsenresidencia.bcn.cat\/20232024\/wp-json\/wp\/v2\/posts\/846","targetHints":{"allow":["GET"]}}],"collection":[{"href":"https:\/\/blocsenresidencia.bcn.cat\/20232024\/wp-json\/wp\/v2\/posts"}],"about":[{"href":"https:\/\/blocsenresidencia.bcn.cat\/20232024\/wp-json\/wp\/v2\/types\/post"}],"author":[{"embeddable":true,"href":"https:\/\/blocsenresidencia.bcn.cat\/20232024\/wp-json\/wp\/v2\/users\/5"}],"replies":[{"embeddable":true,"href":"https:\/\/blocsenresidencia.bcn.cat\/20232024\/wp-json\/wp\/v2\/comments?post=846"}],"version-history":[{"count":0,"href":"https:\/\/blocsenresidencia.bcn.cat\/20232024\/wp-json\/wp\/v2\/posts\/846\/revisions"}],"wp:attachment":[{"href":"https:\/\/blocsenresidencia.bcn.cat\/20232024\/wp-json\/wp\/v2\/media?parent=846"}],"wp:term":[{"taxonomy":"category","embeddable":true,"href":"https:\/\/blocsenresidencia.bcn.cat\/20232024\/wp-json\/wp\/v2\/categories?post=846"},{"taxonomy":"post_tag","embeddable":true,"href":"https:\/\/blocsenresidencia.bcn.cat\/20232024\/wp-json\/wp\/v2\/tags?post=846"}],"curies":[{"name":"wp","href":"https:\/\/api.w.org\/{rel}","templated":true}]}}