{"id":848,"date":"2023-11-13T10:56:50","date_gmt":"2023-11-13T08:56:50","guid":{"rendered":"https:\/\/blocsenresidencia.bcn.cat\/20232024\/2023\/11\/13\/enresidencia-a-linstitut-la-ribera\/"},"modified":"2023-11-16T19:07:36","modified_gmt":"2023-11-16T17:07:36","slug":"enresidencia-a-linstitut-la-ribera","status":"publish","type":"post","link":"https:\/\/blocsenresidencia.bcn.cat\/20232024\/2023\/11\/13\/enresidencia-a-linstitut-la-ribera\/","title":{"rendered":"EnRESID\u00c8NCIA a l\u2019institut La Ribera"},"content":{"rendered":"<p>Des de <a href=\"https:\/\/blocsenresidencia.bcn.cat\/ribera2024\/enresidencia-a-linstitut-la-ribera\/\">Rodrigo Lavi\u00f1a EN RESiD\u00c8NCiA a l\u2019Institut La Ribera<\/a><\/p>\n<div>\n<p><strong>1-Introducci\u00f3 Rodrigo i Marc<\/strong><\/p>\n<p class=\"has-text-align-left\">El Rodrigo \u00e9s un artista de rap que ha vingut al nostre institut per a fer un projecte que desenvolupa la creativitat. Amb els seus coneixements ens ajuda a reflexionar i aprendre a cantar rap, normalment en catal\u00e0. Quan el vam con\u00e8ixer ens va sorprendre molt la seva al\u00e7ada, ja que mesura aproximadament\u00a0 dos metres. T\u00e9 una banda que es diu \u201cExtra\u00f1o Weys\u201d.\u00a0 Generalment, ens va sorprendre molt la seva manera de pensar i com observava les coses des d\u2019un punt de vista diferent. El que per nosaltres \u00e9s una marca d\u2019una fulla a terra, per a ell \u00e9s molt m\u00e9s que aix\u00f2. Gr\u00e0cies a ell estem aprenent a mirar les coses m\u00e9s enll\u00e0 del que s\u00f3n.<\/p>\n<div class=\"wp-block-columns are-vertically-aligned-center is-layout-flex wp-container-core-columns-layout-1 wp-block-columns-is-layout-flex\">\n<div class=\"wp-block-column is-vertically-aligned-center is-layout-flow wp-block-column-is-layout-flow\" style=\"flex-basis: 100%;\">\n<p class=\"has-text-align-left\"><img decoding=\"async\" src=\"https:\/\/lh7-us.googleusercontent.com\/a83yXGeOsDnoYM3Wn7PXWmZ7CxIRnJ1idtiE6c4Sb5XlgiVF90olvcX1vz9mPsudVua1J-nhhwImy4NczxruSdtA9fg_13avwhfEO6f8lHUpExPPuwBNR43ST4xW212YDNGVBW_aXj11P3aKdDUkpZE\" \/><\/p>\n<\/div>\n<\/div>\n<p>El Marc tamb\u00e9 est\u00e0 amb nosaltres alguns dies, \u00e9s un mediador. Coordina una mica els alumnes, el Rodrigo i la professora. Ens va semblar una persona molt amable, ell tamb\u00e9 ens fa fotos a nosaltres i al paisatge quan anem d\u2019excursi\u00f3.<\/p>\n<p><strong><em>2. <\/em>La Valentine<\/strong><\/p>\n<p>La Valentine \u00e9s un dels barris m\u00e9s pobres de Montcada i Reixac, diuen que tamb\u00e9 \u00e9s perill\u00f3s, o almenys, aquesta \u00e9s la fama que t\u00e9. Va rebre aquest nom de la coneguda empresa de pintures La Valentine i es creu que tots els apartaments, en els quals ara vivim la gent normal, abans vivien els treballadors de la f\u00e0brica de pintura, ja que les cases s\u00f3n petites i la majoria no tenen balc\u00f3, si ara tenen \u00e9s perqu\u00e8 s\u2019han reformat.<\/p>\n<p class=\"has-small-font-size\"><code><img decoding=\"async\" src=\"https:\/\/lh7-us.googleusercontent.com\/Kwz-f9IzRRw03Gfmu6HluBAe1EfFF475tO4uYnQDkPcKQIUb2OZpcVOStDz94SCo7SwBOI6uy-oEgwJYUMjm6S5cR3FStdw5Hx87yG_BhwxeWTIFUmPoInSvUcZ9TgaIhOkcIRPQy3SLITctF7Ket1Y\" \/><\/code><\/p>\n<p>El cam\u00ed que vam fer amb el Rodrigo va ser de l\u2019institut al pi gran que hi ha just davant de l\u2019entrada al barri i li vam explicar totes les nostres impressions sobre el barri i les hist\u00f2ries que han succe\u00eft. Despr\u00e9s d\u2019aix\u00f2, vam passar per la zona que est\u00e0 al davant de les vies del tren. Vam explicar que all\u00e0 solien haver-hi rates o insectes en general i que quan dorms pots sentir els trens que hi passen o notes trontollar el teu llit. Per una altra banda, alguns companys va dir que el m\u00e9s bonic de La Valentine \u00e9s al mat\u00ed, quan surt el sol. M\u00e9s tard i per \u00faltim, ens vam quedar al costat d\u2019un bar i vam decidir anar a Can Sant Joan, coneguda com a <em>\u201cBifurcaci\u00f3\u201d<\/em>.<\/p>\n<p><strong>4. Barri de Can Sant Joan, Bifurcaci\u00f3\u00a0<\/strong><\/p>\n<p>Vam anar a Bifurcaci\u00f3, el barri de \u201cCan Sant Joan\u201d, i cadascun va estar compartint les seves experi\u00e8ncies en el barri. Caminant, vam veure una paret on hi havia un poema escrit per Le\u00f3n Felipe (un poeta espanyol representant dels creadors exiliats despr\u00e9s de la Guerra Civil) que deia aix\u00ed:<\/p>\n<p><em>\u201cVoy con las riendas tensas y refrenando el vuelo. Porque no \u00e9s lo que importa llegar solos ni pronto, sino con todos y a tiempo.\u201d<\/em><\/p>\n<p>\u2013<em>Le\u00f3n Felipe<\/em><\/p>\n<div class=\"wp-block-columns is-layout-flex wp-container-core-columns-layout-2 wp-block-columns-is-layout-flex\">\n<div class=\"wp-block-column is-vertically-aligned-center is-layout-flow wp-block-column-is-layout-flow\" style=\"flex-basis: 100%;\">\n<div class=\"wp-block-media-text is-stacked-on-mobile\" style=\"grid-template-columns: 51% auto;\">\n<figure class=\"wp-block-media-text__media\"><img loading=\"lazy\" decoding=\"async\" class=\"wp-image-300 size-full\" src=\"https:\/\/blocsenresidencia.bcn.cat\/ribera2024\/wp-content\/uploads\/2023\/11\/image-2-1024x768.png\" sizes=\"auto, (max-width: 767px) 89vw, (max-width: 1000px) 54vw, (max-width: 1071px) 543px, 580px\" srcset=\"https:\/\/blocsenresidencia.bcn.cat\/ribera2024\/wp-content\/uploads\/2023\/11\/image-2-1024x768.png 1024w, https:\/\/blocsenresidencia.bcn.cat\/ribera2024\/wp-content\/uploads\/2023\/11\/image-2-300x225.png 300w, https:\/\/blocsenresidencia.bcn.cat\/ribera2024\/wp-content\/uploads\/2023\/11\/image-2-768x576.png 768w, https:\/\/blocsenresidencia.bcn.cat\/ribera2024\/wp-content\/uploads\/2023\/11\/image-2.png 1273w\" alt=\"\" width=\"1024\" height=\"768\" \/><\/figure>\n<div class=\"wp-block-media-text__content\">\n<p>Ens va sorprendre trobar aquest escrit al mig del carrer, per\u00f2 ens va agradar la manera com estava dibuixat (grafiti) i al nostre artista, Rodrigo, tamb\u00e9 va pensar que \u00e9s una frase bonica i al nostre mediador, Marc, tamb\u00e9 li va cridar l\u2019atenci\u00f3.<\/p>\n<\/div>\n<\/div>\n<\/div>\n<\/div>\n<p><strong>5. Impressions de tota la deriva<\/strong><\/p>\n<p>El dijous 2 de novembre de 2023, el grup d\u2019En Resid\u00e8ncia de l\u2019institut La Ribera de Montcada i Reixac vam fer un Tour al Rodrigo, el nostre artista, pels nostres barris: la Valentine, Bifurcaci\u00f3 i el mirador.<\/p>\n<div class=\"wp-block-media-text is-stacked-on-mobile\">\n<figure class=\"wp-block-media-text__media\"><img loading=\"lazy\" decoding=\"async\" class=\"wp-image-304 size-full\" src=\"https:\/\/blocsenresidencia.bcn.cat\/ribera2024\/wp-content\/uploads\/2023\/11\/image-3.png\" sizes=\"auto, (max-width: 716px) 100vw, 716px\" srcset=\"https:\/\/blocsenresidencia.bcn.cat\/ribera2024\/wp-content\/uploads\/2023\/11\/image-3.png 716w, https:\/\/blocsenresidencia.bcn.cat\/ribera2024\/wp-content\/uploads\/2023\/11\/image-3-225x300.png 225w\" alt=\"\" width=\"716\" height=\"955\" \/><\/figure>\n<div class=\"wp-block-media-text__content\">\n<p>Ens va semblar molt reflectiu, ja que encara que vivim aqu\u00ed i hem passat pels carrers d\u2019aquest poble moltes vegades, hi havia coses que no hav\u00edem vist mai, com per exemple, el mural amb el poema de Le\u00f3n Felipe que no ens hav\u00edem fixat mai que hi era, gr\u00e0cies al Rodrigo ens hem adonat de moltes situacions que hi ha a Montcada que sense la seva ajuda no ens haur\u00edem fixat. A la vegada que nosaltres aprenem a veure de nou llocs de la nostra ciutat, li expliquem a ell i en Rodrigo tamb\u00e9 apr\u00e8n coses noves i curiositats de la nostra localitat, aix\u00ed com llocs nous que mai havia vist.<\/p>\n<p>Un pot pensar que ja coneix tot d\u2019on viu, per\u00f2 cada dia descobreixes llocs nous en mirar-los amb uns altres ulls, i aix\u00f2 \u00e9s gr\u00e0cies a en Rodrigo.<\/p>\n<\/div>\n<\/div>\n<p><strong>6. El mirador\u00a0<\/strong><\/p>\n<p>El darrer dia vam anar al mirador de dalt de Bifurcaci\u00f3, el barri de Can Sant Joan, el qual fa frontera amb Vallbona i estava una mica lluny, era a dalt de tot de la muntanya. En arribar a dalt, vam veure les vistes, on es veia tot Can Sant Joan i gran part de La Valentine, Vallbona, Barcelona, Ciutat meridiana, Torre Bar\u00f3 i Santa Coloma. Molts s\u00f3n llocs molt especials per a mi i per altres persones del grup, on hem crescut i estimat la nostra gent. La majoria vam aprofitar el temps que ten\u00edem all\u00e0 a dalt per desconnectar asseguts, observant. Altres van aprofitar per parlar i assenyalar llocs on tenen records d\u2019inf\u00e0ncia, fam\u00edlia i amics; i comentar-los amb els companys, va ser una experi\u00e8ncia molt bonica.<\/p>\n<div class=\"wp-block-group is-vertical is-layout-flex wp-container-core-group-layout-1 wp-block-group-is-layout-flex\">\n<div class=\"wp-block-columns is-layout-flex wp-container-core-columns-layout-3 wp-block-columns-is-layout-flex\">\n<div class=\"wp-block-column is-layout-flow wp-block-column-is-layout-flow\" style=\"flex-basis: 100%;\">\n<figure class=\"wp-block-gallery has-nested-images columns-default is-cropped wp-block-gallery-1 is-layout-flex wp-block-gallery-is-layout-flex\">\n<figure class=\"wp-block-image size-large\"><img loading=\"lazy\" decoding=\"async\" class=\"wp-image-297\" src=\"https:\/\/blocsenresidencia.bcn.cat\/ribera2024\/wp-content\/uploads\/2023\/11\/image-1024x768.png\" sizes=\"auto, (max-width: 767px) 89vw, (max-width: 1000px) 54vw, (max-width: 1071px) 543px, 580px\" srcset=\"https:\/\/blocsenresidencia.bcn.cat\/ribera2024\/wp-content\/uploads\/2023\/11\/image-1024x768.png 1024w, https:\/\/blocsenresidencia.bcn.cat\/ribera2024\/wp-content\/uploads\/2023\/11\/image-300x225.png 300w, https:\/\/blocsenresidencia.bcn.cat\/ribera2024\/wp-content\/uploads\/2023\/11\/image-768x576.png 768w, https:\/\/blocsenresidencia.bcn.cat\/ribera2024\/wp-content\/uploads\/2023\/11\/image.png 1273w\" alt=\"\" width=\"1024\" height=\"768\" \/><\/figure><figcaption class=\"blocks-gallery-caption wp-element-caption\">El mirador a Can Sant Joan, Montcada i Reixac.<\/figcaption><\/figure>\n<\/div>\n<\/div>\n<\/div>\n<figure class=\"wp-block-image size-large\"><img loading=\"lazy\" decoding=\"async\" class=\"wp-image-298\" src=\"https:\/\/blocsenresidencia.bcn.cat\/ribera2024\/wp-content\/uploads\/2023\/11\/image-1-1024x768.png\" sizes=\"auto, (max-width: 767px) 89vw, (max-width: 1000px) 54vw, (max-width: 1071px) 543px, 580px\" srcset=\"https:\/\/blocsenresidencia.bcn.cat\/ribera2024\/wp-content\/uploads\/2023\/11\/image-1-1024x768.png 1024w, https:\/\/blocsenresidencia.bcn.cat\/ribera2024\/wp-content\/uploads\/2023\/11\/image-1-300x225.png 300w, https:\/\/blocsenresidencia.bcn.cat\/ribera2024\/wp-content\/uploads\/2023\/11\/image-1-768x576.png 768w, https:\/\/blocsenresidencia.bcn.cat\/ribera2024\/wp-content\/uploads\/2023\/11\/image-1.png 1273w\" alt=\"\" width=\"1024\" height=\"768\" \/><figcaption class=\"wp-element-caption\">El mirador a Can Sant Joan, Montcada i Reixac.<\/figcaption><\/figure>\n<\/div>\n","protected":false},"excerpt":{"rendered":"<p>Des de Rodrigo Lavi\u00f1a EN RESiD\u00c8NCiA a l\u2019Institut La Ribera 1-Introducci\u00f3 Rodrigo i Marc El Rodrigo \u00e9s un artista de rap que ha vingut al nostre institut per a fer un projecte que desenvolupa la creativitat. Amb els seus coneixements ens ajuda a reflexionar i aprendre a cantar rap, normalment en catal\u00e0. Quan el vam &hellip; <\/p>\n<p class=\"link-more\"><a href=\"https:\/\/blocsenresidencia.bcn.cat\/20232024\/2023\/11\/13\/enresidencia-a-linstitut-la-ribera\/\" class=\"more-link\">Continua llegint <span class=\"screen-reader-text\">\u00abEnRESID\u00c8NCIA a l\u2019institut La Ribera\u00bb<\/span><\/a><\/p>\n","protected":false},"author":5,"featured_media":0,"comment_status":"closed","ping_status":"closed","sticky":false,"template":"","format":"standard","meta":{"footnotes":""},"categories":[1],"tags":[],"class_list":["post-848","post","type-post","status-publish","format-standard","hentry","category-general"],"_links":{"self":[{"href":"https:\/\/blocsenresidencia.bcn.cat\/20232024\/wp-json\/wp\/v2\/posts\/848","targetHints":{"allow":["GET"]}}],"collection":[{"href":"https:\/\/blocsenresidencia.bcn.cat\/20232024\/wp-json\/wp\/v2\/posts"}],"about":[{"href":"https:\/\/blocsenresidencia.bcn.cat\/20232024\/wp-json\/wp\/v2\/types\/post"}],"author":[{"embeddable":true,"href":"https:\/\/blocsenresidencia.bcn.cat\/20232024\/wp-json\/wp\/v2\/users\/5"}],"replies":[{"embeddable":true,"href":"https:\/\/blocsenresidencia.bcn.cat\/20232024\/wp-json\/wp\/v2\/comments?post=848"}],"version-history":[{"count":1,"href":"https:\/\/blocsenresidencia.bcn.cat\/20232024\/wp-json\/wp\/v2\/posts\/848\/revisions"}],"predecessor-version":[{"id":860,"href":"https:\/\/blocsenresidencia.bcn.cat\/20232024\/wp-json\/wp\/v2\/posts\/848\/revisions\/860"}],"wp:attachment":[{"href":"https:\/\/blocsenresidencia.bcn.cat\/20232024\/wp-json\/wp\/v2\/media?parent=848"}],"wp:term":[{"taxonomy":"category","embeddable":true,"href":"https:\/\/blocsenresidencia.bcn.cat\/20232024\/wp-json\/wp\/v2\/categories?post=848"},{"taxonomy":"post_tag","embeddable":true,"href":"https:\/\/blocsenresidencia.bcn.cat\/20232024\/wp-json\/wp\/v2\/tags?post=848"}],"curies":[{"name":"wp","href":"https:\/\/api.w.org\/{rel}","templated":true}]}}