{"id":850,"date":"2023-11-13T12:03:53","date_gmt":"2023-11-13T10:03:53","guid":{"rendered":"https:\/\/blocsenresidencia.bcn.cat\/20232024\/2023\/11\/13\/sessio-1\/"},"modified":"2023-11-13T12:03:53","modified_gmt":"2023-11-13T10:03:53","slug":"sessio-1","status":"publish","type":"post","link":"https:\/\/blocsenresidencia.bcn.cat\/20232024\/2023\/11\/13\/sessio-1\/","title":{"rendered":"Sessi\u00f3 1"},"content":{"rendered":"<p>Des de <a href=\"https:\/\/blocsenresidencia.bcn.cat\/eixample2024\/sessio-1\/\">Juana Dolores EN RESiD\u00c8NCiA a l&#8217;Institut Escola Eixample<\/a><\/p>\n<div>\n<p>Quan va venir la Joana a mi em van agradar les activitats que proposava per\u00f2 em feia vergonya, perqu\u00e8 pensava que no ho podria fer, tot i que al final vaig acabar fent-les.<br \/>(Talha)<\/p>\n<p>La primera sessi\u00f3 amb la Juana Dolors va ser una mica avorrida perqu\u00e8 vam fer una ronda de presentacions que consisteix en explicar quatre o cinc coses de la teva vida i en un moment has de dir una mentida per\u00f2 sense que la resta ho s\u00e0piga. Va resultar ser una mica desastre i no em va agradar molt. \u00c9s veritat que les primeres classes van ser molt lentes per\u00f2 cada vegada s\u00f3n m\u00e9s din\u00e0miques i divertides.<br \/>(Aina)<\/p>\n<p>La primera sessi\u00f3 vam fer una rotllana i hav\u00edem de dir una mentida i dues veritats. El que em va impactar va ser que treballava d\u2019artista de forma professional i crec que va venir amb una altra noia que l\u2019estava acompanyant i <br \/>despr\u00e9s ens vam presentar tots a la Joanna. <br \/>(Fuong)<\/p>\n<figure class=\"wp-block-gallery has-nested-images columns-default is-cropped wp-block-gallery-1 is-layout-flex wp-block-gallery-is-layout-flex\">\n<figure class=\"wp-block-image size-large\"><img fetchpriority=\"high\" decoding=\"async\" width=\"1024\" height=\"768\" data-id=\"306\" src=\"https:\/\/blocsenresidencia.bcn.cat\/eixample2024\/wp-content\/uploads\/2023\/11\/IMG_20231018_095134-1024x768.jpg\" alt=\"\" class=\"wp-image-306\" srcset=\"https:\/\/blocsenresidencia.bcn.cat\/eixample2024\/wp-content\/uploads\/2023\/11\/IMG_20231018_095134-1024x768.jpg 1024w, https:\/\/blocsenresidencia.bcn.cat\/eixample2024\/wp-content\/uploads\/2023\/11\/IMG_20231018_095134-300x225.jpg 300w, https:\/\/blocsenresidencia.bcn.cat\/eixample2024\/wp-content\/uploads\/2023\/11\/IMG_20231018_095134-768x576.jpg 768w, https:\/\/blocsenresidencia.bcn.cat\/eixample2024\/wp-content\/uploads\/2023\/11\/IMG_20231018_095134-1536x1152.jpg 1536w, https:\/\/blocsenresidencia.bcn.cat\/eixample2024\/wp-content\/uploads\/2023\/11\/IMG_20231018_095134-2048x1536.jpg 2048w\" sizes=\"(max-width: 767px) 89vw, (max-width: 1000px) 54vw, (max-width: 1071px) 543px, 580px\"><\/figure>\n<figure class=\"wp-block-image size-large\"><img loading=\"lazy\" decoding=\"async\" width=\"1024\" height=\"768\" data-id=\"307\" src=\"https:\/\/blocsenresidencia.bcn.cat\/eixample2024\/wp-content\/uploads\/2023\/11\/IMG_20231018_091709-1024x768.jpg\" alt=\"\" class=\"wp-image-307\" srcset=\"https:\/\/blocsenresidencia.bcn.cat\/eixample2024\/wp-content\/uploads\/2023\/11\/IMG_20231018_091709-1024x768.jpg 1024w, https:\/\/blocsenresidencia.bcn.cat\/eixample2024\/wp-content\/uploads\/2023\/11\/IMG_20231018_091709-300x225.jpg 300w, https:\/\/blocsenresidencia.bcn.cat\/eixample2024\/wp-content\/uploads\/2023\/11\/IMG_20231018_091709-768x576.jpg 768w, https:\/\/blocsenresidencia.bcn.cat\/eixample2024\/wp-content\/uploads\/2023\/11\/IMG_20231018_091709-1536x1152.jpg 1536w, https:\/\/blocsenresidencia.bcn.cat\/eixample2024\/wp-content\/uploads\/2023\/11\/IMG_20231018_091709-2048x1536.jpg 2048w\" sizes=\"auto, (max-width: 767px) 89vw, (max-width: 1000px) 54vw, (max-width: 1071px) 543px, 580px\"><\/figure>\n<\/figure>\n<\/div>\n","protected":false},"excerpt":{"rendered":"<p>Des de Juana Dolores EN RESiD\u00c8NCiA a l&#8217;Institut Escola Eixample Quan va venir la Joana a mi em van agradar les activitats que proposava per\u00f2 em feia vergonya, perqu\u00e8 pensava que no ho podria fer, tot i que al final vaig acabar fent-les.(Talha) La primera sessi\u00f3 amb la Juana Dolors va ser una mica avorrida &hellip; <\/p>\n<p class=\"link-more\"><a href=\"https:\/\/blocsenresidencia.bcn.cat\/20232024\/2023\/11\/13\/sessio-1\/\" class=\"more-link\">Continua llegint <span class=\"screen-reader-text\">\u00abSessi\u00f3 1\u00bb<\/span><\/a><\/p>\n","protected":false},"author":5,"featured_media":0,"comment_status":"closed","ping_status":"closed","sticky":false,"template":"","format":"standard","meta":{"footnotes":""},"categories":[1],"tags":[],"class_list":["post-850","post","type-post","status-publish","format-standard","hentry","category-general"],"_links":{"self":[{"href":"https:\/\/blocsenresidencia.bcn.cat\/20232024\/wp-json\/wp\/v2\/posts\/850","targetHints":{"allow":["GET"]}}],"collection":[{"href":"https:\/\/blocsenresidencia.bcn.cat\/20232024\/wp-json\/wp\/v2\/posts"}],"about":[{"href":"https:\/\/blocsenresidencia.bcn.cat\/20232024\/wp-json\/wp\/v2\/types\/post"}],"author":[{"embeddable":true,"href":"https:\/\/blocsenresidencia.bcn.cat\/20232024\/wp-json\/wp\/v2\/users\/5"}],"replies":[{"embeddable":true,"href":"https:\/\/blocsenresidencia.bcn.cat\/20232024\/wp-json\/wp\/v2\/comments?post=850"}],"version-history":[{"count":0,"href":"https:\/\/blocsenresidencia.bcn.cat\/20232024\/wp-json\/wp\/v2\/posts\/850\/revisions"}],"wp:attachment":[{"href":"https:\/\/blocsenresidencia.bcn.cat\/20232024\/wp-json\/wp\/v2\/media?parent=850"}],"wp:term":[{"taxonomy":"category","embeddable":true,"href":"https:\/\/blocsenresidencia.bcn.cat\/20232024\/wp-json\/wp\/v2\/categories?post=850"},{"taxonomy":"post_tag","embeddable":true,"href":"https:\/\/blocsenresidencia.bcn.cat\/20232024\/wp-json\/wp\/v2\/tags?post=850"}],"curies":[{"name":"wp","href":"https:\/\/api.w.org\/{rel}","templated":true}]}}