{"id":853,"date":"2023-11-16T14:15:03","date_gmt":"2023-11-16T12:15:03","guid":{"rendered":"https:\/\/blocsenresidencia.bcn.cat\/20232024\/2023\/11\/16\/sessio-4\/"},"modified":"2023-11-16T18:55:52","modified_gmt":"2023-11-16T16:55:52","slug":"sessio-4","status":"publish","type":"post","link":"https:\/\/blocsenresidencia.bcn.cat\/20232024\/2023\/11\/16\/sessio-4\/","title":{"rendered":"Sessi\u00f3 4"},"content":{"rendered":"<p>Des de <a href=\"https:\/\/blocsenresidencia.bcn.cat\/antaviana2024\/sessio-4\/\">Si los martes fueran viernes EN RESiD\u00c8NCiA a l\u2019Institut Escola Antaviana<\/a><\/p>\n<div>\n<p>En aquesta sessi\u00f3 com \u00e9s de costum hem fet la classe a l\u2019\u00c0gora. La Valentina i la Milagros ens han explicat sobre els diferents elements que podem trobar en un teatre com: l\u2019escenari, la taula de llums o la taula de so. Tamb\u00e9 ens han explicat que el Mercat de les Flors \u00e9s la casa de la dansa a Barcelona, que \u00e9s un lloc important pels ballarins i les ballarines i que \u00e9rem uns privilegiats de poder visitar-ho sense ning\u00fa i que podr\u00edem fer la propera sessi\u00f3, durant la visita, a la sala MAC que \u00e9s l\u2019escenari m\u00e9s gran del Mercat. Tot aix\u00f2 ens ho han explicat perqu\u00e8 la primera sortida que farem a l\u2019optativa ser\u00e0 la visita al Mercat de les Flors, a Montju\u00efc.<\/p>\n<p>Durant l\u2019explicaci\u00f3 tamb\u00e9 ens han recalcat que hem de tenir un bon comportament i que hem de fer una visita tranquil.la, que no podem tocar res i que hem de fer cas en tot moment dels professors acompanyants, el mediadors, les artistes o els t\u00e8cnics i gent de producci\u00f3 que ens acompanyaran durant la nostra visita. Hem anat algunes preguntes t\u00e8cniques que farem al llarg de la visita.<\/p>\n<p>Despr\u00e9s de l\u2019explicaci\u00f3 hem comen\u00e7at a fer escalfament a trav\u00e9s dels jocs de moviment i hem introdu\u00eft com la setmana anterior els tres nivells: baix ( anant per terra), mig i alt. Hem estat for\u00e7a estona escalfant: hav\u00edem d\u2019escalfar els nostres cossos i l\u2019espai, en aquest cas, tots els racons de l\u2019\u00c0gora.<\/p>\n<p>Hem treballat el mateix tipus d\u2019activitats que a la sessi\u00f3 anterior. Hem fet una esp\u00e8cie de passarel.la i , en els despla\u00e7aments, tamb\u00e9 hi hem introdu\u00eft els tres nivells. Hem fet el mateix exercici de la passarel.la afegint-hi m\u00fasica. Finalment tamb\u00e9 hem fet el joc de les est\u00e0tues ( amb m\u00fasica ens movem i quan la m\u00fasica para ens hem d\u2019estar quiets aguantant la posici\u00f3 fins que la m\u00fasica torna a sonar).<\/p>\n<figure class=\"wp-block-gallery has-nested-images columns-default is-cropped wp-block-gallery-1 is-layout-flex wp-block-gallery-is-layout-flex\"><\/figure>\n<figure class=\"wp-block-gallery has-nested-images columns-default is-cropped wp-block-gallery-2 is-layout-flex wp-block-gallery-is-layout-flex\">\n<figure class=\"wp-block-image size-large\"><img loading=\"lazy\" decoding=\"async\" class=\"wp-image-317\" src=\"https:\/\/blocsenresidencia.bcn.cat\/antaviana2024\/wp-content\/uploads\/2023\/11\/20231011_161907-1-768x1024.jpg\" sizes=\"auto, (max-width: 767px) 89vw, (max-width: 1000px) 54vw, (max-width: 1071px) 543px, 580px\" srcset=\"https:\/\/blocsenresidencia.bcn.cat\/antaviana2024\/wp-content\/uploads\/2023\/11\/20231011_161907-1-768x1024.jpg 768w, https:\/\/blocsenresidencia.bcn.cat\/antaviana2024\/wp-content\/uploads\/2023\/11\/20231011_161907-1-225x300.jpg 225w, https:\/\/blocsenresidencia.bcn.cat\/antaviana2024\/wp-content\/uploads\/2023\/11\/20231011_161907-1-1152x1536.jpg 1152w, https:\/\/blocsenresidencia.bcn.cat\/antaviana2024\/wp-content\/uploads\/2023\/11\/20231011_161907-1-1536x2048.jpg 1536w, https:\/\/blocsenresidencia.bcn.cat\/antaviana2024\/wp-content\/uploads\/2023\/11\/20231011_161907-1-scaled.jpg 1920w\" alt=\"\" width=\"768\" height=\"1024\" data-id=\"317\" \/><\/figure>\n<figure class=\"wp-block-image size-large\"><img loading=\"lazy\" decoding=\"async\" class=\"wp-image-316\" src=\"https:\/\/blocsenresidencia.bcn.cat\/antaviana2024\/wp-content\/uploads\/2023\/11\/20231011_161833-768x1024.jpg\" sizes=\"auto, (max-width: 767px) 89vw, (max-width: 1000px) 54vw, (max-width: 1071px) 543px, 580px\" srcset=\"https:\/\/blocsenresidencia.bcn.cat\/antaviana2024\/wp-content\/uploads\/2023\/11\/20231011_161833-768x1024.jpg 768w, https:\/\/blocsenresidencia.bcn.cat\/antaviana2024\/wp-content\/uploads\/2023\/11\/20231011_161833-225x300.jpg 225w, https:\/\/blocsenresidencia.bcn.cat\/antaviana2024\/wp-content\/uploads\/2023\/11\/20231011_161833-1152x1536.jpg 1152w, https:\/\/blocsenresidencia.bcn.cat\/antaviana2024\/wp-content\/uploads\/2023\/11\/20231011_161833-1536x2048.jpg 1536w, https:\/\/blocsenresidencia.bcn.cat\/antaviana2024\/wp-content\/uploads\/2023\/11\/20231011_161833-scaled.jpg 1920w\" alt=\"\" width=\"768\" height=\"1024\" data-id=\"316\" \/><\/figure>\n<figure class=\"wp-block-image size-large\"><img loading=\"lazy\" decoding=\"async\" class=\"wp-image-315\" src=\"https:\/\/blocsenresidencia.bcn.cat\/antaviana2024\/wp-content\/uploads\/2023\/11\/20231011_161940-768x1024.jpg\" sizes=\"auto, (max-width: 767px) 89vw, (max-width: 1000px) 54vw, (max-width: 1071px) 543px, 580px\" srcset=\"https:\/\/blocsenresidencia.bcn.cat\/antaviana2024\/wp-content\/uploads\/2023\/11\/20231011_161940-768x1024.jpg 768w, https:\/\/blocsenresidencia.bcn.cat\/antaviana2024\/wp-content\/uploads\/2023\/11\/20231011_161940-225x300.jpg 225w, https:\/\/blocsenresidencia.bcn.cat\/antaviana2024\/wp-content\/uploads\/2023\/11\/20231011_161940-1152x1536.jpg 1152w, https:\/\/blocsenresidencia.bcn.cat\/antaviana2024\/wp-content\/uploads\/2023\/11\/20231011_161940-1536x2048.jpg 1536w, https:\/\/blocsenresidencia.bcn.cat\/antaviana2024\/wp-content\/uploads\/2023\/11\/20231011_161940-scaled.jpg 1920w\" alt=\"\" width=\"768\" height=\"1024\" data-id=\"315\" \/><\/figure>\n<\/figure>\n<\/div>\n","protected":false},"excerpt":{"rendered":"<p>Des de Si los martes fueran viernes EN RESiD\u00c8NCiA a l\u2019Institut Escola Antaviana En aquesta sessi\u00f3 com \u00e9s de costum hem fet la classe a l\u2019\u00c0gora. La Valentina i la Milagros ens han explicat sobre els diferents elements que podem trobar en un teatre com: l\u2019escenari, la taula de llums o la taula de so. &hellip; <\/p>\n<p class=\"link-more\"><a href=\"https:\/\/blocsenresidencia.bcn.cat\/20232024\/2023\/11\/16\/sessio-4\/\" class=\"more-link\">Continua llegint <span class=\"screen-reader-text\">\u00abSessi\u00f3 4\u00bb<\/span><\/a><\/p>\n","protected":false},"author":5,"featured_media":0,"comment_status":"closed","ping_status":"closed","sticky":false,"template":"","format":"standard","meta":{"footnotes":""},"categories":[1],"tags":[],"class_list":["post-853","post","type-post","status-publish","format-standard","hentry","category-general"],"_links":{"self":[{"href":"https:\/\/blocsenresidencia.bcn.cat\/20232024\/wp-json\/wp\/v2\/posts\/853","targetHints":{"allow":["GET"]}}],"collection":[{"href":"https:\/\/blocsenresidencia.bcn.cat\/20232024\/wp-json\/wp\/v2\/posts"}],"about":[{"href":"https:\/\/blocsenresidencia.bcn.cat\/20232024\/wp-json\/wp\/v2\/types\/post"}],"author":[{"embeddable":true,"href":"https:\/\/blocsenresidencia.bcn.cat\/20232024\/wp-json\/wp\/v2\/users\/5"}],"replies":[{"embeddable":true,"href":"https:\/\/blocsenresidencia.bcn.cat\/20232024\/wp-json\/wp\/v2\/comments?post=853"}],"version-history":[{"count":1,"href":"https:\/\/blocsenresidencia.bcn.cat\/20232024\/wp-json\/wp\/v2\/posts\/853\/revisions"}],"predecessor-version":[{"id":856,"href":"https:\/\/blocsenresidencia.bcn.cat\/20232024\/wp-json\/wp\/v2\/posts\/853\/revisions\/856"}],"wp:attachment":[{"href":"https:\/\/blocsenresidencia.bcn.cat\/20232024\/wp-json\/wp\/v2\/media?parent=853"}],"wp:term":[{"taxonomy":"category","embeddable":true,"href":"https:\/\/blocsenresidencia.bcn.cat\/20232024\/wp-json\/wp\/v2\/categories?post=853"},{"taxonomy":"post_tag","embeddable":true,"href":"https:\/\/blocsenresidencia.bcn.cat\/20232024\/wp-json\/wp\/v2\/tags?post=853"}],"curies":[{"name":"wp","href":"https:\/\/api.w.org\/{rel}","templated":true}]}}