{"id":866,"date":"2023-11-22T15:54:34","date_gmt":"2023-11-22T13:54:34","guid":{"rendered":"https:\/\/blocsenresidencia.bcn.cat\/20232024\/2023\/11\/22\/coneixem-al-domenec\/"},"modified":"2023-11-22T15:54:34","modified_gmt":"2023-11-22T13:54:34","slug":"coneixem-al-domenec","status":"publish","type":"post","link":"https:\/\/blocsenresidencia.bcn.cat\/20232024\/2023\/11\/22\/coneixem-al-domenec\/","title":{"rendered":"Coneixem al Dom\u00e8nec"},"content":{"rendered":"<p>Des de <a href=\"https:\/\/blocsenresidencia.bcn.cat\/bastida2024\/coneixem-al-domenec\/\">Dom\u00e8nec EN RESiD\u00c8NCiA a l&#8217;Institut La Bastida<\/a><\/p>\n<div>\n<p>Els alumnes de 3r d\u2019ESO participem en l\u2019optativa En Resid\u00e8ncia, participem un total de 18 alumnes.\u00a0<\/p>\n<p>Durant els dies previs a la visita del Dom\u00e8nec vam estar preparant un mural per a mostrar-li el dia de la seva arribada.\u00a0<\/p>\n<p>En aquest mural vam posar que \u00e9s per a nosaltres l\u2019art amb una paraula, tamb\u00e9 hem posat els barris de Santa Coloma de Gramenet on vivim cadascun de nosaltres. Un altre element que hi ha al mural \u00e9s un mapa de la nostra ciutat amb uns llocs marcats per visitar.\u00a0<\/p>\n<p>Vam anar amb les docents a visitar aquests llocs de la nostra ciutat que tenen un inter\u00e8s arquitect\u00f2nic. Vam investigar sobre aquests llocs per despr\u00e8s poder-li explicar al nostre artista.\u00a0<\/p>\n<p>El dia que va arribar el Dom\u00e8nec ens vam con\u00e8ixer, li vam ensenyar el nostre institut i vam comen\u00e7ar a explciar el projecte.\u00a0<\/p>\n<p>Un altre dia vam portar-lo a fer una visita per tots els llocs de Santa Coloma que creiem important que conegui, ens vam parar als llocs i li vam explicar el que hav\u00edem investigat de cada lloc.\u00a0<\/p>\n<p>Per \u00faltim vam arribar a l\u2019aula i li vam ensenyar el nostre mural.\u00a0<\/p>\n<figure class=\"wp-block-image size-large\"><img fetchpriority=\"high\" decoding=\"async\" width=\"768\" height=\"1024\" src=\"https:\/\/blocsenresidencia.bcn.cat\/bastida2024\/wp-content\/uploads\/2023\/11\/1699989096376-768x1024.jpg\" alt=\"\" class=\"wp-image-304\" srcset=\"https:\/\/blocsenresidencia.bcn.cat\/bastida2024\/wp-content\/uploads\/2023\/11\/1699989096376-768x1024.jpg 768w, https:\/\/blocsenresidencia.bcn.cat\/bastida2024\/wp-content\/uploads\/2023\/11\/1699989096376-225x300.jpg 225w, https:\/\/blocsenresidencia.bcn.cat\/bastida2024\/wp-content\/uploads\/2023\/11\/1699989096376-1152x1536.jpg 1152w, https:\/\/blocsenresidencia.bcn.cat\/bastida2024\/wp-content\/uploads\/2023\/11\/1699989096376-1536x2048.jpg 1536w, https:\/\/blocsenresidencia.bcn.cat\/bastida2024\/wp-content\/uploads\/2023\/11\/1699989096376-scaled.jpg 1920w\" sizes=\"(max-width: 767px) 89vw, (max-width: 1000px) 54vw, (max-width: 1071px) 543px, 580px\"><\/figure>\n<figure class=\"wp-block-image size-large\"><img loading=\"lazy\" decoding=\"async\" width=\"1024\" height=\"768\" src=\"https:\/\/blocsenresidencia.bcn.cat\/bastida2024\/wp-content\/uploads\/2023\/11\/1699989096352-1024x768.jpg\" alt=\"\" class=\"wp-image-305\" srcset=\"https:\/\/blocsenresidencia.bcn.cat\/bastida2024\/wp-content\/uploads\/2023\/11\/1699989096352-1024x768.jpg 1024w, https:\/\/blocsenresidencia.bcn.cat\/bastida2024\/wp-content\/uploads\/2023\/11\/1699989096352-300x225.jpg 300w, https:\/\/blocsenresidencia.bcn.cat\/bastida2024\/wp-content\/uploads\/2023\/11\/1699989096352-768x576.jpg 768w, https:\/\/blocsenresidencia.bcn.cat\/bastida2024\/wp-content\/uploads\/2023\/11\/1699989096352-1536x1152.jpg 1536w, https:\/\/blocsenresidencia.bcn.cat\/bastida2024\/wp-content\/uploads\/2023\/11\/1699989096352-2048x1536.jpg 2048w\" sizes=\"auto, (max-width: 767px) 89vw, (max-width: 1000px) 54vw, (max-width: 1071px) 543px, 580px\"><\/figure>\n<figure class=\"wp-block-image size-large\"><img loading=\"lazy\" decoding=\"async\" width=\"1024\" height=\"768\" src=\"https:\/\/blocsenresidencia.bcn.cat\/bastida2024\/wp-content\/uploads\/2023\/11\/1699989096423-1024x768.jpg\" alt=\"\" class=\"wp-image-306\" srcset=\"https:\/\/blocsenresidencia.bcn.cat\/bastida2024\/wp-content\/uploads\/2023\/11\/1699989096423-1024x768.jpg 1024w, https:\/\/blocsenresidencia.bcn.cat\/bastida2024\/wp-content\/uploads\/2023\/11\/1699989096423-300x225.jpg 300w, https:\/\/blocsenresidencia.bcn.cat\/bastida2024\/wp-content\/uploads\/2023\/11\/1699989096423-768x576.jpg 768w, https:\/\/blocsenresidencia.bcn.cat\/bastida2024\/wp-content\/uploads\/2023\/11\/1699989096423-1536x1152.jpg 1536w, https:\/\/blocsenresidencia.bcn.cat\/bastida2024\/wp-content\/uploads\/2023\/11\/1699989096423-2048x1536.jpg 2048w\" sizes=\"auto, (max-width: 767px) 89vw, (max-width: 1000px) 54vw, (max-width: 1071px) 543px, 580px\"><\/figure>\n<figure class=\"wp-block-image size-large\"><img loading=\"lazy\" decoding=\"async\" width=\"1024\" height=\"853\" src=\"https:\/\/blocsenresidencia.bcn.cat\/bastida2024\/wp-content\/uploads\/2023\/11\/1699989166186-1024x853.jpg\" alt=\"\" class=\"wp-image-307\" srcset=\"https:\/\/blocsenresidencia.bcn.cat\/bastida2024\/wp-content\/uploads\/2023\/11\/1699989166186-1024x853.jpg 1024w, https:\/\/blocsenresidencia.bcn.cat\/bastida2024\/wp-content\/uploads\/2023\/11\/1699989166186-300x250.jpg 300w, https:\/\/blocsenresidencia.bcn.cat\/bastida2024\/wp-content\/uploads\/2023\/11\/1699989166186-768x640.jpg 768w, https:\/\/blocsenresidencia.bcn.cat\/bastida2024\/wp-content\/uploads\/2023\/11\/1699989166186-1536x1279.jpg 1536w, https:\/\/blocsenresidencia.bcn.cat\/bastida2024\/wp-content\/uploads\/2023\/11\/1699989166186-2048x1705.jpg 2048w\" sizes=\"auto, (max-width: 767px) 89vw, (max-width: 1000px) 54vw, (max-width: 1071px) 543px, 580px\"><\/figure>\n<\/div>\n","protected":false},"excerpt":{"rendered":"<p>Des de Dom\u00e8nec EN RESiD\u00c8NCiA a l&#8217;Institut La Bastida Els alumnes de 3r d\u2019ESO participem en l\u2019optativa En Resid\u00e8ncia, participem un total de 18 alumnes.\u00a0 Durant els dies previs a la visita del Dom\u00e8nec vam estar preparant un mural per a mostrar-li el dia de la seva arribada.\u00a0 En aquest mural vam posar que \u00e9s &hellip; <\/p>\n<p class=\"link-more\"><a href=\"https:\/\/blocsenresidencia.bcn.cat\/20232024\/2023\/11\/22\/coneixem-al-domenec\/\" class=\"more-link\">Continua llegint <span class=\"screen-reader-text\">\u00abConeixem al Dom\u00e8nec\u00bb<\/span><\/a><\/p>\n","protected":false},"author":5,"featured_media":0,"comment_status":"closed","ping_status":"closed","sticky":false,"template":"","format":"standard","meta":{"footnotes":""},"categories":[1],"tags":[],"class_list":["post-866","post","type-post","status-publish","format-standard","hentry","category-general"],"_links":{"self":[{"href":"https:\/\/blocsenresidencia.bcn.cat\/20232024\/wp-json\/wp\/v2\/posts\/866","targetHints":{"allow":["GET"]}}],"collection":[{"href":"https:\/\/blocsenresidencia.bcn.cat\/20232024\/wp-json\/wp\/v2\/posts"}],"about":[{"href":"https:\/\/blocsenresidencia.bcn.cat\/20232024\/wp-json\/wp\/v2\/types\/post"}],"author":[{"embeddable":true,"href":"https:\/\/blocsenresidencia.bcn.cat\/20232024\/wp-json\/wp\/v2\/users\/5"}],"replies":[{"embeddable":true,"href":"https:\/\/blocsenresidencia.bcn.cat\/20232024\/wp-json\/wp\/v2\/comments?post=866"}],"version-history":[{"count":0,"href":"https:\/\/blocsenresidencia.bcn.cat\/20232024\/wp-json\/wp\/v2\/posts\/866\/revisions"}],"wp:attachment":[{"href":"https:\/\/blocsenresidencia.bcn.cat\/20232024\/wp-json\/wp\/v2\/media?parent=866"}],"wp:term":[{"taxonomy":"category","embeddable":true,"href":"https:\/\/blocsenresidencia.bcn.cat\/20232024\/wp-json\/wp\/v2\/categories?post=866"},{"taxonomy":"post_tag","embeddable":true,"href":"https:\/\/blocsenresidencia.bcn.cat\/20232024\/wp-json\/wp\/v2\/tags?post=866"}],"curies":[{"name":"wp","href":"https:\/\/api.w.org\/{rel}","templated":true}]}}