{"id":867,"date":"2023-11-23T12:02:25","date_gmt":"2023-11-23T10:02:25","guid":{"rendered":"https:\/\/blocsenresidencia.bcn.cat\/20232024\/2023\/11\/23\/sesion-2-04-10-23\/"},"modified":"2023-11-23T12:02:25","modified_gmt":"2023-11-23T10:02:25","slug":"sesion-2-04-10-23","status":"publish","type":"post","link":"https:\/\/blocsenresidencia.bcn.cat\/20232024\/2023\/11\/23\/sesion-2-04-10-23\/","title":{"rendered":"Sesi\u00f3n 2- 04\/10\/23"},"content":{"rendered":"<p>Des de <a href=\"https:\/\/blocsenresidencia.bcn.cat\/narcismonturiol2024\/sesion-2-04-10-23\/\">Lautaro Reyes EN RESiD\u00c8NCiA a l&#8217;Institut Narc\u00eds Monturiol<\/a><\/p>\n<div>\n<p>Volvimos a ir al Casal de Can Travi con Lautaro, siempre iremos ah\u00ed para hacer las clases. Lautaro nos hizo recordar c\u00f3mo era nuestra figura y, en 3 grupos de 5, las representamos en un fondo. <\/p>\n<p>Primero lo hicimos \u201clibremente\u201d, despu\u00e9s d\u00e1ndole m\u00e1s profundidad y diferente direcci\u00f3n, luego a\u00f1adiendo m\u00fasica de fondo.<\/p>\n<p>Aunque al principio no ten\u00eda mucho sentido con lo que represent\u00e1bamos,  finalmente, logramos poner una m\u00fasica que dialogase con la composici\u00f3n:<\/p>\n<figure class=\"wp-block-embed is-type-video is-provider-youtube wp-block-embed-youtube wp-embed-aspect-4-3 wp-has-aspect-ratio\">\n<div class=\"wp-block-embed__wrapper\">\n<iframe loading=\"lazy\" title=\"El Lago de los Cisnes - Chaikovski\" width=\"525\" height=\"394\" src=\"https:\/\/www.youtube.com\/embed\/CYFUiYoYPbg?feature=oembed\" frameborder=\"0\" allow=\"accelerometer; autoplay; clipboard-write; encrypted-media; gyroscope; picture-in-picture; web-share\" allowfullscreen><\/iframe>\n<\/div>\n<\/figure>\n<p>Se parec\u00eda mucho a la actividad de la sesi\u00f3n anterior, aunque en grupos y con m\u00fasica. Era relajante hasta cierto punto. <\/p>\n<p>Hemos sentido que poco a poco vamos perdiendo la verg\u00fcenza. Nos gust\u00f3 bastante y esperamos volver a hacer una actividad as\u00ed.<\/p>\n<figure class=\"wp-block-image size-large\"><img fetchpriority=\"high\" decoding=\"async\" width=\"1024\" height=\"766\" src=\"https:\/\/blocsenresidencia.bcn.cat\/narcismonturiol2024\/wp-content\/uploads\/2023\/11\/IMG_20231004_121150-1024x766.jpg\" alt=\"\" class=\"wp-image-368\" srcset=\"https:\/\/blocsenresidencia.bcn.cat\/narcismonturiol2024\/wp-content\/uploads\/2023\/11\/IMG_20231004_121150-1024x766.jpg 1024w, https:\/\/blocsenresidencia.bcn.cat\/narcismonturiol2024\/wp-content\/uploads\/2023\/11\/IMG_20231004_121150-300x224.jpg 300w, https:\/\/blocsenresidencia.bcn.cat\/narcismonturiol2024\/wp-content\/uploads\/2023\/11\/IMG_20231004_121150-768x575.jpg 768w, https:\/\/blocsenresidencia.bcn.cat\/narcismonturiol2024\/wp-content\/uploads\/2023\/11\/IMG_20231004_121150-1536x1149.jpg 1536w, https:\/\/blocsenresidencia.bcn.cat\/narcismonturiol2024\/wp-content\/uploads\/2023\/11\/IMG_20231004_121150-2048x1532.jpg 2048w\" sizes=\"(max-width: 767px) 89vw, (max-width: 1000px) 54vw, (max-width: 1071px) 543px, 580px\"><\/figure>\n<p>Tambi\u00e9n nos hemos dado cuenta de que nuestro pensamiento se queda muy limitado a las palabras: no utilizamos todo lo que hay en nuestro cerebro. As\u00ed que no hay que esperar a que nos digan las cosas, porque nosotros somos capacedes de llegar a buenas conclusiones.<\/p>\n<p><img loading=\"lazy\" decoding=\"async\" width=\"225\" height=\"221\" src=\"https:\/\/lh7-us.googleusercontent.com\/AzXdj1neTqzSlmwL2emyNpIouRm3m4AxWqfTVW45ZfbFC7lMZSa4IK43MlBSp1vBDJrYYryryUkOIQQz7efj1K0-GsFdX0yElRz14u4wLcHxUUHI_Zv03QcCIxtGHRsRf-mrq6C4qOB6V6ZEVEtCD-Rr7lvbSKPD45Wfa1IoyaYVB22UpP7-LQtrK82oew\"><\/p>\n<p>Por \u00faltimo, Lautaro nos propuso que intent\u00e1semos buscar, en casa, un paisaje y lo asoci\u00e1semos a una m\u00fasica. Por ejemplo, la imagen del puente que os compartimos creemos que encaja con esta canci\u00f3n:<\/p>\n<figure class=\"wp-block-embed is-type-video is-provider-youtube wp-block-embed-youtube wp-embed-aspect-16-9 wp-has-aspect-ratio\">\n<div class=\"wp-block-embed__wrapper\">\n<iframe loading=\"lazy\" title='Sufjan Stevens, \"Fourth Of July\" (Official Audio)' width=\"525\" height=\"295\" src=\"https:\/\/www.youtube.com\/embed\/JTeKpWp8Psw?feature=oembed\" frameborder=\"0\" allow=\"accelerometer; autoplay; clipboard-write; encrypted-media; gyroscope; picture-in-picture; web-share\" allowfullscreen><\/iframe>\n<\/div>\n<\/figure>\n<\/div>\n","protected":false},"excerpt":{"rendered":"<p>Des de Lautaro Reyes EN RESiD\u00c8NCiA a l&#8217;Institut Narc\u00eds Monturiol Volvimos a ir al Casal de Can Travi con Lautaro, siempre iremos ah\u00ed para hacer las clases. Lautaro nos hizo recordar c\u00f3mo era nuestra figura y, en 3 grupos de 5, las representamos en un fondo. Primero lo hicimos \u201clibremente\u201d, despu\u00e9s d\u00e1ndole m\u00e1s profundidad y &hellip; <\/p>\n<p class=\"link-more\"><a href=\"https:\/\/blocsenresidencia.bcn.cat\/20232024\/2023\/11\/23\/sesion-2-04-10-23\/\" class=\"more-link\">Continua llegint <span class=\"screen-reader-text\">\u00abSesi\u00f3n 2- 04\/10\/23\u00bb<\/span><\/a><\/p>\n","protected":false},"author":5,"featured_media":0,"comment_status":"closed","ping_status":"closed","sticky":false,"template":"","format":"standard","meta":{"footnotes":""},"categories":[1],"tags":[],"class_list":["post-867","post","type-post","status-publish","format-standard","hentry","category-general"],"_links":{"self":[{"href":"https:\/\/blocsenresidencia.bcn.cat\/20232024\/wp-json\/wp\/v2\/posts\/867","targetHints":{"allow":["GET"]}}],"collection":[{"href":"https:\/\/blocsenresidencia.bcn.cat\/20232024\/wp-json\/wp\/v2\/posts"}],"about":[{"href":"https:\/\/blocsenresidencia.bcn.cat\/20232024\/wp-json\/wp\/v2\/types\/post"}],"author":[{"embeddable":true,"href":"https:\/\/blocsenresidencia.bcn.cat\/20232024\/wp-json\/wp\/v2\/users\/5"}],"replies":[{"embeddable":true,"href":"https:\/\/blocsenresidencia.bcn.cat\/20232024\/wp-json\/wp\/v2\/comments?post=867"}],"version-history":[{"count":0,"href":"https:\/\/blocsenresidencia.bcn.cat\/20232024\/wp-json\/wp\/v2\/posts\/867\/revisions"}],"wp:attachment":[{"href":"https:\/\/blocsenresidencia.bcn.cat\/20232024\/wp-json\/wp\/v2\/media?parent=867"}],"wp:term":[{"taxonomy":"category","embeddable":true,"href":"https:\/\/blocsenresidencia.bcn.cat\/20232024\/wp-json\/wp\/v2\/categories?post=867"},{"taxonomy":"post_tag","embeddable":true,"href":"https:\/\/blocsenresidencia.bcn.cat\/20232024\/wp-json\/wp\/v2\/tags?post=867"}],"curies":[{"name":"wp","href":"https:\/\/api.w.org\/{rel}","templated":true}]}}