{"id":869,"date":"2023-11-25T23:07:32","date_gmt":"2023-11-25T21:07:32","guid":{"rendered":"https:\/\/blocsenresidencia.bcn.cat\/20232024\/2023\/11\/25\/i-amb-nosaltresloriol\/"},"modified":"2023-11-25T23:07:32","modified_gmt":"2023-11-25T21:07:32","slug":"i-amb-nosaltresloriol","status":"publish","type":"post","link":"https:\/\/blocsenresidencia.bcn.cat\/20232024\/2023\/11\/25\/i-amb-nosaltresloriol\/","title":{"rendered":"I amb nosaltres\u2026l\u2019ORIOL!!!"},"content":{"rendered":"<p>Des de <a href=\"https:\/\/blocsenresidencia.bcn.cat\/barribesos2024\/i-amb-nosaltres-loriol\/\">Oriol Morales i Pujolar EN RESiD\u00c8NCiA a l&#8217;Institut Barri Bes\u00f3s<\/a><\/p>\n<div>\n<p>Aquest curs en acompanya l\u2019Oriol Morales, amb qui conviurem durant el nostre curs escolar, per\u00f2 qui \u00e9s l\u2019Oriol Morales?<\/p>\n<p>Dons\u2026<\/p>\n<figure class=\"wp-block-image size-full\"><img fetchpriority=\"high\" decoding=\"async\" width=\"886\" height=\"531\" src=\"https:\/\/blocsenresidencia.bcn.cat\/barribesos2024\/wp-content\/uploads\/2023\/11\/image.png\" alt=\"\" class=\"wp-image-300\" srcset=\"https:\/\/blocsenresidencia.bcn.cat\/barribesos2024\/wp-content\/uploads\/2023\/11\/image.png 886w, https:\/\/blocsenresidencia.bcn.cat\/barribesos2024\/wp-content\/uploads\/2023\/11\/image-300x180.png 300w, https:\/\/blocsenresidencia.bcn.cat\/barribesos2024\/wp-content\/uploads\/2023\/11\/image-768x460.png 768w\" sizes=\"(max-width: 767px) 89vw, (max-width: 1000px) 54vw, (max-width: 1071px) 543px, 580px\"><\/figure>\n<p><strong>Oriol Morales i Pujolar<\/strong>\u00a0(Figueres 1990) \u00e9s un autor i director teatral catal\u00e0.<a href=\"https:\/\/ca.wikipedia.org\/wiki\/Oriol_Morales_i_Pujolar#cite_note-1\"><sup>[1]<\/sup><\/a><\/p>\n<p>La seva formaci\u00f3 teatral es realitza al Col\u00b7legi de Teatre de Barcelona on cursa interpretaci\u00f3 de text\u00a0i a l\u2019<a href=\"https:\/\/ca.wikipedia.org\/wiki\/Institut_del_Teatre\">Institut del Teatre<\/a>\u00a0i a l\u2019Obrador Internacional de Dramat\u00fargia de la\u00a0<a href=\"https:\/\/ca.wikipedia.org\/wiki\/Sala_Beckett\">Sala Beckett<\/a>\u00a0on curs\u00e0 direcci\u00f3 esc\u00e8nica i dramat\u00fargia.\u00a0<\/p>\n<p>\u00c9s fundador de Teatre Sense Sostre l\u2019any 2012,\u00a0una companyia en qu\u00e8 ha dirigit espectacles de creaci\u00f3 pr\u00f2pia conjuntament amb l\u2019Aleix Plana.\u00a0com\u00a0<em>Si matessim les mares<\/em>.<a href=\"https:\/\/ca.wikipedia.org\/wiki\/Oriol_Morales_i_Pujolar#cite_note-3\"><sup>]<\/sup><\/a>\u00a0i\u00a0<em>Del que mengen les b\u00e8sties<\/em>.<\/p>\n<p><a href=\"https:\/\/www.timeout.cat\/barcelona\/ca\/teatre\/si-matessim-les-mares\">https:\/\/www.timeout.cat\/barcelona\/ca\/teatre\/si-matessim-les-mares<\/a><\/p>\n<p>Ha estrenat espectacles d\u2019autoria pr\u00f2pia al Teatre Lliure, la Sala Beckett, el\u00a0<a href=\"https:\/\/ca.wikipedia.org\/wiki\/Festival_Grec_de_Barcelona\">Festival Grec<\/a>, el Festival TNT o a La Pedrera, entre d\u2019altres.Ha estat ajudant de direcci\u00f3 d\u2019<a href=\"https:\/\/ca.wikipedia.org\/wiki\/Helena_Tornero_i_Brugu%C3%A9s\">Helena Tornero<\/a>\u00a0(<em>Kalimat,<\/em>\u00a0<a href=\"https:\/\/ca.wikipedia.org\/wiki\/Teatre_Nacional_de_Catalunya\">Teatre Nacional de Catalunya<\/a>, 2016\u00a0i\u00a0<em>El Futur<\/em>, Teatre Nacional de Catalunya, 2019)\u00a0i Julio Wallovits (<em>Argentinamiento<\/em>, Sala Beckett, 2017)\u00a0i assistent de direcci\u00f3 de\u00a0<a href=\"https:\/\/ca.wikipedia.org\/wiki\/Joan_Oll%C3%A9_i_Freixas\">Joan Oll\u00e9<\/a>. (<em>En la solitud dels camps de cot\u00f3<\/em>, Teatre Nacional de Catalunya, 2017).<\/p>\n<p>\u00c9s membre del Consell de Redacci\u00f3 de la revista\u00a0<em>Pausa.<\/em>\u00a0<\/p>\n<p><a href=\"https:\/\/www.revistapausa.cat\/autor\/oriol-morales\/\">https:\/\/www.revistapausa.cat\/autor\/oriol-morales\/<\/a><\/p>\n<p>L\u2019any 2018, l\u2019obra de Morales titulada\u00a0<em>Bruels<\/em>\u00a0guanya el Premi\u00a0<a href=\"https:\/\/ca.wikipedia.org\/wiki\/Adri%C3%A0_Gual_i_Queralt\">Adri\u00e0 Gual<\/a>\u00a0i s\u2019estrena al\u00a0<a href=\"https:\/\/ca.wikipedia.org\/wiki\/Festival_Grec_de_Barcelona\">Festival Grec<\/a>\u00a0amb la companyia La Llarga.<\/p>\n<figure class=\"wp-block-embed is-type-video is-provider-youtube wp-block-embed-youtube wp-embed-aspect-16-9 wp-has-aspect-ratio\">\n<div class=\"wp-block-embed__wrapper\">\n<iframe loading=\"lazy\" title=\"Oriol Morales i Pujolar parla de 'Bruels'\" width=\"525\" height=\"295\" src=\"https:\/\/www.youtube.com\/embed\/rraPh1E4wHE?feature=oembed\" frameborder=\"0\" allow=\"accelerometer; autoplay; clipboard-write; encrypted-media; gyroscope; picture-in-picture; web-share\" allowfullscreen><\/iframe>\n<\/div>\n<\/figure>\n<figure class=\"wp-block-embed is-type-wp-embed is-provider-entreacte wp-block-embed-entreacte\">\n<div class=\"wp-block-embed__wrapper\">\n<blockquote class=\"wp-embedded-content\" data-secret=\"vtfo9R4MIX\"><p><a href=\"https:\/\/entreacte.cat\/entrades\/personatges\/oriol-morales-i-el-teatre-real\/\">Oriol Morales i el teatre real<\/a><\/p><\/blockquote>\n<p><iframe loading=\"lazy\" class=\"wp-embedded-content\" sandbox=\"allow-scripts\" security=\"restricted\" title=\"\u201cOriol Morales i el teatre real\u201d \u2014 Entreacte\" src=\"https:\/\/entreacte.cat\/entrades\/personatges\/oriol-morales-i-el-teatre-real\/embed\/#?secret=piLOs3xnfz#?secret=vtfo9R4MIX\" data-secret=\"vtfo9R4MIX\" width=\"525\" height=\"296\" frameborder=\"0\" marginwidth=\"0\" marginheight=\"0\" scrolling=\"no\"><\/iframe>\n<\/div><figcaption class=\"wp-element-caption\"><strong>Benvingut al Barri Bes\u00f2s Oriol!!!!<\/strong><\/figcaption><\/figure>\n<p>Jordi S\u00e1nchez.<\/p>\n<p>Professor.<\/p>\n<p>Institut Barri Bes\u00f2s.<\/p>\n<\/p>\n<\/div>\n","protected":false},"excerpt":{"rendered":"<p>Des de Oriol Morales i Pujolar EN RESiD\u00c8NCiA a l&#8217;Institut Barri Bes\u00f3s Aquest curs en acompanya l\u2019Oriol Morales, amb qui conviurem durant el nostre curs escolar, per\u00f2 qui \u00e9s l\u2019Oriol Morales? Dons\u2026 Oriol Morales i Pujolar\u00a0(Figueres 1990) \u00e9s un autor i director teatral catal\u00e0.[1] La seva formaci\u00f3 teatral es realitza al Col\u00b7legi de Teatre de &hellip; <\/p>\n<p class=\"link-more\"><a href=\"https:\/\/blocsenresidencia.bcn.cat\/20232024\/2023\/11\/25\/i-amb-nosaltresloriol\/\" class=\"more-link\">Continua llegint <span class=\"screen-reader-text\">\u00abI amb nosaltres\u2026l\u2019ORIOL!!!\u00bb<\/span><\/a><\/p>\n","protected":false},"author":5,"featured_media":0,"comment_status":"closed","ping_status":"closed","sticky":false,"template":"","format":"standard","meta":{"footnotes":""},"categories":[1],"tags":[],"class_list":["post-869","post","type-post","status-publish","format-standard","hentry","category-general"],"_links":{"self":[{"href":"https:\/\/blocsenresidencia.bcn.cat\/20232024\/wp-json\/wp\/v2\/posts\/869","targetHints":{"allow":["GET"]}}],"collection":[{"href":"https:\/\/blocsenresidencia.bcn.cat\/20232024\/wp-json\/wp\/v2\/posts"}],"about":[{"href":"https:\/\/blocsenresidencia.bcn.cat\/20232024\/wp-json\/wp\/v2\/types\/post"}],"author":[{"embeddable":true,"href":"https:\/\/blocsenresidencia.bcn.cat\/20232024\/wp-json\/wp\/v2\/users\/5"}],"replies":[{"embeddable":true,"href":"https:\/\/blocsenresidencia.bcn.cat\/20232024\/wp-json\/wp\/v2\/comments?post=869"}],"version-history":[{"count":0,"href":"https:\/\/blocsenresidencia.bcn.cat\/20232024\/wp-json\/wp\/v2\/posts\/869\/revisions"}],"wp:attachment":[{"href":"https:\/\/blocsenresidencia.bcn.cat\/20232024\/wp-json\/wp\/v2\/media?parent=869"}],"wp:term":[{"taxonomy":"category","embeddable":true,"href":"https:\/\/blocsenresidencia.bcn.cat\/20232024\/wp-json\/wp\/v2\/categories?post=869"},{"taxonomy":"post_tag","embeddable":true,"href":"https:\/\/blocsenresidencia.bcn.cat\/20232024\/wp-json\/wp\/v2\/tags?post=869"}],"curies":[{"name":"wp","href":"https:\/\/api.w.org\/{rel}","templated":true}]}}