{"id":872,"date":"2023-11-27T13:13:11","date_gmt":"2023-11-27T11:13:11","guid":{"rendered":"https:\/\/blocsenresidencia.bcn.cat\/20232024\/2023\/11\/27\/cossos-llocs-records\/"},"modified":"2023-11-27T13:13:11","modified_gmt":"2023-11-27T11:13:11","slug":"cossos-llocs-records","status":"publish","type":"post","link":"https:\/\/blocsenresidencia.bcn.cat\/20232024\/2023\/11\/27\/cossos-llocs-records\/","title":{"rendered":"Cossos \/ Llocs \/ Records"},"content":{"rendered":"<p>Des de <a href=\"https:\/\/blocsenresidencia.bcn.cat\/doctorpuigvert2024\/cossos-llocs-records\/\">Valentina Gaia Lops i Ida Barbati EN RESiD\u00c8NCiA a l&#8217;Institut Doctor Puigvert<\/a><\/p>\n<div>\n<figure class=\"wp-block-image size-large\"><img fetchpriority=\"high\" decoding=\"async\" width=\"1024\" height=\"613\" src=\"https:\/\/blocsenresidencia.bcn.cat\/doctorpuigvert2024\/wp-content\/uploads\/2023\/11\/Imagen1-1024x613.jpg\" alt=\"\" class=\"wp-image-315\" srcset=\"https:\/\/blocsenresidencia.bcn.cat\/doctorpuigvert2024\/wp-content\/uploads\/2023\/11\/Imagen1-1024x613.jpg 1024w, https:\/\/blocsenresidencia.bcn.cat\/doctorpuigvert2024\/wp-content\/uploads\/2023\/11\/Imagen1-300x180.jpg 300w, https:\/\/blocsenresidencia.bcn.cat\/doctorpuigvert2024\/wp-content\/uploads\/2023\/11\/Imagen1-768x460.jpg 768w, https:\/\/blocsenresidencia.bcn.cat\/doctorpuigvert2024\/wp-content\/uploads\/2023\/11\/Imagen1.jpg 1500w\" sizes=\"(max-width: 767px) 89vw, (max-width: 1000px) 54vw, (max-width: 1071px) 543px, 580px\"><\/figure>\n<p>Durant les primeres sessions, la Valentina i la Ida proposen activar accions de coneixen\u00e7a entre l\u2019alumnat i les artistes, explorant les relacions dels nostres cossos, els llocs que habitem i els records que tenim en el territori de proximitat a l\u2019institut . \u201c\u2026ma\u00f1ana haremos el ejercicio con el mapa. Les estudiantes crear\u00e1n su figurita e indicar\u00e1n en el mapa un lugar con el cual comparten un recuerdo y\/o afecto particular.  Hemos pensado en a\u00f1adir un ejercicio m\u00e1s que ser\u00eda el de conectar los recuerdos con un hilo rojo para crear otra capa\u2026 esta segunda capa que se generar\u00e1 podremos utilizarla en la actividad de la Fabra como continuidad de los dos momentos\u2026\u201d. <\/p>\n<figure class=\"wp-block-gallery has-nested-images columns-2 is-cropped wp-block-gallery-1 is-layout-flex wp-block-gallery-is-layout-flex\">\n<figure class=\"wp-block-image size-large\"><img loading=\"lazy\" decoding=\"async\" width=\"1024\" height=\"768\" data-id=\"319\" src=\"https:\/\/blocsenresidencia.bcn.cat\/doctorpuigvert2024\/wp-content\/uploads\/2023\/11\/1-1-1024x768.jpg\" alt=\"\" class=\"wp-image-319\" srcset=\"https:\/\/blocsenresidencia.bcn.cat\/doctorpuigvert2024\/wp-content\/uploads\/2023\/11\/1-1-1024x768.jpg 1024w, https:\/\/blocsenresidencia.bcn.cat\/doctorpuigvert2024\/wp-content\/uploads\/2023\/11\/1-1-300x225.jpg 300w, https:\/\/blocsenresidencia.bcn.cat\/doctorpuigvert2024\/wp-content\/uploads\/2023\/11\/1-1-768x576.jpg 768w, https:\/\/blocsenresidencia.bcn.cat\/doctorpuigvert2024\/wp-content\/uploads\/2023\/11\/1-1-1536x1152.jpg 1536w, https:\/\/blocsenresidencia.bcn.cat\/doctorpuigvert2024\/wp-content\/uploads\/2023\/11\/1-1-2048x1536.jpg 2048w\" sizes=\"auto, (max-width: 767px) 89vw, (max-width: 1000px) 54vw, (max-width: 1071px) 543px, 580px\"><\/figure>\n<figure class=\"wp-block-image size-large\"><img loading=\"lazy\" decoding=\"async\" width=\"1024\" height=\"768\" data-id=\"321\" src=\"https:\/\/blocsenresidencia.bcn.cat\/doctorpuigvert2024\/wp-content\/uploads\/2023\/11\/2-1-1024x768.jpg\" alt=\"\" class=\"wp-image-321\" srcset=\"https:\/\/blocsenresidencia.bcn.cat\/doctorpuigvert2024\/wp-content\/uploads\/2023\/11\/2-1-1024x768.jpg 1024w, https:\/\/blocsenresidencia.bcn.cat\/doctorpuigvert2024\/wp-content\/uploads\/2023\/11\/2-1-300x225.jpg 300w, https:\/\/blocsenresidencia.bcn.cat\/doctorpuigvert2024\/wp-content\/uploads\/2023\/11\/2-1-768x576.jpg 768w, https:\/\/blocsenresidencia.bcn.cat\/doctorpuigvert2024\/wp-content\/uploads\/2023\/11\/2-1-1536x1152.jpg 1536w, https:\/\/blocsenresidencia.bcn.cat\/doctorpuigvert2024\/wp-content\/uploads\/2023\/11\/2-1-2048x1536.jpg 2048w\" sizes=\"auto, (max-width: 767px) 89vw, (max-width: 1000px) 54vw, (max-width: 1071px) 543px, 580px\"><\/figure>\n<figure class=\"wp-block-image size-large\"><img loading=\"lazy\" decoding=\"async\" width=\"1024\" height=\"768\" data-id=\"320\" src=\"https:\/\/blocsenresidencia.bcn.cat\/doctorpuigvert2024\/wp-content\/uploads\/2023\/11\/5-1-1024x768.jpg\" alt=\"\" class=\"wp-image-320\" srcset=\"https:\/\/blocsenresidencia.bcn.cat\/doctorpuigvert2024\/wp-content\/uploads\/2023\/11\/5-1-1024x768.jpg 1024w, https:\/\/blocsenresidencia.bcn.cat\/doctorpuigvert2024\/wp-content\/uploads\/2023\/11\/5-1-300x225.jpg 300w, https:\/\/blocsenresidencia.bcn.cat\/doctorpuigvert2024\/wp-content\/uploads\/2023\/11\/5-1-768x576.jpg 768w, https:\/\/blocsenresidencia.bcn.cat\/doctorpuigvert2024\/wp-content\/uploads\/2023\/11\/5-1-1536x1152.jpg 1536w, https:\/\/blocsenresidencia.bcn.cat\/doctorpuigvert2024\/wp-content\/uploads\/2023\/11\/5-1-2048x1536.jpg 2048w\" sizes=\"auto, (max-width: 767px) 89vw, (max-width: 1000px) 54vw, (max-width: 1071px) 543px, 580px\"><\/figure>\n<figure class=\"wp-block-image size-large\"><img loading=\"lazy\" decoding=\"async\" width=\"1024\" height=\"768\" data-id=\"318\" src=\"https:\/\/blocsenresidencia.bcn.cat\/doctorpuigvert2024\/wp-content\/uploads\/2023\/11\/7-1-1024x768.jpg\" alt=\"\" class=\"wp-image-318\" srcset=\"https:\/\/blocsenresidencia.bcn.cat\/doctorpuigvert2024\/wp-content\/uploads\/2023\/11\/7-1-1024x768.jpg 1024w, https:\/\/blocsenresidencia.bcn.cat\/doctorpuigvert2024\/wp-content\/uploads\/2023\/11\/7-1-300x225.jpg 300w, https:\/\/blocsenresidencia.bcn.cat\/doctorpuigvert2024\/wp-content\/uploads\/2023\/11\/7-1-768x576.jpg 768w, https:\/\/blocsenresidencia.bcn.cat\/doctorpuigvert2024\/wp-content\/uploads\/2023\/11\/7-1-1536x1152.jpg 1536w, https:\/\/blocsenresidencia.bcn.cat\/doctorpuigvert2024\/wp-content\/uploads\/2023\/11\/7-1-2048x1536.jpg 2048w\" sizes=\"auto, (max-width: 767px) 89vw, (max-width: 1000px) 54vw, (max-width: 1071px) 543px, 580px\"><\/figure><figcaption class=\"blocks-gallery-caption wp-element-caption\">Sessi\u00f3 a l\u2019institut Doctor Puigvert. 27\/09\/2013<\/figcaption><\/figure>\n<div style=\"height:25px\" aria-hidden=\"true\" class=\"wp-block-spacer\"><\/div>\n<figure class=\"wp-block-image size-large\"><img loading=\"lazy\" decoding=\"async\" width=\"1024\" height=\"613\" src=\"https:\/\/blocsenresidencia.bcn.cat\/doctorpuigvert2024\/wp-content\/uploads\/2023\/11\/Imagen0-1024x613.jpg\" alt=\"\" class=\"wp-image-347\" srcset=\"https:\/\/blocsenresidencia.bcn.cat\/doctorpuigvert2024\/wp-content\/uploads\/2023\/11\/Imagen0-1024x613.jpg 1024w, https:\/\/blocsenresidencia.bcn.cat\/doctorpuigvert2024\/wp-content\/uploads\/2023\/11\/Imagen0-300x180.jpg 300w, https:\/\/blocsenresidencia.bcn.cat\/doctorpuigvert2024\/wp-content\/uploads\/2023\/11\/Imagen0-768x460.jpg 768w, https:\/\/blocsenresidencia.bcn.cat\/doctorpuigvert2024\/wp-content\/uploads\/2023\/11\/Imagen0.jpg 1500w\" sizes=\"auto, (max-width: 767px) 89vw, (max-width: 1000px) 54vw, (max-width: 1071px) 543px, 580px\"><\/figure>\n<p>A la Fabra i Coats, l\u2019alumnat i les artistes continuen estirant el fil, per\u00f2 ara canviant d\u2019escala: del mapa a la realitat, i dels personatges a les persones, desplegant intervencions a l\u2019espai p\u00fablic que alteren les quotidianitats, generant nous escenaris i despla\u00e7aments dels cossos.<\/p>\n<figure class=\"wp-block-gallery has-nested-images columns-2 is-cropped wp-block-gallery-2 is-layout-flex wp-block-gallery-is-layout-flex\">\n<figure class=\"wp-block-image size-large\"><img loading=\"lazy\" decoding=\"async\" width=\"1024\" height=\"768\" data-id=\"356\" src=\"https:\/\/blocsenresidencia.bcn.cat\/doctorpuigvert2024\/wp-content\/uploads\/2023\/11\/2-2-1024x768.jpg\" alt=\"\" class=\"wp-image-356\" srcset=\"https:\/\/blocsenresidencia.bcn.cat\/doctorpuigvert2024\/wp-content\/uploads\/2023\/11\/2-2-1024x768.jpg 1024w, https:\/\/blocsenresidencia.bcn.cat\/doctorpuigvert2024\/wp-content\/uploads\/2023\/11\/2-2-300x225.jpg 300w, https:\/\/blocsenresidencia.bcn.cat\/doctorpuigvert2024\/wp-content\/uploads\/2023\/11\/2-2-768x576.jpg 768w, https:\/\/blocsenresidencia.bcn.cat\/doctorpuigvert2024\/wp-content\/uploads\/2023\/11\/2-2-1536x1152.jpg 1536w, https:\/\/blocsenresidencia.bcn.cat\/doctorpuigvert2024\/wp-content\/uploads\/2023\/11\/2-2-2048x1536.jpg 2048w\" sizes=\"auto, (max-width: 767px) 89vw, (max-width: 1000px) 54vw, (max-width: 1071px) 543px, 580px\"><\/figure>\n<figure class=\"wp-block-image size-large\"><img loading=\"lazy\" decoding=\"async\" width=\"1024\" height=\"768\" data-id=\"352\" src=\"https:\/\/blocsenresidencia.bcn.cat\/doctorpuigvert2024\/wp-content\/uploads\/2023\/11\/1696431072512-4-1024x768.jpg\" alt=\"\" class=\"wp-image-352\" srcset=\"https:\/\/blocsenresidencia.bcn.cat\/doctorpuigvert2024\/wp-content\/uploads\/2023\/11\/1696431072512-4-1024x768.jpg 1024w, https:\/\/blocsenresidencia.bcn.cat\/doctorpuigvert2024\/wp-content\/uploads\/2023\/11\/1696431072512-4-300x225.jpg 300w, https:\/\/blocsenresidencia.bcn.cat\/doctorpuigvert2024\/wp-content\/uploads\/2023\/11\/1696431072512-4-768x576.jpg 768w, https:\/\/blocsenresidencia.bcn.cat\/doctorpuigvert2024\/wp-content\/uploads\/2023\/11\/1696431072512-4-1536x1152.jpg 1536w, https:\/\/blocsenresidencia.bcn.cat\/doctorpuigvert2024\/wp-content\/uploads\/2023\/11\/1696431072512-4.jpg 1600w\" sizes=\"auto, (max-width: 767px) 89vw, (max-width: 1000px) 54vw, (max-width: 1071px) 543px, 580px\"><\/figure>\n<\/figure>\n<figure class=\"wp-block-gallery has-nested-images columns-default is-cropped wp-block-gallery-3 is-layout-flex wp-block-gallery-is-layout-flex\">\n<figure class=\"wp-block-image size-large\"><img loading=\"lazy\" decoding=\"async\" width=\"768\" height=\"1024\" data-id=\"355\" src=\"https:\/\/blocsenresidencia.bcn.cat\/doctorpuigvert2024\/wp-content\/uploads\/2023\/11\/4-5-768x1024.jpg\" alt=\"\" class=\"wp-image-355\" srcset=\"https:\/\/blocsenresidencia.bcn.cat\/doctorpuigvert2024\/wp-content\/uploads\/2023\/11\/4-5-768x1024.jpg 768w, https:\/\/blocsenresidencia.bcn.cat\/doctorpuigvert2024\/wp-content\/uploads\/2023\/11\/4-5-225x300.jpg 225w, https:\/\/blocsenresidencia.bcn.cat\/doctorpuigvert2024\/wp-content\/uploads\/2023\/11\/4-5-1152x1536.jpg 1152w, https:\/\/blocsenresidencia.bcn.cat\/doctorpuigvert2024\/wp-content\/uploads\/2023\/11\/4-5-1536x2048.jpg 1536w, https:\/\/blocsenresidencia.bcn.cat\/doctorpuigvert2024\/wp-content\/uploads\/2023\/11\/4-5-scaled.jpg 1920w\" sizes=\"auto, (max-width: 767px) 89vw, (max-width: 1000px) 54vw, (max-width: 1071px) 543px, 580px\"><\/figure>\n<figure class=\"wp-block-image size-large\"><img loading=\"lazy\" decoding=\"async\" width=\"768\" height=\"1024\" data-id=\"354\" src=\"https:\/\/blocsenresidencia.bcn.cat\/doctorpuigvert2024\/wp-content\/uploads\/2023\/11\/5-5-768x1024.jpg\" alt=\"\" class=\"wp-image-354\" srcset=\"https:\/\/blocsenresidencia.bcn.cat\/doctorpuigvert2024\/wp-content\/uploads\/2023\/11\/5-5-768x1024.jpg 768w, https:\/\/blocsenresidencia.bcn.cat\/doctorpuigvert2024\/wp-content\/uploads\/2023\/11\/5-5-225x300.jpg 225w, https:\/\/blocsenresidencia.bcn.cat\/doctorpuigvert2024\/wp-content\/uploads\/2023\/11\/5-5-1152x1536.jpg 1152w, https:\/\/blocsenresidencia.bcn.cat\/doctorpuigvert2024\/wp-content\/uploads\/2023\/11\/5-5-1536x2048.jpg 1536w, https:\/\/blocsenresidencia.bcn.cat\/doctorpuigvert2024\/wp-content\/uploads\/2023\/11\/5-5-scaled.jpg 1920w\" sizes=\"auto, (max-width: 767px) 89vw, (max-width: 1000px) 54vw, (max-width: 1071px) 543px, 580px\"><\/figure><figcaption class=\"blocks-gallery-caption wp-element-caption\">Sessi\u00f3 a la Fabra i Coats. 04\/10\/2023<\/figcaption><\/figure>\n<\/div>\n","protected":false},"excerpt":{"rendered":"<p>Des de Valentina Gaia Lops i Ida Barbati EN RESiD\u00c8NCiA a l&#8217;Institut Doctor Puigvert Durant les primeres sessions, la Valentina i la Ida proposen activar accions de coneixen\u00e7a entre l\u2019alumnat i les artistes, explorant les relacions dels nostres cossos, els llocs que habitem i els records que tenim en el territori de proximitat a l\u2019institut &hellip; <\/p>\n<p class=\"link-more\"><a href=\"https:\/\/blocsenresidencia.bcn.cat\/20232024\/2023\/11\/27\/cossos-llocs-records\/\" class=\"more-link\">Continua llegint <span class=\"screen-reader-text\">\u00abCossos \/ Llocs \/ Records\u00bb<\/span><\/a><\/p>\n","protected":false},"author":5,"featured_media":0,"comment_status":"closed","ping_status":"closed","sticky":false,"template":"","format":"standard","meta":{"footnotes":""},"categories":[1],"tags":[],"class_list":["post-872","post","type-post","status-publish","format-standard","hentry","category-general"],"_links":{"self":[{"href":"https:\/\/blocsenresidencia.bcn.cat\/20232024\/wp-json\/wp\/v2\/posts\/872","targetHints":{"allow":["GET"]}}],"collection":[{"href":"https:\/\/blocsenresidencia.bcn.cat\/20232024\/wp-json\/wp\/v2\/posts"}],"about":[{"href":"https:\/\/blocsenresidencia.bcn.cat\/20232024\/wp-json\/wp\/v2\/types\/post"}],"author":[{"embeddable":true,"href":"https:\/\/blocsenresidencia.bcn.cat\/20232024\/wp-json\/wp\/v2\/users\/5"}],"replies":[{"embeddable":true,"href":"https:\/\/blocsenresidencia.bcn.cat\/20232024\/wp-json\/wp\/v2\/comments?post=872"}],"version-history":[{"count":0,"href":"https:\/\/blocsenresidencia.bcn.cat\/20232024\/wp-json\/wp\/v2\/posts\/872\/revisions"}],"wp:attachment":[{"href":"https:\/\/blocsenresidencia.bcn.cat\/20232024\/wp-json\/wp\/v2\/media?parent=872"}],"wp:term":[{"taxonomy":"category","embeddable":true,"href":"https:\/\/blocsenresidencia.bcn.cat\/20232024\/wp-json\/wp\/v2\/categories?post=872"},{"taxonomy":"post_tag","embeddable":true,"href":"https:\/\/blocsenresidencia.bcn.cat\/20232024\/wp-json\/wp\/v2\/tags?post=872"}],"curies":[{"name":"wp","href":"https:\/\/api.w.org\/{rel}","templated":true}]}}