{"id":873,"date":"2023-11-27T22:40:02","date_gmt":"2023-11-27T20:40:02","guid":{"rendered":"https:\/\/blocsenresidencia.bcn.cat\/20232024\/2023\/11\/27\/colleccio-de-formes\/"},"modified":"2023-11-27T22:40:02","modified_gmt":"2023-11-27T20:40:02","slug":"colleccio-de-formes","status":"publish","type":"post","link":"https:\/\/blocsenresidencia.bcn.cat\/20232024\/2023\/11\/27\/colleccio-de-formes\/","title":{"rendered":"Col\u00b7lecci\u00f3 de formes"},"content":{"rendered":"<p>Des de <a href=\"https:\/\/blocsenresidencia.bcn.cat\/moli2024\/colleccio-de-formes\/\">Mariona Ca\u00f1adas i Pedro Mur\u00faa EN RESiD\u00c8NCiA a l&#8217;Institut Escola El Mol\u00ed<\/a><\/p>\n<div>\n<figure class=\"wp-block-image size-large\"><img loading=\"lazy\" decoding=\"async\" width=\"829\" height=\"1024\" src=\"https:\/\/blocsenresidencia.bcn.cat\/moli2024\/wp-content\/uploads\/2023\/11\/Captura-de-Pantalla-2023-11-27-a-las-20.21.17-829x1024.png\" alt=\"\" class=\"wp-image-478\" srcset=\"https:\/\/blocsenresidencia.bcn.cat\/moli2024\/wp-content\/uploads\/2023\/11\/Captura-de-Pantalla-2023-11-27-a-las-20.21.17-829x1024.png 829w, https:\/\/blocsenresidencia.bcn.cat\/moli2024\/wp-content\/uploads\/2023\/11\/Captura-de-Pantalla-2023-11-27-a-las-20.21.17-243x300.png 243w, https:\/\/blocsenresidencia.bcn.cat\/moli2024\/wp-content\/uploads\/2023\/11\/Captura-de-Pantalla-2023-11-27-a-las-20.21.17-768x949.png 768w, https:\/\/blocsenresidencia.bcn.cat\/moli2024\/wp-content\/uploads\/2023\/11\/Captura-de-Pantalla-2023-11-27-a-las-20.21.17.png 1146w\" sizes=\"auto, (max-width: 767px) 89vw, (max-width: 1000px) 54vw, (max-width: 1071px) 543px, 580px\"><\/figure>\n<p>Observant els patrons de l\u2019entorn que hav\u00edem registrat en dibuix, avui n\u2019hem extret  una s\u00e8rie de formes m\u00e9s simplificades. Son els signes o grafismes que veieu m\u00e9s amunt.  Les hem fet usant pinzell i pintura negra sobre paper d\u2019aquarel\u00b7la. <\/p>\n<p>La Mariona i el Pedro han escannejat les formes i les han composat juntes. Sembla un diccionari de signes.  Aquesta  col\u00b7lecci\u00f3 de formes tal com la veieu la tenim impressa i  penjada com a mural en una paret. <\/p>\n<\/div>\n","protected":false},"excerpt":{"rendered":"<p>Des de Mariona Ca\u00f1adas i Pedro Mur\u00faa EN RESiD\u00c8NCiA a l&#8217;Institut Escola El Mol\u00ed Observant els patrons de l\u2019entorn que hav\u00edem registrat en dibuix, avui n\u2019hem extret una s\u00e8rie de formes m\u00e9s simplificades. Son els signes o grafismes que veieu m\u00e9s amunt. Les hem fet usant pinzell i pintura negra sobre paper d\u2019aquarel\u00b7la. La Mariona &hellip; <\/p>\n<p class=\"link-more\"><a href=\"https:\/\/blocsenresidencia.bcn.cat\/20232024\/2023\/11\/27\/colleccio-de-formes\/\" class=\"more-link\">Continua llegint <span class=\"screen-reader-text\">\u00abCol\u00b7lecci\u00f3 de formes\u00bb<\/span><\/a><\/p>\n","protected":false},"author":5,"featured_media":0,"comment_status":"closed","ping_status":"closed","sticky":false,"template":"","format":"standard","meta":{"footnotes":""},"categories":[1],"tags":[],"class_list":["post-873","post","type-post","status-publish","format-standard","hentry","category-general"],"_links":{"self":[{"href":"https:\/\/blocsenresidencia.bcn.cat\/20232024\/wp-json\/wp\/v2\/posts\/873","targetHints":{"allow":["GET"]}}],"collection":[{"href":"https:\/\/blocsenresidencia.bcn.cat\/20232024\/wp-json\/wp\/v2\/posts"}],"about":[{"href":"https:\/\/blocsenresidencia.bcn.cat\/20232024\/wp-json\/wp\/v2\/types\/post"}],"author":[{"embeddable":true,"href":"https:\/\/blocsenresidencia.bcn.cat\/20232024\/wp-json\/wp\/v2\/users\/5"}],"replies":[{"embeddable":true,"href":"https:\/\/blocsenresidencia.bcn.cat\/20232024\/wp-json\/wp\/v2\/comments?post=873"}],"version-history":[{"count":0,"href":"https:\/\/blocsenresidencia.bcn.cat\/20232024\/wp-json\/wp\/v2\/posts\/873\/revisions"}],"wp:attachment":[{"href":"https:\/\/blocsenresidencia.bcn.cat\/20232024\/wp-json\/wp\/v2\/media?parent=873"}],"wp:term":[{"taxonomy":"category","embeddable":true,"href":"https:\/\/blocsenresidencia.bcn.cat\/20232024\/wp-json\/wp\/v2\/categories?post=873"},{"taxonomy":"post_tag","embeddable":true,"href":"https:\/\/blocsenresidencia.bcn.cat\/20232024\/wp-json\/wp\/v2\/tags?post=873"}],"curies":[{"name":"wp","href":"https:\/\/api.w.org\/{rel}","templated":true}]}}