{"id":874,"date":"2023-11-27T22:40:02","date_gmt":"2023-11-27T20:40:02","guid":{"rendered":"https:\/\/blocsenresidencia.bcn.cat\/20232024\/2023\/11\/27\/colors-i-ritmes\/"},"modified":"2023-11-27T22:40:02","modified_gmt":"2023-11-27T20:40:02","slug":"colors-i-ritmes","status":"publish","type":"post","link":"https:\/\/blocsenresidencia.bcn.cat\/20232024\/2023\/11\/27\/colors-i-ritmes\/","title":{"rendered":"Colors i ritmes"},"content":{"rendered":"<p>Des de <a href=\"https:\/\/blocsenresidencia.bcn.cat\/moli2024\/colors-i-ritmes\/\">Mariona Ca\u00f1adas i Pedro Mur\u00faa EN RESiD\u00c8NCiA a l&#8217;Institut Escola El Mol\u00ed<\/a><\/p>\n<div>\n<figure class=\"wp-block-gallery has-nested-images columns-default is-cropped wp-block-gallery-2 is-layout-flex wp-block-gallery-is-layout-flex\">\n<figure class=\"wp-block-image size-large\"><img loading=\"lazy\" decoding=\"async\" width=\"1024\" height=\"685\" data-id=\"495\" src=\"https:\/\/blocsenresidencia.bcn.cat\/moli2024\/wp-content\/uploads\/2023\/11\/DSC_3545-copia-1024x685.jpg\" alt=\"\" class=\"wp-image-495\" srcset=\"https:\/\/blocsenresidencia.bcn.cat\/moli2024\/wp-content\/uploads\/2023\/11\/DSC_3545-copia-1024x685.jpg 1024w, https:\/\/blocsenresidencia.bcn.cat\/moli2024\/wp-content\/uploads\/2023\/11\/DSC_3545-copia-300x201.jpg 300w, https:\/\/blocsenresidencia.bcn.cat\/moli2024\/wp-content\/uploads\/2023\/11\/DSC_3545-copia-768x514.jpg 768w, https:\/\/blocsenresidencia.bcn.cat\/moli2024\/wp-content\/uploads\/2023\/11\/DSC_3545-copia-1536x1028.jpg 1536w, https:\/\/blocsenresidencia.bcn.cat\/moli2024\/wp-content\/uploads\/2023\/11\/DSC_3545-copia-2048x1371.jpg 2048w\" sizes=\"auto, (max-width: 767px) 89vw, (max-width: 1000px) 54vw, (max-width: 1071px) 543px, 580px\"><\/figure>\n<\/figure>\n<figure class=\"wp-block-gallery has-nested-images columns-default is-cropped wp-block-gallery-3 is-layout-flex wp-block-gallery-is-layout-flex\">\n<figure class=\"wp-block-image size-large\"><img loading=\"lazy\" decoding=\"async\" width=\"685\" height=\"1024\" data-id=\"496\" src=\"https:\/\/blocsenresidencia.bcn.cat\/moli2024\/wp-content\/uploads\/2023\/11\/DSC_3566-copia-1-685x1024.jpg\" alt=\"\" class=\"wp-image-496\" srcset=\"https:\/\/blocsenresidencia.bcn.cat\/moli2024\/wp-content\/uploads\/2023\/11\/DSC_3566-copia-1-685x1024.jpg 685w, https:\/\/blocsenresidencia.bcn.cat\/moli2024\/wp-content\/uploads\/2023\/11\/DSC_3566-copia-1-201x300.jpg 201w, https:\/\/blocsenresidencia.bcn.cat\/moli2024\/wp-content\/uploads\/2023\/11\/DSC_3566-copia-1-768x1147.jpg 768w, https:\/\/blocsenresidencia.bcn.cat\/moli2024\/wp-content\/uploads\/2023\/11\/DSC_3566-copia-1-1028x1536.jpg 1028w, https:\/\/blocsenresidencia.bcn.cat\/moli2024\/wp-content\/uploads\/2023\/11\/DSC_3566-copia-1-1371x2048.jpg 1371w, https:\/\/blocsenresidencia.bcn.cat\/moli2024\/wp-content\/uploads\/2023\/11\/DSC_3566-copia-1-scaled.jpg 1714w\" sizes=\"auto, (max-width: 685px) 100vw, 685px\"><\/figure>\n<figure class=\"wp-block-image size-large\"><img loading=\"lazy\" decoding=\"async\" width=\"685\" height=\"1024\" data-id=\"497\" src=\"https:\/\/blocsenresidencia.bcn.cat\/moli2024\/wp-content\/uploads\/2023\/11\/DSC_3559-copia-685x1024.jpg\" alt=\"\" class=\"wp-image-497\" srcset=\"https:\/\/blocsenresidencia.bcn.cat\/moli2024\/wp-content\/uploads\/2023\/11\/DSC_3559-copia-685x1024.jpg 685w, https:\/\/blocsenresidencia.bcn.cat\/moli2024\/wp-content\/uploads\/2023\/11\/DSC_3559-copia-201x300.jpg 201w, https:\/\/blocsenresidencia.bcn.cat\/moli2024\/wp-content\/uploads\/2023\/11\/DSC_3559-copia-768x1147.jpg 768w, https:\/\/blocsenresidencia.bcn.cat\/moli2024\/wp-content\/uploads\/2023\/11\/DSC_3559-copia-1028x1536.jpg 1028w, https:\/\/blocsenresidencia.bcn.cat\/moli2024\/wp-content\/uploads\/2023\/11\/DSC_3559-copia-1371x2048.jpg 1371w, https:\/\/blocsenresidencia.bcn.cat\/moli2024\/wp-content\/uploads\/2023\/11\/DSC_3559-copia-scaled.jpg 1714w\" sizes=\"auto, (max-width: 685px) 100vw, 685px\"><\/figure>\n<\/figure>\n<figure class=\"wp-block-gallery has-nested-images columns-default is-cropped wp-block-gallery-4 is-layout-flex wp-block-gallery-is-layout-flex\">\n<figure class=\"wp-block-image size-large\"><img loading=\"lazy\" decoding=\"async\" width=\"685\" height=\"1024\" data-id=\"499\" src=\"https:\/\/blocsenresidencia.bcn.cat\/moli2024\/wp-content\/uploads\/2023\/11\/DSC_3564-copia-685x1024.jpg\" alt=\"\" class=\"wp-image-499\" srcset=\"https:\/\/blocsenresidencia.bcn.cat\/moli2024\/wp-content\/uploads\/2023\/11\/DSC_3564-copia-685x1024.jpg 685w, https:\/\/blocsenresidencia.bcn.cat\/moli2024\/wp-content\/uploads\/2023\/11\/DSC_3564-copia-201x300.jpg 201w, https:\/\/blocsenresidencia.bcn.cat\/moli2024\/wp-content\/uploads\/2023\/11\/DSC_3564-copia-768x1147.jpg 768w, https:\/\/blocsenresidencia.bcn.cat\/moli2024\/wp-content\/uploads\/2023\/11\/DSC_3564-copia-1028x1536.jpg 1028w, https:\/\/blocsenresidencia.bcn.cat\/moli2024\/wp-content\/uploads\/2023\/11\/DSC_3564-copia-1371x2048.jpg 1371w, https:\/\/blocsenresidencia.bcn.cat\/moli2024\/wp-content\/uploads\/2023\/11\/DSC_3564-copia-scaled.jpg 1714w\" sizes=\"auto, (max-width: 685px) 100vw, 685px\"><\/figure>\n<figure class=\"wp-block-image size-large\"><img loading=\"lazy\" decoding=\"async\" width=\"911\" height=\"1024\" data-id=\"498\" src=\"https:\/\/blocsenresidencia.bcn.cat\/moli2024\/wp-content\/uploads\/2023\/11\/DSC_3552-copia-1-911x1024.jpg\" alt=\"\" class=\"wp-image-498\" srcset=\"https:\/\/blocsenresidencia.bcn.cat\/moli2024\/wp-content\/uploads\/2023\/11\/DSC_3552-copia-1-911x1024.jpg 911w, https:\/\/blocsenresidencia.bcn.cat\/moli2024\/wp-content\/uploads\/2023\/11\/DSC_3552-copia-1-267x300.jpg 267w, https:\/\/blocsenresidencia.bcn.cat\/moli2024\/wp-content\/uploads\/2023\/11\/DSC_3552-copia-1-768x863.jpg 768w, https:\/\/blocsenresidencia.bcn.cat\/moli2024\/wp-content\/uploads\/2023\/11\/DSC_3552-copia-1-1367x1536.jpg 1367w, https:\/\/blocsenresidencia.bcn.cat\/moli2024\/wp-content\/uploads\/2023\/11\/DSC_3552-copia-1-1823x2048.jpg 1823w\" sizes=\"auto, (max-width: 767px) 89vw, (max-width: 1000px) 54vw, (max-width: 1071px) 543px, 580px\"><\/figure>\n<figure class=\"wp-block-image size-large\"><img loading=\"lazy\" decoding=\"async\" width=\"685\" height=\"1024\" data-id=\"501\" src=\"https:\/\/blocsenresidencia.bcn.cat\/moli2024\/wp-content\/uploads\/2023\/11\/DSC_3544-copia-685x1024.jpg\" alt=\"\" class=\"wp-image-501\" srcset=\"https:\/\/blocsenresidencia.bcn.cat\/moli2024\/wp-content\/uploads\/2023\/11\/DSC_3544-copia-685x1024.jpg 685w, https:\/\/blocsenresidencia.bcn.cat\/moli2024\/wp-content\/uploads\/2023\/11\/DSC_3544-copia-201x300.jpg 201w, https:\/\/blocsenresidencia.bcn.cat\/moli2024\/wp-content\/uploads\/2023\/11\/DSC_3544-copia-768x1147.jpg 768w, https:\/\/blocsenresidencia.bcn.cat\/moli2024\/wp-content\/uploads\/2023\/11\/DSC_3544-copia-1028x1536.jpg 1028w, https:\/\/blocsenresidencia.bcn.cat\/moli2024\/wp-content\/uploads\/2023\/11\/DSC_3544-copia-1371x2048.jpg 1371w, https:\/\/blocsenresidencia.bcn.cat\/moli2024\/wp-content\/uploads\/2023\/11\/DSC_3544-copia-scaled.jpg 1714w\" sizes=\"auto, (max-width: 685px) 100vw, 685px\"><\/figure><figcaption class=\"blocks-gallery-caption wp-element-caption\">Cinc colors que tamb\u00e9 configuren, com la col\u00b7lecci\u00f3 de formes, els espais que habitem di\u00e0riament de l\u2019Institut.<\/figcaption><\/figure>\n<figure class=\"wp-block-image size-large\"><img loading=\"lazy\" decoding=\"async\" width=\"1024\" height=\"520\" src=\"https:\/\/blocsenresidencia.bcn.cat\/moli2024\/wp-content\/uploads\/2023\/11\/DSC_3563-copia-1024x520.jpg\" alt=\"\" class=\"wp-image-502\" srcset=\"https:\/\/blocsenresidencia.bcn.cat\/moli2024\/wp-content\/uploads\/2023\/11\/DSC_3563-copia-1024x520.jpg 1024w, https:\/\/blocsenresidencia.bcn.cat\/moli2024\/wp-content\/uploads\/2023\/11\/DSC_3563-copia-300x152.jpg 300w, https:\/\/blocsenresidencia.bcn.cat\/moli2024\/wp-content\/uploads\/2023\/11\/DSC_3563-copia-768x390.jpg 768w, https:\/\/blocsenresidencia.bcn.cat\/moli2024\/wp-content\/uploads\/2023\/11\/DSC_3563-copia-1536x781.jpg 1536w, https:\/\/blocsenresidencia.bcn.cat\/moli2024\/wp-content\/uploads\/2023\/11\/DSC_3563-copia-2048x1041.jpg 2048w\" sizes=\"auto, (max-width: 767px) 89vw, (max-width: 1000px) 54vw, (max-width: 1071px) 543px, 580px\"><figcaption class=\"wp-element-caption\">Els cinc colors que vol\u00edem fer servir els hem elaborat entre cinc equips de treball . Cada grup ha elaborat un dels cinc colors. Han emprat pintura acr\u00edlica dels tres colors primaris: vermell, blau, groc; i tamb\u00e9  blanc i negre.<\/figcaption><\/figure>\n<\/div>\n","protected":false},"excerpt":{"rendered":"<p>Des de Mariona Ca\u00f1adas i Pedro Mur\u00faa EN RESiD\u00c8NCiA a l&#8217;Institut Escola El Mol\u00ed Cinc colors que tamb\u00e9 configuren, com la col\u00b7lecci\u00f3 de formes, els espais que habitem di\u00e0riament de l\u2019Institut. Els cinc colors que vol\u00edem fer servir els hem elaborat entre cinc equips de treball . Cada grup ha elaborat un dels cinc colors. &hellip; <\/p>\n<p class=\"link-more\"><a href=\"https:\/\/blocsenresidencia.bcn.cat\/20232024\/2023\/11\/27\/colors-i-ritmes\/\" class=\"more-link\">Continua llegint <span class=\"screen-reader-text\">\u00abColors i ritmes\u00bb<\/span><\/a><\/p>\n","protected":false},"author":5,"featured_media":0,"comment_status":"closed","ping_status":"closed","sticky":false,"template":"","format":"standard","meta":{"footnotes":""},"categories":[1],"tags":[],"class_list":["post-874","post","type-post","status-publish","format-standard","hentry","category-general"],"_links":{"self":[{"href":"https:\/\/blocsenresidencia.bcn.cat\/20232024\/wp-json\/wp\/v2\/posts\/874","targetHints":{"allow":["GET"]}}],"collection":[{"href":"https:\/\/blocsenresidencia.bcn.cat\/20232024\/wp-json\/wp\/v2\/posts"}],"about":[{"href":"https:\/\/blocsenresidencia.bcn.cat\/20232024\/wp-json\/wp\/v2\/types\/post"}],"author":[{"embeddable":true,"href":"https:\/\/blocsenresidencia.bcn.cat\/20232024\/wp-json\/wp\/v2\/users\/5"}],"replies":[{"embeddable":true,"href":"https:\/\/blocsenresidencia.bcn.cat\/20232024\/wp-json\/wp\/v2\/comments?post=874"}],"version-history":[{"count":0,"href":"https:\/\/blocsenresidencia.bcn.cat\/20232024\/wp-json\/wp\/v2\/posts\/874\/revisions"}],"wp:attachment":[{"href":"https:\/\/blocsenresidencia.bcn.cat\/20232024\/wp-json\/wp\/v2\/media?parent=874"}],"wp:term":[{"taxonomy":"category","embeddable":true,"href":"https:\/\/blocsenresidencia.bcn.cat\/20232024\/wp-json\/wp\/v2\/categories?post=874"},{"taxonomy":"post_tag","embeddable":true,"href":"https:\/\/blocsenresidencia.bcn.cat\/20232024\/wp-json\/wp\/v2\/tags?post=874"}],"curies":[{"name":"wp","href":"https:\/\/api.w.org\/{rel}","templated":true}]}}