{"id":884,"date":"2023-12-02T22:20:44","date_gmt":"2023-12-02T20:20:44","guid":{"rendered":"https:\/\/blocsenresidencia.bcn.cat\/20232024\/2023\/12\/02\/aurelia-munoz-renovadora-de-lart-textil\/"},"modified":"2023-12-02T22:20:44","modified_gmt":"2023-12-02T20:20:44","slug":"aurelia-munoz-renovadora-de-lart-textil","status":"publish","type":"post","link":"https:\/\/blocsenresidencia.bcn.cat\/20232024\/2023\/12\/02\/aurelia-munoz-renovadora-de-lart-textil\/","title":{"rendered":"Aur\u00e8lia Mu\u00f1oz, renovadora de l\u2019art t\u00e8xtil"},"content":{"rendered":"<p>Des de <a href=\"https:\/\/blocsenresidencia.bcn.cat\/moli2024\/aurelia-munoz-renovadora-de-lart-textil\/\">Mariona Ca\u00f1adas i Pedro Mur\u00faa EN RESiD\u00c8NCiA a l&#8217;Institut Escola El Mol\u00ed<\/a><\/p>\n<div>\n<p>Despr\u00e9s de l\u2019estada al seu espai de producci\u00f3 art\u00edstica, la Mariona i en Pedro ens han acompanyat a un espai expositiu que est\u00e0 molt a prop del seu taller: el <strong>Museu del Tap\u00eds Contemporani de Sant Cugat del Vall\u00e8s<\/strong>.  <\/p>\n<p>Ha estat molt inspirador poder veure l\u2019exposici\u00f3 dedicada a Aur\u00e8lia Mu\u00f1oz de la m\u00e0 de la Mariona i el Pedro. Aquesta artista va treballar el teixit d\u2019una manera innovadora, investigant amb molta llibertat les seves possibilitats pl\u00e0stiques i constructives.<\/p>\n<p>Com l\u2019Aur\u00e8lia Mu\u00f1oz, la Mariona i el Pedro fan de les fibres t\u00e8xtils un camp de recerca art\u00edstica. Els interessa la capacitat del teixit de crear estructures, i el seu potencial constructiu i expressiu.<\/p>\n<figure class=\"wp-block-gallery has-nested-images columns-default is-cropped wp-block-gallery-1 is-layout-flex wp-block-gallery-is-layout-flex\">\n<figure class=\"wp-block-image size-large\"><img fetchpriority=\"high\" decoding=\"async\" width=\"640\" height=\"427\" data-id=\"607\" src=\"https:\/\/blocsenresidencia.bcn.cat\/moli2024\/wp-content\/uploads\/2023\/12\/23_11_30_Taller_teler_expo97.jpeg\" alt=\"\" class=\"wp-image-607\" srcset=\"https:\/\/blocsenresidencia.bcn.cat\/moli2024\/wp-content\/uploads\/2023\/12\/23_11_30_Taller_teler_expo97.jpeg 640w, https:\/\/blocsenresidencia.bcn.cat\/moli2024\/wp-content\/uploads\/2023\/12\/23_11_30_Taller_teler_expo97-300x200.jpeg 300w\" sizes=\"(max-width: 640px) 100vw, 640px\"><\/figure>\n<\/figure>\n<figure class=\"wp-block-gallery has-nested-images columns-default is-cropped wp-block-gallery-2 is-layout-flex wp-block-gallery-is-layout-flex\">\n<figure class=\"wp-block-image size-large\"><img loading=\"lazy\" decoding=\"async\" width=\"640\" height=\"427\" data-id=\"609\" src=\"https:\/\/blocsenresidencia.bcn.cat\/moli2024\/wp-content\/uploads\/2023\/12\/23_11_30_Taller_teler_expo82.jpeg\" alt=\"\" class=\"wp-image-609\" srcset=\"https:\/\/blocsenresidencia.bcn.cat\/moli2024\/wp-content\/uploads\/2023\/12\/23_11_30_Taller_teler_expo82.jpeg 640w, https:\/\/blocsenresidencia.bcn.cat\/moli2024\/wp-content\/uploads\/2023\/12\/23_11_30_Taller_teler_expo82-300x200.jpeg 300w\" sizes=\"auto, (max-width: 640px) 100vw, 640px\"><\/figure>\n<figure class=\"wp-block-image size-large\"><img loading=\"lazy\" decoding=\"async\" width=\"640\" height=\"427\" data-id=\"611\" src=\"https:\/\/blocsenresidencia.bcn.cat\/moli2024\/wp-content\/uploads\/2023\/12\/23_11_30_Taller_teler_expo96.jpeg\" alt=\"\" class=\"wp-image-611\" srcset=\"https:\/\/blocsenresidencia.bcn.cat\/moli2024\/wp-content\/uploads\/2023\/12\/23_11_30_Taller_teler_expo96.jpeg 640w, https:\/\/blocsenresidencia.bcn.cat\/moli2024\/wp-content\/uploads\/2023\/12\/23_11_30_Taller_teler_expo96-300x200.jpeg 300w\" sizes=\"auto, (max-width: 640px) 100vw, 640px\"><\/figure>\n<figure class=\"wp-block-image size-large\"><img loading=\"lazy\" decoding=\"async\" width=\"640\" height=\"427\" data-id=\"610\" src=\"https:\/\/blocsenresidencia.bcn.cat\/moli2024\/wp-content\/uploads\/2023\/12\/23_11_30_Taller_teler_expo92.jpeg\" alt=\"\" class=\"wp-image-610\" srcset=\"https:\/\/blocsenresidencia.bcn.cat\/moli2024\/wp-content\/uploads\/2023\/12\/23_11_30_Taller_teler_expo92.jpeg 640w, https:\/\/blocsenresidencia.bcn.cat\/moli2024\/wp-content\/uploads\/2023\/12\/23_11_30_Taller_teler_expo92-300x200.jpeg 300w\" sizes=\"auto, (max-width: 640px) 100vw, 640px\"><\/figure>\n<\/figure>\n<\/div>\n","protected":false},"excerpt":{"rendered":"<p>Des de Mariona Ca\u00f1adas i Pedro Mur\u00faa EN RESiD\u00c8NCiA a l&#8217;Institut Escola El Mol\u00ed Despr\u00e9s de l\u2019estada al seu espai de producci\u00f3 art\u00edstica, la Mariona i en Pedro ens han acompanyat a un espai expositiu que est\u00e0 molt a prop del seu taller: el Museu del Tap\u00eds Contemporani de Sant Cugat del Vall\u00e8s. Ha estat &hellip; <\/p>\n<p class=\"link-more\"><a href=\"https:\/\/blocsenresidencia.bcn.cat\/20232024\/2023\/12\/02\/aurelia-munoz-renovadora-de-lart-textil\/\" class=\"more-link\">Continua llegint <span class=\"screen-reader-text\">\u00abAur\u00e8lia Mu\u00f1oz, renovadora de l\u2019art t\u00e8xtil\u00bb<\/span><\/a><\/p>\n","protected":false},"author":5,"featured_media":0,"comment_status":"closed","ping_status":"closed","sticky":false,"template":"","format":"standard","meta":{"footnotes":""},"categories":[1],"tags":[],"class_list":["post-884","post","type-post","status-publish","format-standard","hentry","category-general"],"_links":{"self":[{"href":"https:\/\/blocsenresidencia.bcn.cat\/20232024\/wp-json\/wp\/v2\/posts\/884","targetHints":{"allow":["GET"]}}],"collection":[{"href":"https:\/\/blocsenresidencia.bcn.cat\/20232024\/wp-json\/wp\/v2\/posts"}],"about":[{"href":"https:\/\/blocsenresidencia.bcn.cat\/20232024\/wp-json\/wp\/v2\/types\/post"}],"author":[{"embeddable":true,"href":"https:\/\/blocsenresidencia.bcn.cat\/20232024\/wp-json\/wp\/v2\/users\/5"}],"replies":[{"embeddable":true,"href":"https:\/\/blocsenresidencia.bcn.cat\/20232024\/wp-json\/wp\/v2\/comments?post=884"}],"version-history":[{"count":0,"href":"https:\/\/blocsenresidencia.bcn.cat\/20232024\/wp-json\/wp\/v2\/posts\/884\/revisions"}],"wp:attachment":[{"href":"https:\/\/blocsenresidencia.bcn.cat\/20232024\/wp-json\/wp\/v2\/media?parent=884"}],"wp:term":[{"taxonomy":"category","embeddable":true,"href":"https:\/\/blocsenresidencia.bcn.cat\/20232024\/wp-json\/wp\/v2\/categories?post=884"},{"taxonomy":"post_tag","embeddable":true,"href":"https:\/\/blocsenresidencia.bcn.cat\/20232024\/wp-json\/wp\/v2\/tags?post=884"}],"curies":[{"name":"wp","href":"https:\/\/api.w.org\/{rel}","templated":true}]}}