{"id":885,"date":"2023-12-04T10:18:52","date_gmt":"2023-12-04T08:18:52","guid":{"rendered":"https:\/\/blocsenresidencia.bcn.cat\/20232024\/2023\/12\/04\/la-reunio-de-pares\/"},"modified":"2023-12-04T10:18:52","modified_gmt":"2023-12-04T08:18:52","slug":"la-reunio-de-pares","status":"publish","type":"post","link":"https:\/\/blocsenresidencia.bcn.cat\/20232024\/2023\/12\/04\/la-reunio-de-pares\/","title":{"rendered":"La reuni\u00f3 de pares"},"content":{"rendered":"<p>Des de <a href=\"https:\/\/blocsenresidencia.bcn.cat\/eixample2024\/la-reunio-de-pares\/\">Juana Dolores EN RESiD\u00c8NCiA a l&#8217;Institut Escola Eixample<\/a><\/p>\n<div>\n<p>En la sessi\u00f3 8 vam interpretar als nostres pares i despr\u00e9s vam interpretar algunes persones de pares i de profes i va sortir que un de nosaltres ens passem a fer de profes i vaig sortir jo per interpretar de professors i vaig haver d\u2019improvisar, no va sortir tan malament. Despr\u00e9s d\u2019una estona vam tornar a sortir, per\u00f2 millorant l\u2019escena perqu\u00e8 la primera es podria millorar. Despr\u00e9s van sortir dues persones i van fer se passar 1 per profe i una de fill i van sortir a l\u2019escenari i van actuar. A mi aquesta sessi\u00f3 em va agradar perqu\u00e8 es va fer molt din\u00e0mica i no molt avorrida.<\/p>\n<p>(Deivi)<\/p>\n<p>La classe anterior vam anar directament a la sala d\u2019actes per fer unes improvisacions, que tractaven de que el \u201cpares\u201d es posen en rotllana i es tracta de que estaven anant a la reuni\u00f3 a l\u2019escola i despr\u00e9s vam fer un altre tipus d\u2019improvisaci\u00f3 que era el pare donant les notes al fill.<\/p>\n<p>Em va semblar divertit, tenia una mica de vergonya vergonya per\u00f2 em va agradar. <\/p>\n<p>(Nil)<\/p>\n<p>La darrera sessi\u00f3 vam fer un grup de persones conformat per 7 persones i van fer una impro. sobre una reuni\u00f3 de pares on deien que els seus fills s\u00f3n \u201cgamberros\u201d va ser divertit perqu\u00e8 posaven les situacions molt c\u00f2miques, per\u00f2 en una part tots cridaven i no s\u2019ent\u00e9n res del que diuen. Ara l\u2019altre grup\u00a0 on jo estava va ser molt avorrit i seri\u00f3s, no va ser res divertit, l\u2019\u00fanica cosa que va fer una mica de gr\u00e0cia, va ser el Paolo que va posar un accent americ\u00e0.<\/p>\n<p>Despr\u00e9s van fer un altre impro. on estaven ell Paolo i el Fuong que era d\u2019un pare i un professor. Va estar molt b\u00e9 per\u00f2 una mica d\u2019emocions seria molt millor.Despr\u00e9s van fer una continuaci\u00f3 on el Fuong esperava al Enzo que feia de fill, per parlar sobre les notes i amb que \u201camigues\u201d sortia.Va estar b\u00e9 per\u00f2 m\u2019agradaria veure el Fuong com a pare enfadat.<\/p>\n<p>Vam fer la mateixa impro. per\u00f2 amb diferents persones.Van escollir l\u2019Aina\u00a0 i a mi.Per mi va ser molt divertit la impro. i molt fluida.<\/p>\n<p>Com a sessi\u00f3 va ser molt bo i m\u2019agradaria fer un altre sessi\u00f3 com aquesta.<\/p>\n<p>(Juan David)<\/p>\n<\/p>\n<\/div>\n","protected":false},"excerpt":{"rendered":"<p>Des de Juana Dolores EN RESiD\u00c8NCiA a l&#8217;Institut Escola Eixample En la sessi\u00f3 8 vam interpretar als nostres pares i despr\u00e9s vam interpretar algunes persones de pares i de profes i va sortir que un de nosaltres ens passem a fer de profes i vaig sortir jo per interpretar de professors i vaig haver d\u2019improvisar, &hellip; <\/p>\n<p class=\"link-more\"><a href=\"https:\/\/blocsenresidencia.bcn.cat\/20232024\/2023\/12\/04\/la-reunio-de-pares\/\" class=\"more-link\">Continua llegint <span class=\"screen-reader-text\">\u00abLa reuni\u00f3 de pares\u00bb<\/span><\/a><\/p>\n","protected":false},"author":5,"featured_media":0,"comment_status":"closed","ping_status":"closed","sticky":false,"template":"","format":"standard","meta":{"footnotes":""},"categories":[1],"tags":[],"class_list":["post-885","post","type-post","status-publish","format-standard","hentry","category-general"],"_links":{"self":[{"href":"https:\/\/blocsenresidencia.bcn.cat\/20232024\/wp-json\/wp\/v2\/posts\/885","targetHints":{"allow":["GET"]}}],"collection":[{"href":"https:\/\/blocsenresidencia.bcn.cat\/20232024\/wp-json\/wp\/v2\/posts"}],"about":[{"href":"https:\/\/blocsenresidencia.bcn.cat\/20232024\/wp-json\/wp\/v2\/types\/post"}],"author":[{"embeddable":true,"href":"https:\/\/blocsenresidencia.bcn.cat\/20232024\/wp-json\/wp\/v2\/users\/5"}],"replies":[{"embeddable":true,"href":"https:\/\/blocsenresidencia.bcn.cat\/20232024\/wp-json\/wp\/v2\/comments?post=885"}],"version-history":[{"count":0,"href":"https:\/\/blocsenresidencia.bcn.cat\/20232024\/wp-json\/wp\/v2\/posts\/885\/revisions"}],"wp:attachment":[{"href":"https:\/\/blocsenresidencia.bcn.cat\/20232024\/wp-json\/wp\/v2\/media?parent=885"}],"wp:term":[{"taxonomy":"category","embeddable":true,"href":"https:\/\/blocsenresidencia.bcn.cat\/20232024\/wp-json\/wp\/v2\/categories?post=885"},{"taxonomy":"post_tag","embeddable":true,"href":"https:\/\/blocsenresidencia.bcn.cat\/20232024\/wp-json\/wp\/v2\/tags?post=885"}],"curies":[{"name":"wp","href":"https:\/\/api.w.org\/{rel}","templated":true}]}}