{"id":892,"date":"2023-12-11T23:58:40","date_gmt":"2023-12-11T21:58:40","guid":{"rendered":"https:\/\/blocsenresidencia.bcn.cat\/20232024\/2023\/12\/11\/primeres-impressions\/"},"modified":"2023-12-11T23:58:40","modified_gmt":"2023-12-11T21:58:40","slug":"primeres-impressions","status":"publish","type":"post","link":"https:\/\/blocsenresidencia.bcn.cat\/20232024\/2023\/12\/11\/primeres-impressions\/","title":{"rendered":"Primeres impressions"},"content":{"rendered":"<p>Des de <a href=\"https:\/\/blocsenresidencia.bcn.cat\/trinitatnova2024\/primeres-impressions\/\">Pato Mena EN RESiD\u00c8NCiA a l&#8217;Institut Trinitat Nova<\/a><\/p>\n<div>\n<p>Abans de comen\u00e7ar la primera trobada ten\u00edem molta curiositat de saber qu\u00e8 feia i com era el nostre artista:\u00a0Pato\u00a0Mena,\u00a0escriptor\u00a0i il\u00b7lustrador.<\/p>\n<p>Un dia abans vam buscar informaci\u00f3 sobre ell i la seva obra per poder preparar preguntes per fer-li. Despr\u00e9s de presentar-nos, vam fer moltes preguntes. Vam explicar qu\u00e8 f\u00e8iem a l\u2019optativa i per quin motiu l\u2019hav\u00edem\u00a0triat. Ten\u00edem preguntes preparades que\u00a0li vol\u00edem\u00a0fer per saber m\u00e9s informaci\u00f3 i saber m\u00e9s de la seva vida, per exemple: com va comen\u00e7ar, com pensa per cada llibre, com ha apr\u00e8s a dibuixar\u2026 ell tamb\u00e9 tenia moltes preguntes per a nosaltres.<\/p>\n<p>Va ser una trobada molt bonica i interessant. En\u00a0Pato\u00a0ens va caure b\u00e9 perqu\u00e8 era amable i transmetia tranquil\u00b7litat. Ens va mostrar alguns dels seus llibres i ens va parlar de la seva vida.<\/p>\n<h2 class=\"wp-block-heading\">Una sessi\u00f3 amb en Pato\u2026<\/h2>\n<p>Una de les primeres sessions que hem fet, ha estat explorar els l\u00edmits entre la infantesa i el pas a l\u2019adolesc\u00e8ncia. Es tractava d\u2019explicar coses sobre la nostra inf\u00e0ncia. El primer que vam fer, va ser una activitat guiada per en\u00a0Pato. Primer va llegir un fragment de dos llibres diferents (un japon\u00e8s de poemes i un llibre infantil) per iniciar el cam\u00ed del record a la inf\u00e0ncia.<\/p>\n<p>Despr\u00e9s ens va demanar que dibuix\u00e9ssim algun objecte que ens record\u00e9s a la nostra inf\u00e0ncia. Ell anava dient paraules, per exemple pluja o cullera, i cada persona individualment havia d\u2019escriure una experi\u00e8ncia de la infantesa que vinculen amb aquesta paraula concreta.<\/p>\n<p>A l\u2019\u00faltima part de la sessi\u00f3, ens va deixar un espai per a escriure i bolcar sobre el paper tots els records que vinguessin al cap de la inf\u00e0ncia.<\/p>\n<p>Aquests s\u00f3n alguns fragments dels textos que vam fer:<\/p>\n<p>\u201cRecordo quan de petita era mig diab\u00f2lica, o sigui, que tenia amics imaginaris\u201d. (Adriana)<\/p>\n<p>\u201cRecordo que una vegada la meva amiga que es diu\u00a0Yalena\u00a0em va oferir unes galetes Princesa caducades des de feia\u00a04\u00a0anys\u201d. (Yasmina)<\/p>\n<p>\u201cRecordo quan vaig agafar un caragol i el vaig cremar\u201d. (Sara)<\/p>\n<p>\u201cRecordo quan cada divendres i cada cap de setmana, el meu pare i jo sort\u00edem a un camp de futbol de terra i an\u00e0vem a menjar, i despr\u00e9s el veia jugar a ell\u201d. (Derek)<\/p>\n<p>\u201cRecordo quan sortia al parc amb tots els meus amics i coneguda era l\u2019\u00e8poca on era molt feli\u00e7. Va ser com una sortida del sol\u00a0raro\u00a0que veia una sola vegada a la meva vida. Quan tots eren nens i no\u00a0pensavem\u00a0en el dem\u00e0, nom\u00e9s en l\u2019avui i en jugar, i en el que l\u2019insult m\u00e9s gran era\u00a0tonto\u00a0i el regal m\u00e9s gran era un ou\u00a0Kinder\u201d. (Scarlet)<\/p>\n<p>\u201cMe\u2019n recordo de quan era petit i jo era molt hiperactiu, mai em quedava quiet. Era un nen que li agradava jugar al futbol i estar amb els meus amics. Tamb\u00e9 sempre volia molestar i estar amb la meva fam\u00edlia\u201d. (Randy)<\/p>\n<p>\u201cRecordo quan per fi tenia a la meva mare junt amb mi, i estava trista perqu\u00e8 sabia que el\u00a0mes\u00a0que venia tornaria a marxar. Recordo tamb\u00e9 quan vaig viatjar per primera vegada amb el meu germ\u00e0 i estava tan feli\u00e7 perqu\u00e8 per fi\u00a0estaria amb\u00a0la meva mare\u201d. (Yanis)<\/p>\n<p>\u201cRecordo quan era petita i em quedava enamorada de les llums i decoracions nadalenques. Em quedava tan embadalida que els meus pares\u00a0flipaven\u00a0al\u00a0veure\u2019m. Crec que all\u00e0 va ser quan es van adonar que ESTIMO\u00a0Nadal\u201d. (Aitana)<\/p>\n<p>\u201cRecordo quan arribava de l\u2019escola i menjava mentre veia la novel\u00b7la amb la meva mare\u201d. (Ana Paula)<\/p>\n<\/div>\n","protected":false},"excerpt":{"rendered":"<p>Des de Pato Mena EN RESiD\u00c8NCiA a l&#8217;Institut Trinitat Nova Abans de comen\u00e7ar la primera trobada ten\u00edem molta curiositat de saber qu\u00e8 feia i com era el nostre artista:\u00a0Pato\u00a0Mena,\u00a0escriptor\u00a0i il\u00b7lustrador. Un dia abans vam buscar informaci\u00f3 sobre ell i la seva obra per poder preparar preguntes per fer-li. Despr\u00e9s de presentar-nos, vam fer moltes preguntes. &hellip; <\/p>\n<p class=\"link-more\"><a href=\"https:\/\/blocsenresidencia.bcn.cat\/20232024\/2023\/12\/11\/primeres-impressions\/\" class=\"more-link\">Continua llegint <span class=\"screen-reader-text\">\u00abPrimeres impressions\u00bb<\/span><\/a><\/p>\n","protected":false},"author":5,"featured_media":0,"comment_status":"closed","ping_status":"closed","sticky":false,"template":"","format":"standard","meta":{"footnotes":""},"categories":[1],"tags":[],"class_list":["post-892","post","type-post","status-publish","format-standard","hentry","category-general"],"_links":{"self":[{"href":"https:\/\/blocsenresidencia.bcn.cat\/20232024\/wp-json\/wp\/v2\/posts\/892","targetHints":{"allow":["GET"]}}],"collection":[{"href":"https:\/\/blocsenresidencia.bcn.cat\/20232024\/wp-json\/wp\/v2\/posts"}],"about":[{"href":"https:\/\/blocsenresidencia.bcn.cat\/20232024\/wp-json\/wp\/v2\/types\/post"}],"author":[{"embeddable":true,"href":"https:\/\/blocsenresidencia.bcn.cat\/20232024\/wp-json\/wp\/v2\/users\/5"}],"replies":[{"embeddable":true,"href":"https:\/\/blocsenresidencia.bcn.cat\/20232024\/wp-json\/wp\/v2\/comments?post=892"}],"version-history":[{"count":0,"href":"https:\/\/blocsenresidencia.bcn.cat\/20232024\/wp-json\/wp\/v2\/posts\/892\/revisions"}],"wp:attachment":[{"href":"https:\/\/blocsenresidencia.bcn.cat\/20232024\/wp-json\/wp\/v2\/media?parent=892"}],"wp:term":[{"taxonomy":"category","embeddable":true,"href":"https:\/\/blocsenresidencia.bcn.cat\/20232024\/wp-json\/wp\/v2\/categories?post=892"},{"taxonomy":"post_tag","embeddable":true,"href":"https:\/\/blocsenresidencia.bcn.cat\/20232024\/wp-json\/wp\/v2\/tags?post=892"}],"curies":[{"name":"wp","href":"https:\/\/api.w.org\/{rel}","templated":true}]}}