{"id":894,"date":"2023-12-14T13:30:43","date_gmt":"2023-12-14T11:30:43","guid":{"rendered":"https:\/\/blocsenresidencia.bcn.cat\/20232024\/2023\/12\/14\/treball-de-grup-visites-memories-i-espais-debats-sobre-la-identitat-dels-joves\/"},"modified":"2023-12-14T13:30:43","modified_gmt":"2023-12-14T11:30:43","slug":"treball-de-grup-visites-memories-i-espais-debats-sobre-la-identitat-dels-joves","status":"publish","type":"post","link":"https:\/\/blocsenresidencia.bcn.cat\/20232024\/2023\/12\/14\/treball-de-grup-visites-memories-i-espais-debats-sobre-la-identitat-dels-joves\/","title":{"rendered":"Treball de grup, visites, mem\u00f2ries i espais: debats  sobre la identitat dels joves."},"content":{"rendered":"<p>Des de <a href=\"https:\/\/blocsenresidencia.bcn.cat\/montjuic2024\/treball-de-grup-visites-memories-i-espais-debats-sobre-la-identitat-dels-joves\/\">Carla Rovira EN RESiD\u00c8NCiA a l&#8217;Institut Montju\u00efc<\/a><\/p>\n<div>\n<p>Durant el mes d\u2019octubre i \u00a0 part de novembre, s\u2019ha realitzat una investigaci\u00f3 exhaustiva centrada en la vida educativa dels joves del barri. Durant gaireb\u00e9 quatre setmanes, hem desenvolupat diverses tasques i accions creatives en col\u00b7laboraci\u00f3 amb el grup d\u2019estudiants, amb l\u2019objectiu de fomentar la creaci\u00f3 de lla\u00e7os i descobrir qui s\u00f3n les persones que participen en aquest programa.<\/p>\n<p>S\u2019han abordat diversos temes, incloent-hi esdeveniments rellevants i la identificaci\u00f3 de marques o senyals a l\u2019edifici de l\u2019institut. Tamb\u00e9 s\u2019han explorat q\u00fcestions relacionades amb la identitat del barri i dels joves residents.<\/p>\n<p>D\u2019altra banda, s\u2019han realitzat representacions centrades en la \u201cGeneraci\u00f3 Porno\u201d, generant una conversa interessant que ha posat de manifest diferents perspectives sobre com se senten els joves. Hem afegit la responsabilitat de reflexionar sobre com reaccionen davant la frase \u201csoc\/no soc prou madur per\u2026\u201d. Tot aix\u00f2 s\u2019ha dut a terme aprofitant un dia inusual amb mitja classe, mantenint sempre l\u2019objectiu de fomentar connexions i descobrir la identitat dels participants.<\/p>\n<p>A m\u00e9s, hem continuat amb representacions sobre temes relacionats amb pel\u00b7l\u00edcules, c\u00f2mics i s\u00e8ries, amb un treball constant en la relatoria i la posada en escena que s\u2019ha prolongat al llarg del mes de novembre. Aquest enfocament creatiu ha contribu\u00eft a enriquir la comprensi\u00f3 dels participants sobre els mitjans culturals i ha fomentat la seva participaci\u00f3 activa en les din\u00e0miques educatives.<\/p>\n<p>Finalment, a finals d\u2019octubre, vam tenir l\u2019oportunitat de gaudir de la visita a l\u2019institut de tres dones nascudes a la Marina del Prat Vermell, que porten a terme processos de mem\u00f2ries comunit\u00e0ries i s\u00f3n dones activistes molt actives al barri. Durant la sessi\u00f3, vam pensar en les preguntes per fer-les, i quan van venir les dones, ens van explicar i parlar de q\u00fcestions molt interessants: com era la vida quan eren petites, moltes treballaven; el barri tenia\u00a0 una sortida directa al mar, horts i cases econ\u00f2miques, fins i tot animals, com si fos un poble. Elles jugaven i feien molta vida al carrer. Van compartir com tot ha canviat i quines oportunitats laborals i experi\u00e8ncies de vida, feina o cures van tenir. Tamb\u00e9 vam parlar del cost de les coses en pessetes i com vivim ara en relaci\u00f3 amb el passat.<\/p>\n<figure class=\"wp-block-gallery has-nested-images columns-default is-cropped wp-block-gallery-1 is-layout-flex wp-block-gallery-is-layout-flex\">\n<figure class=\"wp-block-image size-large\"><img fetchpriority=\"high\" decoding=\"async\" width=\"1024\" height=\"768\" data-id=\"312\" src=\"https:\/\/blocsenresidencia.bcn.cat\/montjuic2024\/wp-content\/uploads\/2023\/12\/visita-dones-caeses-barates-nov2-1024x768.jpeg\" alt=\"\" class=\"wp-image-312\" srcset=\"https:\/\/blocsenresidencia.bcn.cat\/montjuic2024\/wp-content\/uploads\/2023\/12\/visita-dones-caeses-barates-nov2-1024x768.jpeg 1024w, https:\/\/blocsenresidencia.bcn.cat\/montjuic2024\/wp-content\/uploads\/2023\/12\/visita-dones-caeses-barates-nov2-300x225.jpeg 300w, https:\/\/blocsenresidencia.bcn.cat\/montjuic2024\/wp-content\/uploads\/2023\/12\/visita-dones-caeses-barates-nov2-768x576.jpeg 768w, https:\/\/blocsenresidencia.bcn.cat\/montjuic2024\/wp-content\/uploads\/2023\/12\/visita-dones-caeses-barates-nov2-1536x1152.jpeg 1536w, https:\/\/blocsenresidencia.bcn.cat\/montjuic2024\/wp-content\/uploads\/2023\/12\/visita-dones-caeses-barates-nov2.jpeg 2048w\" sizes=\"(max-width: 767px) 89vw, (max-width: 1000px) 54vw, (max-width: 1071px) 543px, 580px\"><\/figure>\n<figure class=\"wp-block-image size-large\"><img loading=\"lazy\" decoding=\"async\" width=\"1024\" height=\"768\" data-id=\"313\" src=\"https:\/\/blocsenresidencia.bcn.cat\/montjuic2024\/wp-content\/uploads\/2023\/12\/visita-dones-caeses-barates-nov-1024x768.jpeg\" alt=\"\" class=\"wp-image-313\" srcset=\"https:\/\/blocsenresidencia.bcn.cat\/montjuic2024\/wp-content\/uploads\/2023\/12\/visita-dones-caeses-barates-nov-1024x768.jpeg 1024w, https:\/\/blocsenresidencia.bcn.cat\/montjuic2024\/wp-content\/uploads\/2023\/12\/visita-dones-caeses-barates-nov-300x225.jpeg 300w, https:\/\/blocsenresidencia.bcn.cat\/montjuic2024\/wp-content\/uploads\/2023\/12\/visita-dones-caeses-barates-nov-768x576.jpeg 768w, https:\/\/blocsenresidencia.bcn.cat\/montjuic2024\/wp-content\/uploads\/2023\/12\/visita-dones-caeses-barates-nov-1536x1152.jpeg 1536w, https:\/\/blocsenresidencia.bcn.cat\/montjuic2024\/wp-content\/uploads\/2023\/12\/visita-dones-caeses-barates-nov.jpeg 2048w\" sizes=\"auto, (max-width: 767px) 89vw, (max-width: 1000px) 54vw, (max-width: 1071px) 543px, 580px\"><\/figure>\n<\/figure>\n<\/div>\n","protected":false},"excerpt":{"rendered":"<p>Des de Carla Rovira EN RESiD\u00c8NCiA a l&#8217;Institut Montju\u00efc Durant el mes d\u2019octubre i \u00a0 part de novembre, s\u2019ha realitzat una investigaci\u00f3 exhaustiva centrada en la vida educativa dels joves del barri. Durant gaireb\u00e9 quatre setmanes, hem desenvolupat diverses tasques i accions creatives en col\u00b7laboraci\u00f3 amb el grup d\u2019estudiants, amb l\u2019objectiu de fomentar la creaci\u00f3 &hellip; <\/p>\n<p class=\"link-more\"><a href=\"https:\/\/blocsenresidencia.bcn.cat\/20232024\/2023\/12\/14\/treball-de-grup-visites-memories-i-espais-debats-sobre-la-identitat-dels-joves\/\" class=\"more-link\">Continua llegint <span class=\"screen-reader-text\">\u00abTreball de grup, visites, mem\u00f2ries i espais: debats  sobre la identitat dels joves.\u00bb<\/span><\/a><\/p>\n","protected":false},"author":5,"featured_media":0,"comment_status":"closed","ping_status":"closed","sticky":false,"template":"","format":"standard","meta":{"footnotes":""},"categories":[1],"tags":[],"class_list":["post-894","post","type-post","status-publish","format-standard","hentry","category-general"],"_links":{"self":[{"href":"https:\/\/blocsenresidencia.bcn.cat\/20232024\/wp-json\/wp\/v2\/posts\/894","targetHints":{"allow":["GET"]}}],"collection":[{"href":"https:\/\/blocsenresidencia.bcn.cat\/20232024\/wp-json\/wp\/v2\/posts"}],"about":[{"href":"https:\/\/blocsenresidencia.bcn.cat\/20232024\/wp-json\/wp\/v2\/types\/post"}],"author":[{"embeddable":true,"href":"https:\/\/blocsenresidencia.bcn.cat\/20232024\/wp-json\/wp\/v2\/users\/5"}],"replies":[{"embeddable":true,"href":"https:\/\/blocsenresidencia.bcn.cat\/20232024\/wp-json\/wp\/v2\/comments?post=894"}],"version-history":[{"count":0,"href":"https:\/\/blocsenresidencia.bcn.cat\/20232024\/wp-json\/wp\/v2\/posts\/894\/revisions"}],"wp:attachment":[{"href":"https:\/\/blocsenresidencia.bcn.cat\/20232024\/wp-json\/wp\/v2\/media?parent=894"}],"wp:term":[{"taxonomy":"category","embeddable":true,"href":"https:\/\/blocsenresidencia.bcn.cat\/20232024\/wp-json\/wp\/v2\/categories?post=894"},{"taxonomy":"post_tag","embeddable":true,"href":"https:\/\/blocsenresidencia.bcn.cat\/20232024\/wp-json\/wp\/v2\/tags?post=894"}],"curies":[{"name":"wp","href":"https:\/\/api.w.org\/{rel}","templated":true}]}}