{"id":898,"date":"2023-12-18T12:40:57","date_gmt":"2023-12-18T10:40:57","guid":{"rendered":"https:\/\/blocsenresidencia.bcn.cat\/20232024\/2023\/12\/18\/8-de-novembre\/"},"modified":"2023-12-18T12:40:57","modified_gmt":"2023-12-18T10:40:57","slug":"8-de-novembre","status":"publish","type":"post","link":"https:\/\/blocsenresidencia.bcn.cat\/20232024\/2023\/12\/18\/8-de-novembre\/","title":{"rendered":"8 de novembre"},"content":{"rendered":"<p>Des de <a href=\"https:\/\/blocsenresidencia.bcn.cat\/salvatpapasseit2024\/8-de-novembre\/\">Alfredo Costa-Monteiro EN RESiD\u00c8NCiA a l&#8217;Institut Joan Salvat Papasseit<\/a><\/p>\n<div>\n<p>El dia 8 de novembre vam intentar utilitzar el programa <em>Audacity<\/em><strong>,<\/strong> per\u00f2 no funcionava<strong>,<\/strong> aix\u00ed que l\u2019Alfredo ens va dividir en grups d\u2019unes quatre o cinc persones<strong>.<\/strong><\/p>\n<p>En grups<strong>,<\/strong> hav\u00edem de presentar diferents moviments art\u00edstics<strong> :            <\/strong><img loading=\"lazy\" decoding=\"async\" width=\"156\" height=\"206\" src=\"https:\/\/lh7-us.googleusercontent.com\/hThtxV5Isfeo5vBq18V74yLXFyRkgYtw85GGr3j6TquHEqccdI2EKUcAXeYI7dAtE8Z6esEuLkpX2nH6kCuNrNG88G74C-w5GfAcb57zg9LG29F5JzJpxVafL8n-4UZtfucQYJDlBj_uf5hqoyV8HQY\"><\/p>\n<ul>\n<li><em>Fluxus<\/em><\/li>\n<li><em>Dada<\/em><\/li>\n<li><em>Futurisme<\/em><\/li>\n<li><em>Poesia sonora<\/em><\/li>\n<\/ul>\n<p>Abans de presentar<strong>,<\/strong> vam veure un v\u00eddeo d<strong>\u2019<\/strong>Hugo Ball<strong>.<\/strong><br \/>Despr\u00e9s d\u2019estar un temps cercant informaci\u00f3 per la presentaci\u00f3<strong>,<\/strong> i de veure el v\u00eddeo<strong>,<\/strong> nom\u00e9s va donar temps a que un grup pogu\u00e9s presentar<strong>.<\/strong> <\/p>\n<\/p>\n<p><img decoding=\"async\" src=\"https:\/\/lh7-us.googleusercontent.com\/gCGwh5XGb4NFoiP-4DPajkCxdd23d1xsjeYaRFtWr1G522ptDmZabFTYP5mMYP3j9Uzzi00oo94WYlLYeL0gsP2Hc9MsV6W0d45kjkWO-8C0EjHGk7vXHrD8HfMevLzyAO5Gw7OXEtls_heOM8Mox4A\" width=\"519.6398601398603\" height=\"391.5831557297699\"><\/p>\n<\/div>\n","protected":false},"excerpt":{"rendered":"<p>Des de Alfredo Costa-Monteiro EN RESiD\u00c8NCiA a l&#8217;Institut Joan Salvat Papasseit El dia 8 de novembre vam intentar utilitzar el programa Audacity, per\u00f2 no funcionava, aix\u00ed que l\u2019Alfredo ens va dividir en grups d\u2019unes quatre o cinc persones. En grups, hav\u00edem de presentar diferents moviments art\u00edstics : Fluxus Dada Futurisme Poesia sonora Abans de presentar, &hellip; <\/p>\n<p class=\"link-more\"><a href=\"https:\/\/blocsenresidencia.bcn.cat\/20232024\/2023\/12\/18\/8-de-novembre\/\" class=\"more-link\">Continua llegint <span class=\"screen-reader-text\">\u00ab8 de novembre\u00bb<\/span><\/a><\/p>\n","protected":false},"author":5,"featured_media":0,"comment_status":"closed","ping_status":"closed","sticky":false,"template":"","format":"standard","meta":{"footnotes":""},"categories":[1],"tags":[],"class_list":["post-898","post","type-post","status-publish","format-standard","hentry","category-general"],"_links":{"self":[{"href":"https:\/\/blocsenresidencia.bcn.cat\/20232024\/wp-json\/wp\/v2\/posts\/898","targetHints":{"allow":["GET"]}}],"collection":[{"href":"https:\/\/blocsenresidencia.bcn.cat\/20232024\/wp-json\/wp\/v2\/posts"}],"about":[{"href":"https:\/\/blocsenresidencia.bcn.cat\/20232024\/wp-json\/wp\/v2\/types\/post"}],"author":[{"embeddable":true,"href":"https:\/\/blocsenresidencia.bcn.cat\/20232024\/wp-json\/wp\/v2\/users\/5"}],"replies":[{"embeddable":true,"href":"https:\/\/blocsenresidencia.bcn.cat\/20232024\/wp-json\/wp\/v2\/comments?post=898"}],"version-history":[{"count":0,"href":"https:\/\/blocsenresidencia.bcn.cat\/20232024\/wp-json\/wp\/v2\/posts\/898\/revisions"}],"wp:attachment":[{"href":"https:\/\/blocsenresidencia.bcn.cat\/20232024\/wp-json\/wp\/v2\/media?parent=898"}],"wp:term":[{"taxonomy":"category","embeddable":true,"href":"https:\/\/blocsenresidencia.bcn.cat\/20232024\/wp-json\/wp\/v2\/categories?post=898"},{"taxonomy":"post_tag","embeddable":true,"href":"https:\/\/blocsenresidencia.bcn.cat\/20232024\/wp-json\/wp\/v2\/tags?post=898"}],"curies":[{"name":"wp","href":"https:\/\/api.w.org\/{rel}","templated":true}]}}