{"id":900,"date":"2023-12-18T12:40:57","date_gmt":"2023-12-18T10:40:57","guid":{"rendered":"https:\/\/blocsenresidencia.bcn.cat\/20232024\/2023\/12\/18\/22-de-novembre\/"},"modified":"2023-12-18T12:40:57","modified_gmt":"2023-12-18T10:40:57","slug":"22-de-novembre","status":"publish","type":"post","link":"https:\/\/blocsenresidencia.bcn.cat\/20232024\/2023\/12\/18\/22-de-novembre\/","title":{"rendered":"22 de novembre"},"content":{"rendered":"<p>Des de <a href=\"https:\/\/blocsenresidencia.bcn.cat\/salvatpapasseit2024\/22-de-novembre\/\">Alfredo Costa-Monteiro EN RESiD\u00c8NCiA a l&#8217;Institut Joan Salvat Papasseit<\/a><\/p>\n<div>\n<p>El dia 22 de Novembre vam escoltar la pen\u00faltima presentaci\u00f3n de la poes\u00eda sonora, per\u00f2 els v\u00eddeos que van posar sobre aquell tema, semblava que estiguessin bojos i a mi fins un em va donar fastic.<\/p>\n<p>A la seg\u00fcent hora ens van repartir uns fulls amb una poes\u00eda sonora anomenada <em>URSONATE<\/em>, semblava com si un beb\u00e9 hages escrit per un ordinador, molts es van oferir a sortir a \u201crecitar\u201d aquell poema i va donar molta gr\u00e0cia per com ho deien, va ser divertit per\u00f2 igualment jo no sortiria a recitar res d\u2019aix\u00f2s, no per vergonya, si no perque es molt extrany.<\/p>\n<p><strong>Poema que van recitar (URSONATE):<\/strong><\/p>\n<p><a href=\"https:\/\/drive.google.com\/file\/d\/1G0DGLxY3NOMiR61a6hx6iN8E9f0aEgSv\/view?usp=drive_web&amp;authuser=0\">https:\/\/drive.google.com\/file\/d\/1G0DGLxY3NOMiR61a6hx6iN8E9f0aEgSv\/view?usp=drive_web&amp;authuser=0<\/a><\/p>\n<p><strong>Videos dels companys recitant el poema:<\/strong><\/p>\n<p><a href=\"https:\/\/drive.google.com\/file\/d\/11VLNBRgWXtba17KSsxG84qr3Y4VJs805\/view?usp=drive_web&amp;authuser=0\">https:\/\/drive.google.com\/file\/d\/11VLNBRgWXtba17KSsxG84qr3Y4VJs805\/view?usp=drive_web&amp;authuser=0<\/a><\/p>\n<p><a href=\"https:\/\/drive.google.com\/file\/d\/1vuBOwUdnRtMwYc7HKxtJ0u-Q35wVUJCY\/view?usp=drive_web&amp;authuser=0\">https:\/\/drive.google.com\/file\/d\/1vuBOwUdnRtMwYc7HKxtJ0u-Q35wVUJCY\/view?usp=drive_web&amp;authuser=0<\/a><\/p>\n<p><a href=\"https:\/\/drive.google.com\/file\/d\/10ffTA7k66BbSrtXxbcM2-diigipcCxlB\/view?usp=drive_web&amp;authuser=0\">https:\/\/drive.google.com\/file\/d\/10ffTA7k66BbSrtXxbcM2-diigipcCxlB\/view?usp=drive_web&amp;authuser=0<\/a><\/p>\n<p><a href=\"https:\/\/drive.google.com\/file\/d\/1wih7_ezq32x8OM_EJaZAkZ0KMmhY9yz1\/view?usp=drive_web&amp;authuser=0\">https:\/\/drive.google.com\/file\/d\/1wih7_ezq32x8OM_EJaZAkZ0KMmhY9yz1\/view?usp=drive_web&amp;authuser=0<\/a><\/p>\n<p><a href=\"https:\/\/drive.google.com\/file\/d\/1hbVl08ggcoeCuXnuXd7kqOzLPCDkeb7T\/view?usp=drive_web&amp;authuser=0\">https:\/\/drive.google.com\/file\/d\/1hbVl08ggcoeCuXnuXd7kqOzLPCDkeb7T\/view?usp=drive_web&amp;authuser=0<\/a><\/p>\n<\/div>\n","protected":false},"excerpt":{"rendered":"<p>Des de Alfredo Costa-Monteiro EN RESiD\u00c8NCiA a l&#8217;Institut Joan Salvat Papasseit El dia 22 de Novembre vam escoltar la pen\u00faltima presentaci\u00f3n de la poes\u00eda sonora, per\u00f2 els v\u00eddeos que van posar sobre aquell tema, semblava que estiguessin bojos i a mi fins un em va donar fastic. A la seg\u00fcent hora ens van repartir uns &hellip; <\/p>\n<p class=\"link-more\"><a href=\"https:\/\/blocsenresidencia.bcn.cat\/20232024\/2023\/12\/18\/22-de-novembre\/\" class=\"more-link\">Continua llegint <span class=\"screen-reader-text\">\u00ab22 de novembre\u00bb<\/span><\/a><\/p>\n","protected":false},"author":5,"featured_media":0,"comment_status":"closed","ping_status":"closed","sticky":false,"template":"","format":"standard","meta":{"footnotes":""},"categories":[1],"tags":[],"class_list":["post-900","post","type-post","status-publish","format-standard","hentry","category-general"],"_links":{"self":[{"href":"https:\/\/blocsenresidencia.bcn.cat\/20232024\/wp-json\/wp\/v2\/posts\/900","targetHints":{"allow":["GET"]}}],"collection":[{"href":"https:\/\/blocsenresidencia.bcn.cat\/20232024\/wp-json\/wp\/v2\/posts"}],"about":[{"href":"https:\/\/blocsenresidencia.bcn.cat\/20232024\/wp-json\/wp\/v2\/types\/post"}],"author":[{"embeddable":true,"href":"https:\/\/blocsenresidencia.bcn.cat\/20232024\/wp-json\/wp\/v2\/users\/5"}],"replies":[{"embeddable":true,"href":"https:\/\/blocsenresidencia.bcn.cat\/20232024\/wp-json\/wp\/v2\/comments?post=900"}],"version-history":[{"count":0,"href":"https:\/\/blocsenresidencia.bcn.cat\/20232024\/wp-json\/wp\/v2\/posts\/900\/revisions"}],"wp:attachment":[{"href":"https:\/\/blocsenresidencia.bcn.cat\/20232024\/wp-json\/wp\/v2\/media?parent=900"}],"wp:term":[{"taxonomy":"category","embeddable":true,"href":"https:\/\/blocsenresidencia.bcn.cat\/20232024\/wp-json\/wp\/v2\/categories?post=900"},{"taxonomy":"post_tag","embeddable":true,"href":"https:\/\/blocsenresidencia.bcn.cat\/20232024\/wp-json\/wp\/v2\/tags?post=900"}],"curies":[{"name":"wp","href":"https:\/\/api.w.org\/{rel}","templated":true}]}}