{"id":906,"date":"2023-12-30T13:10:05","date_gmt":"2023-12-30T11:10:05","guid":{"rendered":"https:\/\/blocsenresidencia.bcn.cat\/20232024\/2023\/12\/30\/tot-el-mon-es-artistaencara-que-no-ho-sapiga-i-encara-que-no-ho-vulgui\/"},"modified":"2023-12-30T13:10:05","modified_gmt":"2023-12-30T11:10:05","slug":"tot-el-mon-es-artistaencara-que-no-ho-sapiga-i-encara-que-no-ho-vulgui","status":"publish","type":"post","link":"https:\/\/blocsenresidencia.bcn.cat\/20232024\/2023\/12\/30\/tot-el-mon-es-artistaencara-que-no-ho-sapiga-i-encara-que-no-ho-vulgui\/","title":{"rendered":"TOT EL M\u00d3N \u00c9S ARTISTA(ENCARA QUE NO HO S\u00c0PIGA I ENCARA QUE NO HO VULGUI)"},"content":{"rendered":"<p>Des de <a href=\"https:\/\/blocsenresidencia.bcn.cat\/vallhebron2024\/todo-el-mundo-es-artistaaunque-no-lo-sepa-y-aunque-no-quiera\/\">Antonio Ortega EN RESiD\u00c8NCiA a l&#8217;Institut Vall d&#8217;Hebron<\/a><\/p>\n<div>\n<p>Aquesta frase va ser la primera que vam con\u00e8ixer de l\u2019Antonio Ortega quan la tutora ens va mostrar a classe el document que parlava d\u2019ell \u2026. ENS AGRADA AQUESTA IDEA!!!! Vol dir que nosaltres tamb\u00e9 ho som\u2026?????<\/p>\n<div class=\"wp-block-image\">\n<figure class=\"aligncenter size-large is-resized\"><img loading=\"lazy\" decoding=\"async\" width=\"768\" height=\"1024\" src=\"https:\/\/blocsenresidencia.bcn.cat\/vallhebron2024\/wp-content\/uploads\/2023\/12\/IMG_20230921_091658-1-768x1024.jpg\" alt=\"\" class=\"wp-image-306\" style=\"width:389px;height:auto\" srcset=\"https:\/\/blocsenresidencia.bcn.cat\/vallhebron2024\/wp-content\/uploads\/2023\/12\/IMG_20230921_091658-1-768x1024.jpg 768w, https:\/\/blocsenresidencia.bcn.cat\/vallhebron2024\/wp-content\/uploads\/2023\/12\/IMG_20230921_091658-1-225x300.jpg 225w, https:\/\/blocsenresidencia.bcn.cat\/vallhebron2024\/wp-content\/uploads\/2023\/12\/IMG_20230921_091658-1-1152x1536.jpg 1152w, https:\/\/blocsenresidencia.bcn.cat\/vallhebron2024\/wp-content\/uploads\/2023\/12\/IMG_20230921_091658-1-1536x2048.jpg 1536w, https:\/\/blocsenresidencia.bcn.cat\/vallhebron2024\/wp-content\/uploads\/2023\/12\/IMG_20230921_091658-1-scaled.jpg 1920w\" sizes=\"auto, (max-width: 767px) 89vw, (max-width: 1000px) 54vw, (max-width: 1071px) 543px, 580px\"><\/figure>\n<\/div>\n<\/div>\n","protected":false},"excerpt":{"rendered":"<p>Des de Antonio Ortega EN RESiD\u00c8NCiA a l&#8217;Institut Vall d&#8217;Hebron Aquesta frase va ser la primera que vam con\u00e8ixer de l\u2019Antonio Ortega quan la tutora ens va mostrar a classe el document que parlava d\u2019ell \u2026. ENS AGRADA AQUESTA IDEA!!!! Vol dir que nosaltres tamb\u00e9 ho som\u2026?????<\/p>\n","protected":false},"author":5,"featured_media":0,"comment_status":"closed","ping_status":"closed","sticky":false,"template":"","format":"standard","meta":{"footnotes":""},"categories":[1],"tags":[],"class_list":["post-906","post","type-post","status-publish","format-standard","hentry","category-general"],"_links":{"self":[{"href":"https:\/\/blocsenresidencia.bcn.cat\/20232024\/wp-json\/wp\/v2\/posts\/906","targetHints":{"allow":["GET"]}}],"collection":[{"href":"https:\/\/blocsenresidencia.bcn.cat\/20232024\/wp-json\/wp\/v2\/posts"}],"about":[{"href":"https:\/\/blocsenresidencia.bcn.cat\/20232024\/wp-json\/wp\/v2\/types\/post"}],"author":[{"embeddable":true,"href":"https:\/\/blocsenresidencia.bcn.cat\/20232024\/wp-json\/wp\/v2\/users\/5"}],"replies":[{"embeddable":true,"href":"https:\/\/blocsenresidencia.bcn.cat\/20232024\/wp-json\/wp\/v2\/comments?post=906"}],"version-history":[{"count":0,"href":"https:\/\/blocsenresidencia.bcn.cat\/20232024\/wp-json\/wp\/v2\/posts\/906\/revisions"}],"wp:attachment":[{"href":"https:\/\/blocsenresidencia.bcn.cat\/20232024\/wp-json\/wp\/v2\/media?parent=906"}],"wp:term":[{"taxonomy":"category","embeddable":true,"href":"https:\/\/blocsenresidencia.bcn.cat\/20232024\/wp-json\/wp\/v2\/categories?post=906"},{"taxonomy":"post_tag","embeddable":true,"href":"https:\/\/blocsenresidencia.bcn.cat\/20232024\/wp-json\/wp\/v2\/tags?post=906"}],"curies":[{"name":"wp","href":"https:\/\/api.w.org\/{rel}","templated":true}]}}