{"id":911,"date":"2024-01-01T20:26:19","date_gmt":"2024-01-01T18:26:19","guid":{"rendered":"https:\/\/blocsenresidencia.bcn.cat\/20232024\/2024\/01\/01\/el-teixit-sortint-del-teler\/"},"modified":"2024-01-01T20:26:19","modified_gmt":"2024-01-01T18:26:19","slug":"el-teixit-sortint-del-teler","status":"publish","type":"post","link":"https:\/\/blocsenresidencia.bcn.cat\/20232024\/2024\/01\/01\/el-teixit-sortint-del-teler\/","title":{"rendered":"El teixit sortint del teler"},"content":{"rendered":"<p>Des de <a href=\"https:\/\/blocsenresidencia.bcn.cat\/moli2024\/el-teixit-sortint-del-teler\/\">Mariona Ca\u00f1adas i Pedro Mur\u00faa EN RESiD\u00c8NCiA a l&#8217;Institut Escola El Mol\u00ed<\/a><\/p>\n<div>\n<figure class=\"wp-block-gallery has-nested-images columns-default is-cropped wp-block-gallery-3 is-layout-flex wp-block-gallery-is-layout-flex\">\n<figure class=\"wp-block-image size-large\"><img loading=\"lazy\" decoding=\"async\" width=\"1024\" height=\"685\" data-id=\"622\" src=\"https:\/\/blocsenresidencia.bcn.cat\/moli2024\/wp-content\/uploads\/2024\/01\/DSC_3747-1-1024x685.jpg\" alt=\"\" class=\"wp-image-622\" srcset=\"https:\/\/blocsenresidencia.bcn.cat\/moli2024\/wp-content\/uploads\/2024\/01\/DSC_3747-1-1024x685.jpg 1024w, https:\/\/blocsenresidencia.bcn.cat\/moli2024\/wp-content\/uploads\/2024\/01\/DSC_3747-1-300x201.jpg 300w, https:\/\/blocsenresidencia.bcn.cat\/moli2024\/wp-content\/uploads\/2024\/01\/DSC_3747-1-768x514.jpg 768w, https:\/\/blocsenresidencia.bcn.cat\/moli2024\/wp-content\/uploads\/2024\/01\/DSC_3747-1-1536x1028.jpg 1536w, https:\/\/blocsenresidencia.bcn.cat\/moli2024\/wp-content\/uploads\/2024\/01\/DSC_3747-1-2048x1371.jpg 2048w\" sizes=\"auto, (max-width: 767px) 89vw, (max-width: 1000px) 54vw, (max-width: 1071px) 543px, 580px\"><\/figure>\n<figure class=\"wp-block-image size-large\"><img loading=\"lazy\" decoding=\"async\" width=\"1024\" height=\"685\" data-id=\"623\" src=\"https:\/\/blocsenresidencia.bcn.cat\/moli2024\/wp-content\/uploads\/2024\/01\/DSC_3754-1-1024x685.jpg\" alt=\"\" class=\"wp-image-623\" srcset=\"https:\/\/blocsenresidencia.bcn.cat\/moli2024\/wp-content\/uploads\/2024\/01\/DSC_3754-1-1024x685.jpg 1024w, https:\/\/blocsenresidencia.bcn.cat\/moli2024\/wp-content\/uploads\/2024\/01\/DSC_3754-1-300x201.jpg 300w, https:\/\/blocsenresidencia.bcn.cat\/moli2024\/wp-content\/uploads\/2024\/01\/DSC_3754-1-768x514.jpg 768w, https:\/\/blocsenresidencia.bcn.cat\/moli2024\/wp-content\/uploads\/2024\/01\/DSC_3754-1-1536x1028.jpg 1536w, https:\/\/blocsenresidencia.bcn.cat\/moli2024\/wp-content\/uploads\/2024\/01\/DSC_3754-1-2048x1371.jpg 2048w\" sizes=\"auto, (max-width: 767px) 89vw, (max-width: 1000px) 54vw, (max-width: 1071px) 543px, 580px\"><\/figure>\n<\/figure>\n<div class=\"wp-block-media-text is-stacked-on-mobile\">\n<figure class=\"wp-block-media-text__media\"><video controls src=\"https:\/\/blocsenresidencia.bcn.cat\/moli2024\/wp-content\/uploads\/2024\/01\/teixit_sortint_del_teler.m4v\"><\/video><\/figure>\n<div class=\"wp-block-media-text__content\">\n<p class=\"has-text-align-left\">Aqu\u00ed tenim la pe\u00e7a en el moment d\u2019extreure-la del teler. La Mariona i el Pedro, despr\u00e9s de la nostra visita, van seguir  texint els fils de paper que encara ens quedaven, i el resultat \u00e9s impressionant!<\/p>\n<p class=\"has-text-align-left\">Reflexionant-hi plegats, hem pensat que hi ha moltes raons que ens la fan sentir especial. Pels materials i tot el proc\u00e9s que ha implicat la seva manipulaci\u00f3, pel col\u00b7leciu de mans, veus i decisions que li ha anat donant la forma que finalment t\u00e9. El Pedro ens assenyala que \u2018cont\u00e9 alguna cosa del viscut entre nosaltres d\u2019en\u00e7\u00e0 que vam comen\u00e7ar el projecte\u2019.  <\/p>\n<\/div>\n<\/div>\n<figure class=\"wp-block-image size-large\"><img loading=\"lazy\" decoding=\"async\" width=\"1024\" height=\"685\" src=\"https:\/\/blocsenresidencia.bcn.cat\/moli2024\/wp-content\/uploads\/2024\/01\/DSC_3785-1-1024x685.jpg\" alt=\"I encara m\u00e9s, en veure-la desplegada, en tocar-la, i apreciar-ne  les qualitats (\u00e9s consistent, lleugera...) ens evidencia el potencial pl\u00e0stic (arquitect\u00f2nic, escultoric...)  d'una  estructura tramada com aquesta! \" class=\"wp-image-637\" srcset=\"https:\/\/blocsenresidencia.bcn.cat\/moli2024\/wp-content\/uploads\/2024\/01\/DSC_3785-1-1024x685.jpg 1024w, https:\/\/blocsenresidencia.bcn.cat\/moli2024\/wp-content\/uploads\/2024\/01\/DSC_3785-1-300x201.jpg 300w, https:\/\/blocsenresidencia.bcn.cat\/moli2024\/wp-content\/uploads\/2024\/01\/DSC_3785-1-768x514.jpg 768w, https:\/\/blocsenresidencia.bcn.cat\/moli2024\/wp-content\/uploads\/2024\/01\/DSC_3785-1-1536x1028.jpg 1536w, https:\/\/blocsenresidencia.bcn.cat\/moli2024\/wp-content\/uploads\/2024\/01\/DSC_3785-1-2048x1371.jpg 2048w\" sizes=\"auto, (max-width: 767px) 89vw, (max-width: 1000px) 54vw, (max-width: 1071px) 543px, 580px\"><\/figure>\n<figure class=\"wp-block-gallery has-nested-images columns-default is-cropped wp-block-gallery-4 is-layout-flex wp-block-gallery-is-layout-flex\">\n<figure class=\"wp-block-image size-large\"><img loading=\"lazy\" decoding=\"async\" width=\"1024\" height=\"685\" data-id=\"645\" src=\"https:\/\/blocsenresidencia.bcn.cat\/moli2024\/wp-content\/uploads\/2024\/01\/DSC_3769-1024x685.jpg\" alt=\"\" class=\"wp-image-645\" srcset=\"https:\/\/blocsenresidencia.bcn.cat\/moli2024\/wp-content\/uploads\/2024\/01\/DSC_3769-1024x685.jpg 1024w, https:\/\/blocsenresidencia.bcn.cat\/moli2024\/wp-content\/uploads\/2024\/01\/DSC_3769-300x201.jpg 300w, https:\/\/blocsenresidencia.bcn.cat\/moli2024\/wp-content\/uploads\/2024\/01\/DSC_3769-768x514.jpg 768w, https:\/\/blocsenresidencia.bcn.cat\/moli2024\/wp-content\/uploads\/2024\/01\/DSC_3769-1536x1028.jpg 1536w, https:\/\/blocsenresidencia.bcn.cat\/moli2024\/wp-content\/uploads\/2024\/01\/DSC_3769-2048x1371.jpg 2048w\" sizes=\"auto, (max-width: 767px) 89vw, (max-width: 1000px) 54vw, (max-width: 1071px) 543px, 580px\"><\/figure>\n<figure class=\"wp-block-image size-large\"><img loading=\"lazy\" decoding=\"async\" width=\"685\" height=\"1024\" data-id=\"644\" src=\"https:\/\/blocsenresidencia.bcn.cat\/moli2024\/wp-content\/uploads\/2024\/01\/DSC_3778-1-685x1024.jpg\" alt=\"\" class=\"wp-image-644\" srcset=\"https:\/\/blocsenresidencia.bcn.cat\/moli2024\/wp-content\/uploads\/2024\/01\/DSC_3778-1-685x1024.jpg 685w, https:\/\/blocsenresidencia.bcn.cat\/moli2024\/wp-content\/uploads\/2024\/01\/DSC_3778-1-201x300.jpg 201w, https:\/\/blocsenresidencia.bcn.cat\/moli2024\/wp-content\/uploads\/2024\/01\/DSC_3778-1-768x1147.jpg 768w, https:\/\/blocsenresidencia.bcn.cat\/moli2024\/wp-content\/uploads\/2024\/01\/DSC_3778-1-1028x1536.jpg 1028w, https:\/\/blocsenresidencia.bcn.cat\/moli2024\/wp-content\/uploads\/2024\/01\/DSC_3778-1-1371x2048.jpg 1371w, https:\/\/blocsenresidencia.bcn.cat\/moli2024\/wp-content\/uploads\/2024\/01\/DSC_3778-1-scaled.jpg 1714w\" sizes=\"auto, (max-width: 685px) 100vw, 685px\"><\/figure>\n<\/figure>\n<p>En veure desplegat el teixit, en tocar-lo, i apreciar-ne  les qualitats (\u00e9s consistent i alhora lleuger\u2026) ens mostra el potencial pl\u00e0stic (arquitect\u00f2nic, escultoric\u2026)  d\u2019una  estructura tramada com aquesta! <\/p>\n<\/div>\n","protected":false},"excerpt":{"rendered":"<p>Des de Mariona Ca\u00f1adas i Pedro Mur\u00faa EN RESiD\u00c8NCiA a l&#8217;Institut Escola El Mol\u00ed Aqu\u00ed tenim la pe\u00e7a en el moment d\u2019extreure-la del teler. La Mariona i el Pedro, despr\u00e9s de la nostra visita, van seguir texint els fils de paper que encara ens quedaven, i el resultat \u00e9s impressionant! Reflexionant-hi plegats, hem pensat que &hellip; <\/p>\n<p class=\"link-more\"><a href=\"https:\/\/blocsenresidencia.bcn.cat\/20232024\/2024\/01\/01\/el-teixit-sortint-del-teler\/\" class=\"more-link\">Continua llegint <span class=\"screen-reader-text\">\u00abEl teixit sortint del teler\u00bb<\/span><\/a><\/p>\n","protected":false},"author":5,"featured_media":0,"comment_status":"closed","ping_status":"closed","sticky":false,"template":"","format":"standard","meta":{"footnotes":""},"categories":[1],"tags":[],"class_list":["post-911","post","type-post","status-publish","format-standard","hentry","category-general"],"_links":{"self":[{"href":"https:\/\/blocsenresidencia.bcn.cat\/20232024\/wp-json\/wp\/v2\/posts\/911","targetHints":{"allow":["GET"]}}],"collection":[{"href":"https:\/\/blocsenresidencia.bcn.cat\/20232024\/wp-json\/wp\/v2\/posts"}],"about":[{"href":"https:\/\/blocsenresidencia.bcn.cat\/20232024\/wp-json\/wp\/v2\/types\/post"}],"author":[{"embeddable":true,"href":"https:\/\/blocsenresidencia.bcn.cat\/20232024\/wp-json\/wp\/v2\/users\/5"}],"replies":[{"embeddable":true,"href":"https:\/\/blocsenresidencia.bcn.cat\/20232024\/wp-json\/wp\/v2\/comments?post=911"}],"version-history":[{"count":0,"href":"https:\/\/blocsenresidencia.bcn.cat\/20232024\/wp-json\/wp\/v2\/posts\/911\/revisions"}],"wp:attachment":[{"href":"https:\/\/blocsenresidencia.bcn.cat\/20232024\/wp-json\/wp\/v2\/media?parent=911"}],"wp:term":[{"taxonomy":"category","embeddable":true,"href":"https:\/\/blocsenresidencia.bcn.cat\/20232024\/wp-json\/wp\/v2\/categories?post=911"},{"taxonomy":"post_tag","embeddable":true,"href":"https:\/\/blocsenresidencia.bcn.cat\/20232024\/wp-json\/wp\/v2\/tags?post=911"}],"curies":[{"name":"wp","href":"https:\/\/api.w.org\/{rel}","templated":true}]}}