{"id":920,"date":"2024-01-07T22:52:56","date_gmt":"2024-01-07T20:52:56","guid":{"rendered":"https:\/\/blocsenresidencia.bcn.cat\/20232024\/2024\/01\/07\/que-estem-aprenent\/"},"modified":"2024-01-07T22:52:56","modified_gmt":"2024-01-07T20:52:56","slug":"que-estem-aprenent","status":"publish","type":"post","link":"https:\/\/blocsenresidencia.bcn.cat\/20232024\/2024\/01\/07\/que-estem-aprenent\/","title":{"rendered":"QU\u00c8 ESTEM APRENENT?"},"content":{"rendered":"<p>Des de <a href=\"https:\/\/blocsenresidencia.bcn.cat\/ribera2024\/que-estem-aprenent\/\">Rodrigo Lavi\u00f1a EN RESiD\u00c8NCiA a l&#8217;Institut La Ribera<\/a><\/p>\n<div>\n<p>El dilluns dia 4, la nostra tutora, Magn\u00f2lia, ens va preguntar<\/p>\n<p><em>\u201cQu\u00e8 esteu aprenent amb aquest projecte?\u201d<\/em><\/p>\n<p>Al principi, les idees van ser molt diferents, sense una idea principal ni pensant amb reflexi\u00f3. Vam decidir ajuntar-nos en grup i anar pensant el que realment estem aprenent. Aix\u00ed doncs, pensant, escrivint i llegint el que hav\u00edem posat en grans fulls, tots vam coincidir que est\u00e0vem aprenent a:<\/p>\n<p><em>\u201cMirar Montcada d\u2019un altre punt de vista\u201d<\/em><\/p>\n<ul>\n<li>Buscar i observar l\u2019art i la creativitat que ens envolta.<\/li>\n<li>Adonar-nos de qu\u00e8 hem de canviar llocs de Montcada.<\/li>\n<li>Expressar-nos de formes diferents.<\/li>\n<li>La hist\u00f2ria d\u2019alguns carrers de Montcada.\u00a0<\/li>\n<li>Normalitzar ambients hostils del nostre poble.<\/li>\n<li>Parlar m\u00e9s personalment del nostre interior, amb confian\u00e7a, <strong>com una fam\u00edlia.\u00a0<\/strong><\/li>\n<li>Que al llarg de la nostra vida, hav\u00edem recorregut a l\u2019art per expressar com ens sent\u00edem.<\/li>\n<\/ul>\n<p>Llavors, la tutora, ens va fer la segona pregunta:<\/p>\n<p><em>\u201cQu\u00e8 podeu aportar per En Resid\u00e8ncia?\u201d<\/em><\/p>\n<p>Vam respondre que nosaltres podem aportar moltes coses, nom\u00e9s que a vegades ens costa trobar-les, per\u00f2 amb aquesta sessi\u00f3, ens vam poder adonar de tot el que podem aportar:<\/p>\n<ul>\n<li>El fet de ser comprensius.<\/li>\n<li>La nostra capacitat per escoltar a la gent, adults i joves.<\/li>\n<li>El punt de vista d\u2019un adolescent.<\/li>\n<li>El nostre art.<\/li>\n<li>Els nostres coneixements.<\/li>\n<li>La t\u00e8cnica de socialitzar des de la valoraci\u00f3.<\/li>\n<li>L\u2019habilitat ling\u00fc\u00edstica com l\u2019escriptura.<\/li>\n<li>L\u2019habilitat art\u00edstica del dibuix.<\/li>\n<li>La nostra opini\u00f3.<\/li>\n<li>La nostra gr\u00e0cia enfront de la vida.<\/li>\n<li>La nostra felicitat.<\/li>\n<\/ul>\n<p>Tot aix\u00f2 que hem escrit \u00e9s del que estem prenent consci\u00e8ncia d\u2019haver apr\u00e8s i el que podem fer, amb tot, ens adonem que som molt m\u00e9s intel\u00b7ligents i creatius del que realment pens\u00e0vem.<strong> Nom\u00e9s cal adonar-se\u2019n i trobar el que podem aportar.<\/strong><\/p>\n<\/p>\n<\/div>\n","protected":false},"excerpt":{"rendered":"<p>Des de Rodrigo Lavi\u00f1a EN RESiD\u00c8NCiA a l&#8217;Institut La Ribera El dilluns dia 4, la nostra tutora, Magn\u00f2lia, ens va preguntar \u201cQu\u00e8 esteu aprenent amb aquest projecte?\u201d Al principi, les idees van ser molt diferents, sense una idea principal ni pensant amb reflexi\u00f3. Vam decidir ajuntar-nos en grup i anar pensant el que realment estem &hellip; <\/p>\n<p class=\"link-more\"><a href=\"https:\/\/blocsenresidencia.bcn.cat\/20232024\/2024\/01\/07\/que-estem-aprenent\/\" class=\"more-link\">Continua llegint <span class=\"screen-reader-text\">\u00abQU\u00c8 ESTEM APRENENT?\u00bb<\/span><\/a><\/p>\n","protected":false},"author":5,"featured_media":0,"comment_status":"closed","ping_status":"closed","sticky":false,"template":"","format":"standard","meta":{"footnotes":""},"categories":[1],"tags":[],"class_list":["post-920","post","type-post","status-publish","format-standard","hentry","category-general"],"_links":{"self":[{"href":"https:\/\/blocsenresidencia.bcn.cat\/20232024\/wp-json\/wp\/v2\/posts\/920","targetHints":{"allow":["GET"]}}],"collection":[{"href":"https:\/\/blocsenresidencia.bcn.cat\/20232024\/wp-json\/wp\/v2\/posts"}],"about":[{"href":"https:\/\/blocsenresidencia.bcn.cat\/20232024\/wp-json\/wp\/v2\/types\/post"}],"author":[{"embeddable":true,"href":"https:\/\/blocsenresidencia.bcn.cat\/20232024\/wp-json\/wp\/v2\/users\/5"}],"replies":[{"embeddable":true,"href":"https:\/\/blocsenresidencia.bcn.cat\/20232024\/wp-json\/wp\/v2\/comments?post=920"}],"version-history":[{"count":0,"href":"https:\/\/blocsenresidencia.bcn.cat\/20232024\/wp-json\/wp\/v2\/posts\/920\/revisions"}],"wp:attachment":[{"href":"https:\/\/blocsenresidencia.bcn.cat\/20232024\/wp-json\/wp\/v2\/media?parent=920"}],"wp:term":[{"taxonomy":"category","embeddable":true,"href":"https:\/\/blocsenresidencia.bcn.cat\/20232024\/wp-json\/wp\/v2\/categories?post=920"},{"taxonomy":"post_tag","embeddable":true,"href":"https:\/\/blocsenresidencia.bcn.cat\/20232024\/wp-json\/wp\/v2\/tags?post=920"}],"curies":[{"name":"wp","href":"https:\/\/api.w.org\/{rel}","templated":true}]}}