{"id":925,"date":"2024-01-08T22:17:53","date_gmt":"2024-01-08T20:17:53","guid":{"rendered":"https:\/\/blocsenresidencia.bcn.cat\/20232024\/2024\/01\/08\/excursio-al-museu-torre-balldovina\/"},"modified":"2024-01-08T22:17:53","modified_gmt":"2024-01-08T20:17:53","slug":"excursio-al-museu-torre-balldovina","status":"publish","type":"post","link":"https:\/\/blocsenresidencia.bcn.cat\/20232024\/2024\/01\/08\/excursio-al-museu-torre-balldovina\/","title":{"rendered":"Excursi\u00f3 al Museu Torre Balldovina"},"content":{"rendered":"<p>Des de <a href=\"https:\/\/blocsenresidencia.bcn.cat\/bastida2024\/excursio-al-museu-torre-balldovina\/\">Dom\u00e8nec EN RESiD\u00c8NCiA a l&#8217;Institut La Bastida<\/a><\/p>\n<div>\n<p>Amb el Dom\u00e8nec, vam anar a la torre\u00a0Balldovina\u00a0d\u2019excursi\u00f3.<\/p>\n<p>Un cop al museu ens van explicar d\u2019on sortia la torre, l\u2019origen, qu\u00e8 feien i d\u2019on sortia el nom. <\/p>\n<p>Primer vam entrar\u00a0a\u00a0un lloc on hi havia una\u00a0l\u00ednia\u00a0del temps explicant tot al llarg dels anys, que va fer que coneixessim tot el que havia passat i aix\u00ed situar-no ens el temps.<\/p>\n<p>Despr\u00e9s vam anar dins la torre i ens van explicar\u00a0per qu\u00e8\u00a0estava feta d\u2019aquella manera i\u00a0molts\u00a0m\u00e9s detalls per dins.<\/p>\n<p> Vam pujar al tercer pis i vam tornar a entrar a la torre. Ens van explicar com entraven i es defensaven\u00a0d\u2019atacants. En aquell mateix pis vam veure l\u2019armadura que utilitzaven quan anaven a la guerra, vam veure una maqueta que representava com es veia la torre i el\u00a0paisatge, anys\u00a0darrere, altre lloc del pis hi havia una esp\u00e8cie de muralla amb la fam\u00edlia Sagrera i ens van explicar que aquesta fam\u00edlia venia aqu\u00ed en l\u2019estiu de vacances.<\/p>\n<p>Finalment, vam entrar\u00a0a\u00a0un\u00a0b\u00fanquer\u00a0i ens van explicar l\u2019efecte de les bombes, les estrat\u00e8gies del\u00a0b\u00fanquer\u00a0i com\u00a0feien servir\u00a0les entrades.<\/p>\n<figure class=\"wp-block-image size-large\"><img fetchpriority=\"high\" decoding=\"async\" width=\"1024\" height=\"768\" src=\"https:\/\/blocsenresidencia.bcn.cat\/bastida2024\/wp-content\/uploads\/2024\/01\/20231102_125212-1024x768.jpg\" alt=\"\" class=\"wp-image-312\" srcset=\"https:\/\/blocsenresidencia.bcn.cat\/bastida2024\/wp-content\/uploads\/2024\/01\/20231102_125212-1024x768.jpg 1024w, https:\/\/blocsenresidencia.bcn.cat\/bastida2024\/wp-content\/uploads\/2024\/01\/20231102_125212-300x225.jpg 300w, https:\/\/blocsenresidencia.bcn.cat\/bastida2024\/wp-content\/uploads\/2024\/01\/20231102_125212-768x576.jpg 768w, https:\/\/blocsenresidencia.bcn.cat\/bastida2024\/wp-content\/uploads\/2024\/01\/20231102_125212-1536x1152.jpg 1536w, https:\/\/blocsenresidencia.bcn.cat\/bastida2024\/wp-content\/uploads\/2024\/01\/20231102_125212-2048x1536.jpg 2048w\" sizes=\"(max-width: 767px) 89vw, (max-width: 1000px) 54vw, (max-width: 1071px) 543px, 580px\"><\/figure>\n<figure class=\"wp-block-image size-large\"><img loading=\"lazy\" decoding=\"async\" width=\"1024\" height=\"768\" src=\"https:\/\/blocsenresidencia.bcn.cat\/bastida2024\/wp-content\/uploads\/2024\/01\/20231102_125852-1024x768.jpg\" alt=\"\" class=\"wp-image-313\" srcset=\"https:\/\/blocsenresidencia.bcn.cat\/bastida2024\/wp-content\/uploads\/2024\/01\/20231102_125852-1024x768.jpg 1024w, https:\/\/blocsenresidencia.bcn.cat\/bastida2024\/wp-content\/uploads\/2024\/01\/20231102_125852-300x225.jpg 300w, https:\/\/blocsenresidencia.bcn.cat\/bastida2024\/wp-content\/uploads\/2024\/01\/20231102_125852-768x576.jpg 768w, https:\/\/blocsenresidencia.bcn.cat\/bastida2024\/wp-content\/uploads\/2024\/01\/20231102_125852-1536x1152.jpg 1536w, https:\/\/blocsenresidencia.bcn.cat\/bastida2024\/wp-content\/uploads\/2024\/01\/20231102_125852-2048x1536.jpg 2048w\" sizes=\"auto, (max-width: 767px) 89vw, (max-width: 1000px) 54vw, (max-width: 1071px) 543px, 580px\"><\/figure>\n<figure class=\"wp-block-image size-large\"><img loading=\"lazy\" decoding=\"async\" width=\"1024\" height=\"768\" src=\"https:\/\/blocsenresidencia.bcn.cat\/bastida2024\/wp-content\/uploads\/2024\/01\/1699988812734-1024x768.jpg\" alt=\"\" class=\"wp-image-314\" srcset=\"https:\/\/blocsenresidencia.bcn.cat\/bastida2024\/wp-content\/uploads\/2024\/01\/1699988812734-1024x768.jpg 1024w, https:\/\/blocsenresidencia.bcn.cat\/bastida2024\/wp-content\/uploads\/2024\/01\/1699988812734-300x225.jpg 300w, https:\/\/blocsenresidencia.bcn.cat\/bastida2024\/wp-content\/uploads\/2024\/01\/1699988812734-768x576.jpg 768w, https:\/\/blocsenresidencia.bcn.cat\/bastida2024\/wp-content\/uploads\/2024\/01\/1699988812734-1536x1152.jpg 1536w, https:\/\/blocsenresidencia.bcn.cat\/bastida2024\/wp-content\/uploads\/2024\/01\/1699988812734-2048x1536.jpg 2048w\" sizes=\"auto, (max-width: 767px) 89vw, (max-width: 1000px) 54vw, (max-width: 1071px) 543px, 580px\"><\/figure>\n<figure class=\"wp-block-image size-large\"><img loading=\"lazy\" decoding=\"async\" width=\"1024\" height=\"768\" src=\"https:\/\/blocsenresidencia.bcn.cat\/bastida2024\/wp-content\/uploads\/2024\/01\/1699988812760-1024x768.jpg\" alt=\"\" class=\"wp-image-315\" srcset=\"https:\/\/blocsenresidencia.bcn.cat\/bastida2024\/wp-content\/uploads\/2024\/01\/1699988812760-1024x768.jpg 1024w, https:\/\/blocsenresidencia.bcn.cat\/bastida2024\/wp-content\/uploads\/2024\/01\/1699988812760-300x225.jpg 300w, https:\/\/blocsenresidencia.bcn.cat\/bastida2024\/wp-content\/uploads\/2024\/01\/1699988812760-768x576.jpg 768w, https:\/\/blocsenresidencia.bcn.cat\/bastida2024\/wp-content\/uploads\/2024\/01\/1699988812760-1536x1152.jpg 1536w, https:\/\/blocsenresidencia.bcn.cat\/bastida2024\/wp-content\/uploads\/2024\/01\/1699988812760-2048x1536.jpg 2048w\" sizes=\"auto, (max-width: 767px) 89vw, (max-width: 1000px) 54vw, (max-width: 1071px) 543px, 580px\"><\/figure>\n<\/div>\n","protected":false},"excerpt":{"rendered":"<p>Des de Dom\u00e8nec EN RESiD\u00c8NCiA a l&#8217;Institut La Bastida Amb el Dom\u00e8nec, vam anar a la torre\u00a0Balldovina\u00a0d\u2019excursi\u00f3. Un cop al museu ens van explicar d\u2019on sortia la torre, l\u2019origen, qu\u00e8 feien i d\u2019on sortia el nom. Primer vam entrar\u00a0a\u00a0un lloc on hi havia una\u00a0l\u00ednia\u00a0del temps explicant tot al llarg dels anys, que va fer que &hellip; <\/p>\n<p class=\"link-more\"><a href=\"https:\/\/blocsenresidencia.bcn.cat\/20232024\/2024\/01\/08\/excursio-al-museu-torre-balldovina\/\" class=\"more-link\">Continua llegint <span class=\"screen-reader-text\">\u00abExcursi\u00f3 al Museu Torre Balldovina\u00bb<\/span><\/a><\/p>\n","protected":false},"author":5,"featured_media":0,"comment_status":"closed","ping_status":"closed","sticky":false,"template":"","format":"standard","meta":{"footnotes":""},"categories":[1],"tags":[],"class_list":["post-925","post","type-post","status-publish","format-standard","hentry","category-general"],"_links":{"self":[{"href":"https:\/\/blocsenresidencia.bcn.cat\/20232024\/wp-json\/wp\/v2\/posts\/925","targetHints":{"allow":["GET"]}}],"collection":[{"href":"https:\/\/blocsenresidencia.bcn.cat\/20232024\/wp-json\/wp\/v2\/posts"}],"about":[{"href":"https:\/\/blocsenresidencia.bcn.cat\/20232024\/wp-json\/wp\/v2\/types\/post"}],"author":[{"embeddable":true,"href":"https:\/\/blocsenresidencia.bcn.cat\/20232024\/wp-json\/wp\/v2\/users\/5"}],"replies":[{"embeddable":true,"href":"https:\/\/blocsenresidencia.bcn.cat\/20232024\/wp-json\/wp\/v2\/comments?post=925"}],"version-history":[{"count":0,"href":"https:\/\/blocsenresidencia.bcn.cat\/20232024\/wp-json\/wp\/v2\/posts\/925\/revisions"}],"wp:attachment":[{"href":"https:\/\/blocsenresidencia.bcn.cat\/20232024\/wp-json\/wp\/v2\/media?parent=925"}],"wp:term":[{"taxonomy":"category","embeddable":true,"href":"https:\/\/blocsenresidencia.bcn.cat\/20232024\/wp-json\/wp\/v2\/categories?post=925"},{"taxonomy":"post_tag","embeddable":true,"href":"https:\/\/blocsenresidencia.bcn.cat\/20232024\/wp-json\/wp\/v2\/tags?post=925"}],"curies":[{"name":"wp","href":"https:\/\/api.w.org\/{rel}","templated":true}]}}