{"id":930,"date":"2024-01-10T18:11:49","date_gmt":"2024-01-10T16:11:49","guid":{"rendered":"https:\/\/blocsenresidencia.bcn.cat\/20232024\/2024\/01\/10\/primers-contactes\/"},"modified":"2024-01-10T18:11:49","modified_gmt":"2024-01-10T16:11:49","slug":"primers-contactes","status":"publish","type":"post","link":"https:\/\/blocsenresidencia.bcn.cat\/20232024\/2024\/01\/10\/primers-contactes\/","title":{"rendered":"Primers contactes"},"content":{"rendered":"<p>Des de <a href=\"https:\/\/blocsenresidencia.bcn.cat\/jaumebalmes2024\/primers-contactes\/\">Nadia Hafid EN RESiD\u00c8NCiA a l&#8217;Institut Jaume Balmes<\/a><\/p>\n<div>\n<figure class=\"wp-block-image size-large\"><img fetchpriority=\"high\" decoding=\"async\" width=\"1024\" height=\"552\" src=\"https:\/\/blocsenresidencia.bcn.cat\/jaumebalmes2024\/wp-content\/uploads\/2023\/11\/Imagen1-1024x552.jpg\" alt=\"\" class=\"wp-image-300\" srcset=\"https:\/\/blocsenresidencia.bcn.cat\/jaumebalmes2024\/wp-content\/uploads\/2023\/11\/Imagen1-1024x552.jpg 1024w, https:\/\/blocsenresidencia.bcn.cat\/jaumebalmes2024\/wp-content\/uploads\/2023\/11\/Imagen1-300x162.jpg 300w, https:\/\/blocsenresidencia.bcn.cat\/jaumebalmes2024\/wp-content\/uploads\/2023\/11\/Imagen1-768x414.jpg 768w, https:\/\/blocsenresidencia.bcn.cat\/jaumebalmes2024\/wp-content\/uploads\/2023\/11\/Imagen1.jpg 1500w\" sizes=\"(max-width: 767px) 89vw, (max-width: 1000px) 54vw, (max-width: 1071px) 543px, 580px\"><\/figure>\n<p>Durant les primeres setmanes, la Nadia planteja a l\u2019alumnat explorar diferents q\u00fcestions que tenen a veure amb la construcci\u00f3 de la nostra identitat. \u201cMoure el mobiliari de classe entre totes per tal de crear un espai en el qual es pugui donar la conversa i el di\u00e0leg d\u2019una manera org\u00e0nica\u2026 Preguntar-se entre totes qu\u00e8 creiem que farem, com, perqu\u00e8 fem aix\u00f2\u2026 Entendre diferents maneres de comunicar i expressar idees. Parlar de nosaltres mitjan\u00e7ant els altres\u2026 Parlar de nosaltres mitjan\u00e7ant els nostres gustos, interessos\u2026\u201d. Una de les accions que es desplega \u00e9s <em>Referentsboard<\/em> on cada alumna tria imatges de referents que tenen en l\u2019\u00e0mbit creatiu (m\u00fasica, cinema, c\u00f2mics, llibres\u2026), i despr\u00e9s es posa en com\u00fa el perqu\u00e8 de la tria, el perqu\u00e8 parlen de nosaltres.<\/p>\n<figure class=\"wp-block-gallery has-nested-images columns-2 is-cropped wp-block-gallery-1 is-layout-flex wp-block-gallery-is-layout-flex\">\n<figure class=\"wp-block-image size-large\"><img loading=\"lazy\" decoding=\"async\" width=\"1024\" height=\"768\" data-id=\"302\" src=\"https:\/\/blocsenresidencia.bcn.cat\/jaumebalmes2024\/wp-content\/uploads\/2023\/11\/2-1024x768.jpg\" alt=\"\" class=\"wp-image-302\" srcset=\"https:\/\/blocsenresidencia.bcn.cat\/jaumebalmes2024\/wp-content\/uploads\/2023\/11\/2-1024x768.jpg 1024w, https:\/\/blocsenresidencia.bcn.cat\/jaumebalmes2024\/wp-content\/uploads\/2023\/11\/2-300x225.jpg 300w, https:\/\/blocsenresidencia.bcn.cat\/jaumebalmes2024\/wp-content\/uploads\/2023\/11\/2-768x576.jpg 768w, https:\/\/blocsenresidencia.bcn.cat\/jaumebalmes2024\/wp-content\/uploads\/2023\/11\/2-1536x1152.jpg 1536w, https:\/\/blocsenresidencia.bcn.cat\/jaumebalmes2024\/wp-content\/uploads\/2023\/11\/2-2048x1536.jpg 2048w\" sizes=\"auto, (max-width: 767px) 89vw, (max-width: 1000px) 54vw, (max-width: 1071px) 543px, 580px\"><\/figure>\n<figure class=\"wp-block-image size-large\"><img loading=\"lazy\" decoding=\"async\" width=\"1024\" height=\"768\" data-id=\"301\" src=\"https:\/\/blocsenresidencia.bcn.cat\/jaumebalmes2024\/wp-content\/uploads\/2023\/11\/3-1024x768.jpg\" alt=\"\" class=\"wp-image-301\" srcset=\"https:\/\/blocsenresidencia.bcn.cat\/jaumebalmes2024\/wp-content\/uploads\/2023\/11\/3-1024x768.jpg 1024w, https:\/\/blocsenresidencia.bcn.cat\/jaumebalmes2024\/wp-content\/uploads\/2023\/11\/3-300x225.jpg 300w, https:\/\/blocsenresidencia.bcn.cat\/jaumebalmes2024\/wp-content\/uploads\/2023\/11\/3-768x576.jpg 768w, https:\/\/blocsenresidencia.bcn.cat\/jaumebalmes2024\/wp-content\/uploads\/2023\/11\/3-1536x1152.jpg 1536w, https:\/\/blocsenresidencia.bcn.cat\/jaumebalmes2024\/wp-content\/uploads\/2023\/11\/3-2048x1536.jpg 2048w\" sizes=\"auto, (max-width: 767px) 89vw, (max-width: 1000px) 54vw, (max-width: 1071px) 543px, 580px\"><\/figure>\n<figure class=\"wp-block-image size-large\"><img loading=\"lazy\" decoding=\"async\" width=\"1024\" height=\"768\" data-id=\"303\" src=\"https:\/\/blocsenresidencia.bcn.cat\/jaumebalmes2024\/wp-content\/uploads\/2023\/11\/4-1024x768.jpg\" alt=\"\" class=\"wp-image-303\" srcset=\"https:\/\/blocsenresidencia.bcn.cat\/jaumebalmes2024\/wp-content\/uploads\/2023\/11\/4-1024x768.jpg 1024w, https:\/\/blocsenresidencia.bcn.cat\/jaumebalmes2024\/wp-content\/uploads\/2023\/11\/4-300x225.jpg 300w, https:\/\/blocsenresidencia.bcn.cat\/jaumebalmes2024\/wp-content\/uploads\/2023\/11\/4-768x576.jpg 768w, https:\/\/blocsenresidencia.bcn.cat\/jaumebalmes2024\/wp-content\/uploads\/2023\/11\/4-1536x1152.jpg 1536w, https:\/\/blocsenresidencia.bcn.cat\/jaumebalmes2024\/wp-content\/uploads\/2023\/11\/4-2048x1536.jpg 2048w\" sizes=\"auto, (max-width: 767px) 89vw, (max-width: 1000px) 54vw, (max-width: 1071px) 543px, 580px\"><\/figure>\n<figure class=\"wp-block-image size-large\"><img loading=\"lazy\" decoding=\"async\" width=\"1024\" height=\"768\" data-id=\"304\" src=\"https:\/\/blocsenresidencia.bcn.cat\/jaumebalmes2024\/wp-content\/uploads\/2023\/11\/5-1024x768.jpg\" alt=\"\" class=\"wp-image-304\" srcset=\"https:\/\/blocsenresidencia.bcn.cat\/jaumebalmes2024\/wp-content\/uploads\/2023\/11\/5-1024x768.jpg 1024w, https:\/\/blocsenresidencia.bcn.cat\/jaumebalmes2024\/wp-content\/uploads\/2023\/11\/5-300x225.jpg 300w, https:\/\/blocsenresidencia.bcn.cat\/jaumebalmes2024\/wp-content\/uploads\/2023\/11\/5-768x576.jpg 768w, https:\/\/blocsenresidencia.bcn.cat\/jaumebalmes2024\/wp-content\/uploads\/2023\/11\/5-1536x1152.jpg 1536w, https:\/\/blocsenresidencia.bcn.cat\/jaumebalmes2024\/wp-content\/uploads\/2023\/11\/5-2048x1536.jpg 2048w\" sizes=\"auto, (max-width: 767px) 89vw, (max-width: 1000px) 54vw, (max-width: 1071px) 543px, 580px\"><\/figure><figcaption class=\"blocks-gallery-caption wp-element-caption\">Sessi\u00f3 a l\u2019institut Jaume Balmes. 03\/10\/2023<\/figcaption><\/figure>\n<div style=\"height:25px\" aria-hidden=\"true\" class=\"wp-block-spacer\"><\/div>\n<figure class=\"wp-block-image size-large\"><img loading=\"lazy\" decoding=\"async\" width=\"1024\" height=\"552\" src=\"https:\/\/blocsenresidencia.bcn.cat\/jaumebalmes2024\/wp-content\/uploads\/2023\/11\/Imagen3-1024x552.jpg\" alt=\"\" class=\"wp-image-308\" srcset=\"https:\/\/blocsenresidencia.bcn.cat\/jaumebalmes2024\/wp-content\/uploads\/2023\/11\/Imagen3-1024x552.jpg 1024w, https:\/\/blocsenresidencia.bcn.cat\/jaumebalmes2024\/wp-content\/uploads\/2023\/11\/Imagen3-300x162.jpg 300w, https:\/\/blocsenresidencia.bcn.cat\/jaumebalmes2024\/wp-content\/uploads\/2023\/11\/Imagen3-768x414.jpg 768w, https:\/\/blocsenresidencia.bcn.cat\/jaumebalmes2024\/wp-content\/uploads\/2023\/11\/Imagen3.jpg 1500w\" sizes=\"auto, (max-width: 767px) 89vw, (max-width: 1000px) 54vw, (max-width: 1071px) 543px, 580px\"><\/figure>\n<p>La visita a l\u2019exposici\u00f3 <a href=\"https:\/\/ajuntament.barcelona.cat\/lavirreina\/ca\/LeedsAnimationWorkshop\"><em>Leeds Animation Workshop<\/em><\/a>  possibilita compartir entre l\u2019artista i l\u2019alumnat referents, temes i problem\u00e0tiques actuals (sexisme, crisi de l\u2019habitatge, contaminaci\u00f3 ambiental, problemes en l\u2019\u00e0mbit laboral\u2026), i maneres de fer en la pr\u00e0ctica del curtmetratge i els films d\u2019animaci\u00f3.<\/p>\n<p>\u201c\u00c9s una exposici\u00f3 amb molt material per observar i tinc el dubte de si seran capa\u00e7os de centrar-se, parar-se i mirar. El fet \u00e9s que reaccionen de manera desigual. Alguns d\u2019ells busquen les animacions que per algun motiu els interpel\u00b7len i s\u2019asseuen a veure-les durant els 10\u2019 que poden durar: altres van saltant entre imatges i pantalles\u2026 Per totes, l\u2019exposici\u00f3 resulta xocant. El tipus d\u2019animaci\u00f3 que les autores fan servir (t\u00e8cnica cl\u00e0ssica, dibuixant frame a frame sobre acetat) els sorpr\u00e8n i en cert sentit els disgusta. Comparada amb el que estan habituades a veure est\u00e0 clar que els resulta massa barruera, i la il\u00b7lustraci\u00f3 d\u2019un aire massa infantil. No obstant, comprenen que els temes que es tracten s\u00f3n adults i de plena actualitat\u2026 La conversa que s\u2019ha generat al voltant de l\u2019exposici\u00f3 quan hem anat a fer un caf\u00e8 plegats ha estat rica i participativa, expressant els seus dubtes i els seus punts de vista\u201d. (Eva Mateo, docent)<\/p>\n<figure class=\"wp-block-image size-large\"><img loading=\"lazy\" decoding=\"async\" width=\"1024\" height=\"594\" src=\"https:\/\/blocsenresidencia.bcn.cat\/jaumebalmes2024\/wp-content\/uploads\/2023\/11\/Imagen1-1-1024x594.jpg\" alt=\"\" class=\"wp-image-331\" srcset=\"https:\/\/blocsenresidencia.bcn.cat\/jaumebalmes2024\/wp-content\/uploads\/2023\/11\/Imagen1-1-1024x594.jpg 1024w, https:\/\/blocsenresidencia.bcn.cat\/jaumebalmes2024\/wp-content\/uploads\/2023\/11\/Imagen1-1-300x174.jpg 300w, https:\/\/blocsenresidencia.bcn.cat\/jaumebalmes2024\/wp-content\/uploads\/2023\/11\/Imagen1-1-768x445.jpg 768w, https:\/\/blocsenresidencia.bcn.cat\/jaumebalmes2024\/wp-content\/uploads\/2023\/11\/Imagen1-1.jpg 1500w\" sizes=\"auto, (max-width: 767px) 89vw, (max-width: 1000px) 54vw, (max-width: 1071px) 543px, 580px\"><\/figure>\n<figure class=\"wp-block-gallery has-nested-images columns-2 is-cropped wp-block-gallery-2 is-layout-flex wp-block-gallery-is-layout-flex\">\n<figure class=\"wp-block-image size-large\"><img loading=\"lazy\" decoding=\"async\" width=\"1024\" height=\"768\" data-id=\"311\" src=\"https:\/\/blocsenresidencia.bcn.cat\/jaumebalmes2024\/wp-content\/uploads\/2023\/11\/IMG_20231010_121739-1024x768.jpg\" alt=\"\" class=\"wp-image-311\" srcset=\"https:\/\/blocsenresidencia.bcn.cat\/jaumebalmes2024\/wp-content\/uploads\/2023\/11\/IMG_20231010_121739-1024x768.jpg 1024w, https:\/\/blocsenresidencia.bcn.cat\/jaumebalmes2024\/wp-content\/uploads\/2023\/11\/IMG_20231010_121739-300x225.jpg 300w, https:\/\/blocsenresidencia.bcn.cat\/jaumebalmes2024\/wp-content\/uploads\/2023\/11\/IMG_20231010_121739-768x576.jpg 768w, https:\/\/blocsenresidencia.bcn.cat\/jaumebalmes2024\/wp-content\/uploads\/2023\/11\/IMG_20231010_121739-1536x1152.jpg 1536w, https:\/\/blocsenresidencia.bcn.cat\/jaumebalmes2024\/wp-content\/uploads\/2023\/11\/IMG_20231010_121739-2048x1536.jpg 2048w\" sizes=\"auto, (max-width: 767px) 89vw, (max-width: 1000px) 54vw, (max-width: 1071px) 543px, 580px\"><\/figure>\n<figure class=\"wp-block-image size-large\"><img loading=\"lazy\" decoding=\"async\" width=\"1024\" height=\"768\" data-id=\"323\" src=\"https:\/\/blocsenresidencia.bcn.cat\/jaumebalmes2024\/wp-content\/uploads\/2023\/11\/IMG_20231010_121820-1024x768.jpg\" alt=\"\" class=\"wp-image-323\" srcset=\"https:\/\/blocsenresidencia.bcn.cat\/jaumebalmes2024\/wp-content\/uploads\/2023\/11\/IMG_20231010_121820-1024x768.jpg 1024w, https:\/\/blocsenresidencia.bcn.cat\/jaumebalmes2024\/wp-content\/uploads\/2023\/11\/IMG_20231010_121820-300x225.jpg 300w, https:\/\/blocsenresidencia.bcn.cat\/jaumebalmes2024\/wp-content\/uploads\/2023\/11\/IMG_20231010_121820-768x576.jpg 768w, https:\/\/blocsenresidencia.bcn.cat\/jaumebalmes2024\/wp-content\/uploads\/2023\/11\/IMG_20231010_121820-1536x1152.jpg 1536w, https:\/\/blocsenresidencia.bcn.cat\/jaumebalmes2024\/wp-content\/uploads\/2023\/11\/IMG_20231010_121820-2048x1536.jpg 2048w\" sizes=\"auto, (max-width: 767px) 89vw, (max-width: 1000px) 54vw, (max-width: 1071px) 543px, 580px\"><\/figure>\n<figure class=\"wp-block-image size-large\"><img loading=\"lazy\" decoding=\"async\" width=\"1024\" height=\"768\" data-id=\"328\" src=\"https:\/\/blocsenresidencia.bcn.cat\/jaumebalmes2024\/wp-content\/uploads\/2023\/11\/IMG_20231010_122446-1024x768.jpg\" alt=\"\" class=\"wp-image-328\" srcset=\"https:\/\/blocsenresidencia.bcn.cat\/jaumebalmes2024\/wp-content\/uploads\/2023\/11\/IMG_20231010_122446-1024x768.jpg 1024w, https:\/\/blocsenresidencia.bcn.cat\/jaumebalmes2024\/wp-content\/uploads\/2023\/11\/IMG_20231010_122446-300x225.jpg 300w, https:\/\/blocsenresidencia.bcn.cat\/jaumebalmes2024\/wp-content\/uploads\/2023\/11\/IMG_20231010_122446-768x576.jpg 768w, https:\/\/blocsenresidencia.bcn.cat\/jaumebalmes2024\/wp-content\/uploads\/2023\/11\/IMG_20231010_122446-1536x1152.jpg 1536w, https:\/\/blocsenresidencia.bcn.cat\/jaumebalmes2024\/wp-content\/uploads\/2023\/11\/IMG_20231010_122446-2048x1536.jpg 2048w\" sizes=\"auto, (max-width: 767px) 89vw, (max-width: 1000px) 54vw, (max-width: 1071px) 543px, 580px\"><\/figure>\n<figure class=\"wp-block-image size-large\"><img loading=\"lazy\" decoding=\"async\" width=\"1024\" height=\"768\" data-id=\"329\" src=\"https:\/\/blocsenresidencia.bcn.cat\/jaumebalmes2024\/wp-content\/uploads\/2023\/11\/b-1-1024x768.jpg\" alt=\"\" class=\"wp-image-329\" srcset=\"https:\/\/blocsenresidencia.bcn.cat\/jaumebalmes2024\/wp-content\/uploads\/2023\/11\/b-1-1024x768.jpg 1024w, https:\/\/blocsenresidencia.bcn.cat\/jaumebalmes2024\/wp-content\/uploads\/2023\/11\/b-1-300x225.jpg 300w, https:\/\/blocsenresidencia.bcn.cat\/jaumebalmes2024\/wp-content\/uploads\/2023\/11\/b-1-768x576.jpg 768w, https:\/\/blocsenresidencia.bcn.cat\/jaumebalmes2024\/wp-content\/uploads\/2023\/11\/b-1-1536x1152.jpg 1536w, https:\/\/blocsenresidencia.bcn.cat\/jaumebalmes2024\/wp-content\/uploads\/2023\/11\/b-1-2048x1536.jpg 2048w\" sizes=\"auto, (max-width: 767px) 89vw, (max-width: 1000px) 54vw, (max-width: 1071px) 543px, 580px\"><\/figure>\n<\/figure>\n<figure class=\"wp-block-gallery has-nested-images columns-default is-cropped wp-block-gallery-3 is-layout-flex wp-block-gallery-is-layout-flex\">\n<figure class=\"wp-block-image size-large\"><img loading=\"lazy\" decoding=\"async\" width=\"768\" height=\"1024\" data-id=\"322\" src=\"https:\/\/blocsenresidencia.bcn.cat\/jaumebalmes2024\/wp-content\/uploads\/2023\/11\/IMG_20231010_121718-768x1024.jpg\" alt=\"\" class=\"wp-image-322\" srcset=\"https:\/\/blocsenresidencia.bcn.cat\/jaumebalmes2024\/wp-content\/uploads\/2023\/11\/IMG_20231010_121718-768x1024.jpg 768w, https:\/\/blocsenresidencia.bcn.cat\/jaumebalmes2024\/wp-content\/uploads\/2023\/11\/IMG_20231010_121718-225x300.jpg 225w, https:\/\/blocsenresidencia.bcn.cat\/jaumebalmes2024\/wp-content\/uploads\/2023\/11\/IMG_20231010_121718-1152x1536.jpg 1152w, https:\/\/blocsenresidencia.bcn.cat\/jaumebalmes2024\/wp-content\/uploads\/2023\/11\/IMG_20231010_121718-1536x2048.jpg 1536w, https:\/\/blocsenresidencia.bcn.cat\/jaumebalmes2024\/wp-content\/uploads\/2023\/11\/IMG_20231010_121718-scaled.jpg 1920w\" sizes=\"auto, (max-width: 767px) 89vw, (max-width: 1000px) 54vw, (max-width: 1071px) 543px, 580px\"><\/figure>\n<figure class=\"wp-block-image size-large\"><img loading=\"lazy\" decoding=\"async\" width=\"768\" height=\"1024\" data-id=\"313\" src=\"https:\/\/blocsenresidencia.bcn.cat\/jaumebalmes2024\/wp-content\/uploads\/2023\/11\/IMG_20231010_130708-768x1024.jpg\" alt=\"\" class=\"wp-image-313\" srcset=\"https:\/\/blocsenresidencia.bcn.cat\/jaumebalmes2024\/wp-content\/uploads\/2023\/11\/IMG_20231010_130708-768x1024.jpg 768w, https:\/\/blocsenresidencia.bcn.cat\/jaumebalmes2024\/wp-content\/uploads\/2023\/11\/IMG_20231010_130708-225x300.jpg 225w, https:\/\/blocsenresidencia.bcn.cat\/jaumebalmes2024\/wp-content\/uploads\/2023\/11\/IMG_20231010_130708-1152x1536.jpg 1152w, https:\/\/blocsenresidencia.bcn.cat\/jaumebalmes2024\/wp-content\/uploads\/2023\/11\/IMG_20231010_130708-1536x2048.jpg 1536w, https:\/\/blocsenresidencia.bcn.cat\/jaumebalmes2024\/wp-content\/uploads\/2023\/11\/IMG_20231010_130708-scaled.jpg 1920w\" sizes=\"auto, (max-width: 767px) 89vw, (max-width: 1000px) 54vw, (max-width: 1071px) 543px, 580px\"><\/figure><figcaption class=\"blocks-gallery-caption wp-element-caption\">Visita a La Virreina Centre de la Imatge. 10\/10\/2023<\/figcaption><\/figure>\n<div style=\"height:25px\" aria-hidden=\"true\" class=\"wp-block-spacer\"><\/div>\n<figure class=\"wp-block-image size-large\"><img loading=\"lazy\" decoding=\"async\" width=\"1024\" height=\"552\" src=\"https:\/\/blocsenresidencia.bcn.cat\/jaumebalmes2024\/wp-content\/uploads\/2023\/11\/Imagen4-1024x552.jpg\" alt=\"\" class=\"wp-image-320\" srcset=\"https:\/\/blocsenresidencia.bcn.cat\/jaumebalmes2024\/wp-content\/uploads\/2023\/11\/Imagen4-1024x552.jpg 1024w, https:\/\/blocsenresidencia.bcn.cat\/jaumebalmes2024\/wp-content\/uploads\/2023\/11\/Imagen4-300x162.jpg 300w, https:\/\/blocsenresidencia.bcn.cat\/jaumebalmes2024\/wp-content\/uploads\/2023\/11\/Imagen4-768x414.jpg 768w, https:\/\/blocsenresidencia.bcn.cat\/jaumebalmes2024\/wp-content\/uploads\/2023\/11\/Imagen4.jpg 1500w\" sizes=\"auto, (max-width: 767px) 89vw, (max-width: 1000px) 54vw, (max-width: 1071px) 543px, 580px\"><\/figure>\n<p>En una altra sessi\u00f3, despr\u00e9s de visualitzar uns documentals sobre artistes contemporanis,  es realitza una pluja d\u2019idees entorn de qu\u00e8 vol dir ser artista i de qu\u00e8 parlem quan parlem de processos de creaci\u00f3.<\/p>\n<figure class=\"wp-block-embed is-type-video is-provider-youtube wp-block-embed-youtube wp-embed-aspect-16-9 wp-has-aspect-ratio\">\n<div class=\"wp-block-embed__wrapper\">\n<iframe loading=\"lazy\" title=\"Joiri Minaya's Pattern Making | Art21 &quot;New York Close Up&quot;\" width=\"525\" height=\"295\" src=\"https:\/\/www.youtube.com\/embed\/C4TynN_xvkE?feature=oembed\" frameborder=\"0\" allow=\"accelerometer; autoplay; clipboard-write; encrypted-media; gyroscope; picture-in-picture; web-share\" allowfullscreen><\/iframe>\n<\/div>\n<\/figure>\n<p>\u201cEn el primer cas, l\u2019artista era una dona dels Estats Units d\u2019origen llat\u00ed. Entre els seus referents estaven el contrast amb la llum i el color del seu lloc d\u2019origen i les t\u00e8cniques lligades a les dones, les estampacions i la costura. Hi apareixen el fer i el desfer i la finitud de l\u2019obra\u201d. (Eva Mateo, docent)<\/p>\n<figure class=\"wp-block-embed is-type-video is-provider-youtube wp-block-embed-youtube wp-embed-aspect-16-9 wp-has-aspect-ratio\">\n<div class=\"wp-block-embed__wrapper\">\n<iframe loading=\"lazy\" title='Aki Sasamoto: An Artist Walks into a Bar | Art21 \"New York Close Up\"' width=\"525\" height=\"295\" src=\"https:\/\/www.youtube.com\/embed\/ceaf1vosJPw?feature=oembed\" frameborder=\"0\" allow=\"accelerometer; autoplay; clipboard-write; encrypted-media; gyroscope; picture-in-picture; web-share\" allowfullscreen><\/iframe>\n<\/div>\n<\/figure>\n<p>\u201cLa segona artista \u00e9s d\u2019origen asi\u00e0tic i mostra la seva obra relacionada amb el fet de beure, amb les relacions lligades a l\u2019alcohol, el bar com a lloc on pensar i debatre. Mostra com tot aix\u00f2 es converteix en una instal\u00b7laci\u00f3 i la inauguraci\u00f3 de l\u2019exposici\u00f3 a la galeria com un happening on els assistents s\u00f3n part de l\u2019obra\u201d.<\/p>\n<figure class=\"wp-block-embed is-type-video is-provider-youtube wp-block-embed-youtube wp-embed-aspect-16-9 wp-has-aspect-ratio\">\n<div class=\"wp-block-embed__wrapper\">\n<iframe loading=\"lazy\" title=\"Abstract: The Art of Design | Christoph Niemann: Illustration | FULL EPISODE | Netflix\" width=\"525\" height=\"295\" src=\"https:\/\/www.youtube.com\/embed\/q_k8fVNzbGU?feature=oembed\" frameborder=\"0\" allow=\"accelerometer; autoplay; clipboard-write; encrypted-media; gyroscope; picture-in-picture; web-share\" allowfullscreen><\/iframe>\n<\/div>\n<\/figure>\n<p>\u201cAl tercer video hi surt un il\u00b7lustrador. La seva feina est\u00e0 lligada a enc\u00e0rrecs que rep per publicacions importants; elabora el tema sense perdre la seva personalitat com dibuixant. El seu treball es desenvolupa a un taller que s\u2019assembla a un despatx i explica com ha establert un horari regular\u201d.<\/p>\n<p>\u201cEls v\u00eddeos van estar b\u00e9 i entretinguts, ens van ajudar a comprendre el proc\u00e9s i la dedicaci\u00f3 de les obres i veure la import\u00e0ncia de fer b\u00e9 cada pas, ja que dep\u00e8n de com si nom\u00e9s mostres el resultat final, no ho mires de la mateixa manera si tamb\u00e9 hi ha un v\u00eddeo del proc\u00e9s, perqu\u00e8 cada pas per arribar a l\u2019obra final, tamb\u00e9 \u00e9s art i tamb\u00e9 forma part de la creaci\u00f3 de l\u2019obra\u201d. (Olivia, alumna)<\/p>\n<\/div>\n","protected":false},"excerpt":{"rendered":"<p>Des de Nadia Hafid EN RESiD\u00c8NCiA a l&#8217;Institut Jaume Balmes Durant les primeres setmanes, la Nadia planteja a l\u2019alumnat explorar diferents q\u00fcestions que tenen a veure amb la construcci\u00f3 de la nostra identitat. \u201cMoure el mobiliari de classe entre totes per tal de crear un espai en el qual es pugui donar la conversa i &hellip; <\/p>\n<p class=\"link-more\"><a href=\"https:\/\/blocsenresidencia.bcn.cat\/20232024\/2024\/01\/10\/primers-contactes\/\" class=\"more-link\">Continua llegint <span class=\"screen-reader-text\">\u00abPrimers contactes\u00bb<\/span><\/a><\/p>\n","protected":false},"author":5,"featured_media":0,"comment_status":"closed","ping_status":"closed","sticky":false,"template":"","format":"standard","meta":{"footnotes":""},"categories":[1],"tags":[],"class_list":["post-930","post","type-post","status-publish","format-standard","hentry","category-general"],"_links":{"self":[{"href":"https:\/\/blocsenresidencia.bcn.cat\/20232024\/wp-json\/wp\/v2\/posts\/930","targetHints":{"allow":["GET"]}}],"collection":[{"href":"https:\/\/blocsenresidencia.bcn.cat\/20232024\/wp-json\/wp\/v2\/posts"}],"about":[{"href":"https:\/\/blocsenresidencia.bcn.cat\/20232024\/wp-json\/wp\/v2\/types\/post"}],"author":[{"embeddable":true,"href":"https:\/\/blocsenresidencia.bcn.cat\/20232024\/wp-json\/wp\/v2\/users\/5"}],"replies":[{"embeddable":true,"href":"https:\/\/blocsenresidencia.bcn.cat\/20232024\/wp-json\/wp\/v2\/comments?post=930"}],"version-history":[{"count":0,"href":"https:\/\/blocsenresidencia.bcn.cat\/20232024\/wp-json\/wp\/v2\/posts\/930\/revisions"}],"wp:attachment":[{"href":"https:\/\/blocsenresidencia.bcn.cat\/20232024\/wp-json\/wp\/v2\/media?parent=930"}],"wp:term":[{"taxonomy":"category","embeddable":true,"href":"https:\/\/blocsenresidencia.bcn.cat\/20232024\/wp-json\/wp\/v2\/categories?post=930"},{"taxonomy":"post_tag","embeddable":true,"href":"https:\/\/blocsenresidencia.bcn.cat\/20232024\/wp-json\/wp\/v2\/tags?post=930"}],"curies":[{"name":"wp","href":"https:\/\/api.w.org\/{rel}","templated":true}]}}