{"id":942,"date":"2024-01-17T13:00:04","date_gmt":"2024-01-17T11:00:04","guid":{"rendered":"https:\/\/blocsenresidencia.bcn.cat\/20232024\/2024\/01\/17\/sessio-7\/"},"modified":"2024-01-17T13:00:04","modified_gmt":"2024-01-17T11:00:04","slug":"sessio-7","status":"publish","type":"post","link":"https:\/\/blocsenresidencia.bcn.cat\/20232024\/2024\/01\/17\/sessio-7\/","title":{"rendered":"Sessi\u00f3 7"},"content":{"rendered":"<p>Des de <a href=\"https:\/\/blocsenresidencia.bcn.cat\/antaviana2024\/sessio-7\/\">Si los martes fueran viernes EN RESiD\u00c8NCiA a l\u2019Institut Escola Antaviana<\/a><\/p>\n<div>\n<p class=\"has-text-align-left\">En aquesta sessi\u00f3 hem pujat a l\u2019\u00c0gora com de costum. Hi havia la Valentina i la Milagros,  i com sempre,  hem escalfat movent-nos per la sala : hav\u00edem d\u2019escalfar el cos i,  despr\u00e9s d\u2019escalfar el cos hav\u00edem d\u2019escalfar l\u2019espai. Escalfar l\u2019espai significa que ens hem de moure per tot l\u2019espai on treballem l\u2019optativa, es a dir, l\u2019\u00c0gora. No podem deixar cap rac\u00f3 sense moure\u2019ns-hi.  Despr\u00e9s hem fet un exercici en qu\u00e8 hav\u00edem de moure\u2019ns per tota la sala i passar entre dues persones.  Quan la Milagros o la Valentina deien nivell 0,  hav\u00edem de llen\u00e7ar-nos a terra i despla\u00e7ar-nos pel terra.  Amb diferents nivells, al nivell 1: molt a prop del terra, per\u00f2 sense arrossegar-nos-hi,  al nivell 2: en un nivell mitj\u00e0 i al nivell 3: gaireb\u00e9 totalment de peu.  Tamb\u00e9 hem repetit l\u2019exercici de despla\u00e7ar-nos per la sala passant entre dues persones,  per\u00f2 cap al final de l\u2019exercici els professors han comen\u00e7at a limitar l\u2019espai per on ens pod\u00edem moure: no pod\u00edem creuar aquests l\u00edmits i tampoc pod\u00edem tocar-nos ni parlar.<\/p>\n<p class=\"has-text-align-left\">Tamb\u00e9 hem fet el joc de les est\u00e0tues,  per\u00f2 aquesta vegada quan ens mov\u00edem no ens ass\u00e8iem sin\u00f3 que ens tomb\u00e0vem a terra,  fent-nos els morts.<\/p>\n<p class=\"has-text-align-left\">Aquesta ha sigut la classe d\u2019avui.<\/p>\n<\/p>\n<\/div>\n","protected":false},"excerpt":{"rendered":"<p>Des de Si los martes fueran viernes EN RESiD\u00c8NCiA a l\u2019Institut Escola Antaviana En aquesta sessi\u00f3 hem pujat a l\u2019\u00c0gora com de costum. Hi havia la Valentina i la Milagros, i com sempre, hem escalfat movent-nos per la sala : hav\u00edem d\u2019escalfar el cos i, despr\u00e9s d\u2019escalfar el cos hav\u00edem d\u2019escalfar l\u2019espai. Escalfar l\u2019espai significa &hellip; <\/p>\n<p class=\"link-more\"><a href=\"https:\/\/blocsenresidencia.bcn.cat\/20232024\/2024\/01\/17\/sessio-7\/\" class=\"more-link\">Continua llegint <span class=\"screen-reader-text\">\u00abSessi\u00f3 7\u00bb<\/span><\/a><\/p>\n","protected":false},"author":5,"featured_media":0,"comment_status":"closed","ping_status":"closed","sticky":false,"template":"","format":"standard","meta":{"footnotes":""},"categories":[1],"tags":[],"class_list":["post-942","post","type-post","status-publish","format-standard","hentry","category-general"],"_links":{"self":[{"href":"https:\/\/blocsenresidencia.bcn.cat\/20232024\/wp-json\/wp\/v2\/posts\/942","targetHints":{"allow":["GET"]}}],"collection":[{"href":"https:\/\/blocsenresidencia.bcn.cat\/20232024\/wp-json\/wp\/v2\/posts"}],"about":[{"href":"https:\/\/blocsenresidencia.bcn.cat\/20232024\/wp-json\/wp\/v2\/types\/post"}],"author":[{"embeddable":true,"href":"https:\/\/blocsenresidencia.bcn.cat\/20232024\/wp-json\/wp\/v2\/users\/5"}],"replies":[{"embeddable":true,"href":"https:\/\/blocsenresidencia.bcn.cat\/20232024\/wp-json\/wp\/v2\/comments?post=942"}],"version-history":[{"count":0,"href":"https:\/\/blocsenresidencia.bcn.cat\/20232024\/wp-json\/wp\/v2\/posts\/942\/revisions"}],"wp:attachment":[{"href":"https:\/\/blocsenresidencia.bcn.cat\/20232024\/wp-json\/wp\/v2\/media?parent=942"}],"wp:term":[{"taxonomy":"category","embeddable":true,"href":"https:\/\/blocsenresidencia.bcn.cat\/20232024\/wp-json\/wp\/v2\/categories?post=942"},{"taxonomy":"post_tag","embeddable":true,"href":"https:\/\/blocsenresidencia.bcn.cat\/20232024\/wp-json\/wp\/v2\/tags?post=942"}],"curies":[{"name":"wp","href":"https:\/\/api.w.org\/{rel}","templated":true}]}}